{"id":11485,"date":"2025-11-28T22:44:54","date_gmt":"2025-11-29T01:44:54","guid":{"rendered":"https:\/\/focotocantinense.com.br\/?p=11485"},"modified":"2025-11-28T22:44:55","modified_gmt":"2025-11-29T01:44:55","slug":"lancamento-do-livro-poetas-do-xodo-movimenta-tocantinia-e-incentiva-alunos-para-a-arte-da-producao-literaria","status":"publish","type":"post","link":"https:\/\/focotocantinense.com.br\/?p=11485","title":{"rendered":"Lan\u00e7amento do livro Poetas do Xod\u00f3 movimenta Tocant\u00ednia e incentiva alunos para a arte da produ\u00e7\u00e3o liter\u00e1ria"},"content":{"rendered":"\n<p><strong>Por Magdalena Lemos<\/strong><\/p>\n\n\n\n<p>Reunindo trabalhos autorais dos alunos do projeto da Eletiva de Poetas do Xod\u00f3 sob a orienta\u00e7\u00e3o do professor e poeta Andr\u00e9 Goveia, Tocant\u00ednia viveu um momento diferenciado na manh\u00e3 desta sexta-feira, 28, com a realiza\u00e7\u00e3o de uma festa liter\u00e1ria que movimentou a cidade e os amantes das letras.<\/p>\n\n\n\n<p>O&nbsp; CEFYA &#8211; Centro Estadual Educacional F\u00e9 e Alegria Frei Ant\u00f4nio, promoveu um grande evento liter\u00e1rio para lan\u00e7ar o livro Poetas do Xod\u00f3:- Escritores de F\u00e9 e Alegria, uma antologia liter\u00e1ria, publicada pela Editora Veloso,&nbsp; que re\u00fane trabalhos&nbsp; selecionados&nbsp; dessa unidade escolar, sob&nbsp; a coordena\u00e7\u00e3o do professor Andr\u00e9 Goveia.<\/p>\n\n\n\n<figure class=\"wp-block-image is-resized\"><a href=\"https:\/\/blogger.googleusercontent.com\/img\/b\/R29vZ2xl\/AVvXsEgrtS-52II1FKaDqSMBcPa94dUCKjQu3eHOg6BJTeVrABoqAxHoxSxfw2ChtfTWU36G5W7wxIbysIcWJDHaD2EPegXUbhFqdJ7QgmkFepISuW0uWbR-qPoxgh6w8LbQgoYyD2dQ_IBGceLwMaX_kp-2j2eBoodc0m1Q8_knZrwoKUCkfO-qO66QH76f8Bid\/s2048\/2%20%20%20O%20poeta%20Zacarias%20Martins%20fala%20sobre%20a%20import%C3%A2ncia%20do%20%20lan%C3%A7amento%20do%20livro%20Poetas%20do%20Xod%C3%B3%20-%20Foto%20Divulga%C3%A7%C3%A3o.jpeg\"><img decoding=\"async\" src=\"https:\/\/blogger.googleusercontent.com\/img\/b\/R29vZ2xl\/AVvXsEgrtS-52II1FKaDqSMBcPa94dUCKjQu3eHOg6BJTeVrABoqAxHoxSxfw2ChtfTWU36G5W7wxIbysIcWJDHaD2EPegXUbhFqdJ7QgmkFepISuW0uWbR-qPoxgh6w8LbQgoYyD2dQ_IBGceLwMaX_kp-2j2eBoodc0m1Q8_knZrwoKUCkfO-qO66QH76f8Bid\/w530-h298\/2%20%20%20O%20poeta%20Zacarias%20Martins%20fala%20sobre%20a%20import%C3%A2ncia%20do%20%20lan%C3%A7amento%20do%20livro%20Poetas%20do%20Xod%C3%B3%20-%20Foto%20Divulga%C3%A7%C3%A3o.jpeg\" alt=\"\" style=\"width:401px;height:auto\"\/><\/a><\/figure>\n\n\n\n<p><strong><em>O poeta e jornalista Zacarias Martins \u00e9 quem assina&nbsp; &nbsp;a apresenta\u00e7\u00e3o da obra considerada um marco para a&nbsp; &nbsp;educa\u00e7\u00e3o e a cultura no munic\u00edpio de Tocant\u00ednia.<\/em><\/strong><\/p>\n\n\n\n<p><strong>Conquista<\/strong><\/p>\n\n\n\n<p>A arte de ler e escrever est\u00e1 inspirando muitos estudantes, entre eles, Dorisneide Duity de Sousa Xerente, 15 anos, que tem trabalhos no livro e que conquistou o 1\u00ba lugar no Pr\u00eamio Internacional do Movimento de Educa\u00e7\u00e3o Popular Integral e Promo\u00e7\u00e3o Social F\u00e9 e Alegria, competi\u00e7\u00e3o que reuniu cria\u00e7\u00f5es de estudantes de 20 pa\u00edses. Dorisneide Duity venceu na categoria contos, com um texto que retrata a realidade de meninas ind\u00edgenas que deixam suas aldeias para estudar nas cidades, enfrentando desafios culturais e emocionais.<\/p>\n\n\n\n<figure class=\"wp-block-image is-resized\"><a href=\"https:\/\/blogger.googleusercontent.com\/img\/b\/R29vZ2xl\/AVvXsEiRgtN5JzUKKOPh-BgVjMqMVxylylfSOXRp-0KjSe20fty_bcjwcEksdscSBfC51lRWo7nqDluzty1E1boM5IX-__lIW6lBvUEJQay9qaf3Za99Rjcmsr3FoLyA0vOED5qAhDLcZUm6bLatBMallMh1-k_JTZhyphenhyphenCoT4LL-r5p_l0yWC3Xk7MKR3S0f4zTcr\/s2048\/3%20%20Lan%C3%A7amento%20do%20livro%20Poetas%20do%20Xod%C3%B3%20-%20Foto%20Divulga%C3%A7%C3%A3o.jpeg\"><img decoding=\"async\" src=\"https:\/\/blogger.googleusercontent.com\/img\/b\/R29vZ2xl\/AVvXsEiRgtN5JzUKKOPh-BgVjMqMVxylylfSOXRp-0KjSe20fty_bcjwcEksdscSBfC51lRWo7nqDluzty1E1boM5IX-__lIW6lBvUEJQay9qaf3Za99Rjcmsr3FoLyA0vOED5qAhDLcZUm6bLatBMallMh1-k_JTZhyphenhyphenCoT4LL-r5p_l0yWC3Xk7MKR3S0f4zTcr\/w523-h294\/3%20%20Lan%C3%A7amento%20do%20livro%20Poetas%20do%20Xod%C3%B3%20-%20Foto%20Divulga%C3%A7%C3%A3o.jpeg\" alt=\"\" style=\"width:840px;height:auto\"\/><\/a><\/figure>\n\n\n\n<p><strong><em>O lan\u00e7amento da obra Poetas do Xod\u00f3 &#8211;\u00a0Escritores de F\u00e9 e Alegria<\/em><\/strong>,\u00a0<strong><em>\u00a0 foi bastante concorrido e se transformou numa grande festa liter\u00e1ria em Tocant\u00ednia<\/em><\/strong><\/p>\n\n\n\n<p><strong>Objetivo<\/strong><\/p>\n\n\n\n<p>Idealizador dessa iniciativa, Andr\u00e9 Goveia explica que&nbsp; o projeto Poetas do Xod\u00f3 tem o objetivo de aproximar os estudantes da leitura e da escrita, promovendo o protagonismo juvenil e a valoriza\u00e7\u00e3o da cultura regional.&nbsp;<\/p>\n\n\n\n<p>\u201cPor meio do projeto s\u00e3o realizadas atividades oficinas de leituras, de produ\u00e7\u00f5es de textos e saraus liter\u00e1rios. E desta forma, os estudantes v\u00e3o se identificando com os diversos g\u00eaneros liter\u00e1rios e desenvolvendo o pensamento cr\u00edtico\u201d, frisou o professor.<\/p>\n\n\n\n<figure class=\"wp-block-image is-resized\"><a href=\"https:\/\/blogger.googleusercontent.com\/img\/b\/R29vZ2xl\/AVvXsEg4_RCx2yMmhSRcJKKBONZMD_p6T82jXo9hWq6Hc0RMqAMHFvhDicjRkCNjq-yMF0Vd44ER8jcDwTqiecTHaqlSYQJEm5WG2kwDMFXbY6GTrfTggLQP3bGg8G24aURnCen2lQcvnB6F4Yb5IDwmnlbkD_gxDTXpviJP0XibB_TXLMY27Wu_XCeF0j7X5H_U\/s2048\/6%20%20Lan%C3%A7amento%20do%20livro%20Poetas%20do%20Xod%C3%B3%20-%20Foto%20Divulga%C3%A7%C3%A3o.jpeg\"><img decoding=\"async\" src=\"https:\/\/blogger.googleusercontent.com\/img\/b\/R29vZ2xl\/AVvXsEg4_RCx2yMmhSRcJKKBONZMD_p6T82jXo9hWq6Hc0RMqAMHFvhDicjRkCNjq-yMF0Vd44ER8jcDwTqiecTHaqlSYQJEm5WG2kwDMFXbY6GTrfTggLQP3bGg8G24aURnCen2lQcvnB6F4Yb5IDwmnlbkD_gxDTXpviJP0XibB_TXLMY27Wu_XCeF0j7X5H_U\/w519-h292\/6%20%20Lan%C3%A7amento%20do%20livro%20Poetas%20do%20Xod%C3%B3%20-%20Foto%20Divulga%C3%A7%C3%A3o.jpeg\" alt=\"\" style=\"width:840px;height:auto\"\/><\/a><\/figure>\n\n\n\n<p><strong>A escritora Irma Galhardo tamb\u00e9m levou a sua mensagem de incentivo aos jovens escritores<\/strong><\/p>\n\n\n\n<p><strong>Um marco<\/strong><\/p>\n\n\n\n<p>A gestora do CEFYA Frei Ant\u00f4nio, Rosimar Neres de Sousa Oliveira, disse que a publica\u00e7\u00e3o desse livro \u00e9 um marco para a escola e para a comunidade, pois reafirma que a educa\u00e7\u00e3o a qual defende, \u00e9 viva, transformadora e capaz de revelar vozes que inspiram, emocionam e ensinam.<\/p>\n\n\n\n<p>Ela tamb\u00e9m parabenizou o professor Andr\u00e9 Goveia pela iniciativa desse projeto. \u201cAgradecemos ao professor Andr\u00e9 Goveia&nbsp; pelo empenho, pela dedica\u00e7\u00e3o&nbsp; e pela&nbsp; vis\u00e3o pedag\u00f3gica que permitiram a realiza\u00e7\u00e3o desse projeto t\u00e3o&nbsp; grandioso. Seu trabalho tem iluminado caminhos, despertando talentos em nossa escola e fortalecendo o protagonismo juvenil.&nbsp; Sinto imenso orgulho de sua trajet\u00f3ria de vida at\u00e9 aqui\u201d, destacou a gestora.<\/p>\n\n\n\n<figure class=\"wp-block-image is-resized\"><a href=\"https:\/\/blogger.googleusercontent.com\/img\/b\/R29vZ2xl\/AVvXsEjXy8tAe1IZaBR8PAekfb6QOfWvhvm5PtaFSvXNKBEjxm5HcUuLeMpzPx13nE4vv_xX2HvrxlW1FfEI7YQAwirYKUBsPWRiES1Z7z4bIr1b3DTWTvcQMQr0sJFLqSTeJ9250F061HGDx-HNhVKbq8L_t4ZBBzeuBn5N-xVt7POyfBbSc8VlYxVOjEp5TSrE\/s2048\/12%20%20%20Lan%C3%A7amento%20do%20livro%20Poetas%20do%20Xod%C3%B3%20-%20Foto%20Divulga%C3%A7%C3%A3o.jpeg\"><img decoding=\"async\" src=\"https:\/\/blogger.googleusercontent.com\/img\/b\/R29vZ2xl\/AVvXsEjXy8tAe1IZaBR8PAekfb6QOfWvhvm5PtaFSvXNKBEjxm5HcUuLeMpzPx13nE4vv_xX2HvrxlW1FfEI7YQAwirYKUBsPWRiES1Z7z4bIr1b3DTWTvcQMQr0sJFLqSTeJ9250F061HGDx-HNhVKbq8L_t4ZBBzeuBn5N-xVt7POyfBbSc8VlYxVOjEp5TSrE\/w494-h278\/12%20%20%20Lan%C3%A7amento%20do%20livro%20Poetas%20do%20Xod%C3%B3%20-%20Foto%20Divulga%C3%A7%C3%A3o.jpeg\" alt=\"\" style=\"width:840px;height:auto\"\/><\/a><\/figure>\n\n\n\n<p><strong><em>O poeta e professor Andr\u00e9 Goveia, coordenou, com maestria, o projeto qu originou a publica\u00e7\u00e3o&nbsp; do livro com trabalhos dos alunos.<\/em><\/strong><\/p>\n\n\n\n<p><strong>Mais Parab\u00e9ns<\/strong><\/p>\n\n\n\n<p>J\u00e1 o prefeito Jo\u00e3o Alberto ressaltou o profissionalismo a compet\u00eancia profissional do professor Andr\u00e9 Goveia, lembrando que ele j\u00e1 fez parte da equipe de seu governo.&nbsp; Tamb\u00e9m fez quest\u00e3o de parabenizar os jovens autores que participam dessa obra que marcar\u00e1 positivamente, para sempre, a vida desses alunos.<\/p>\n\n\n\n<figure class=\"wp-block-image is-resized\"><a href=\"https:\/\/blogger.googleusercontent.com\/img\/b\/R29vZ2xl\/AVvXsEi_Ng0Jk3ucgnSTutiYX2Mcdt1-dbrJyju5naU6MKhZkEpvEke-GxNlkksGuDtLVmKxBQsd8jaXv7LlW4gnQ6VOM5F2qMXUNrg8UhS16EDjmSRZcP_xNYYxCQqPkDuzTj6keo4uupbmv4QHZY6ma8M-op8XuZTTZoEoGw9OAXBCOrJNAucIQKHP08r5mErv\/s2048\/11%20%20Lan%C3%A7amento%20do%20livro%20Poetas%20do%20Xod%C3%B3%20-%20Foto%20Divulga%C3%A7%C3%A3o.jpeg\"><img decoding=\"async\" src=\"https:\/\/blogger.googleusercontent.com\/img\/b\/R29vZ2xl\/AVvXsEi_Ng0Jk3ucgnSTutiYX2Mcdt1-dbrJyju5naU6MKhZkEpvEke-GxNlkksGuDtLVmKxBQsd8jaXv7LlW4gnQ6VOM5F2qMXUNrg8UhS16EDjmSRZcP_xNYYxCQqPkDuzTj6keo4uupbmv4QHZY6ma8M-op8XuZTTZoEoGw9OAXBCOrJNAucIQKHP08r5mErv\/w498-h280\/11%20%20Lan%C3%A7amento%20do%20livro%20Poetas%20do%20Xod%C3%B3%20-%20Foto%20Divulga%C3%A7%C3%A3o.jpeg\" alt=\"\" style=\"width:840px;height:auto\"\/><\/a><\/figure>\n\n\n\n<p><strong><em>O prefeito da cidade, Jo\u00e3o Alberto, fez quest\u00e3o de prestigiar o acontecimento.<\/em><\/strong><\/p>\n\n\n\n<p><strong>Presen\u00e7as ilustres<\/strong><\/p>\n\n\n\n<p>A festa liter\u00e1ria contou com a presen\u00e7a de figuras ilustres da literatura Tocantinense, como o festejado poeta, jornalista e ativista cultural Zacarias Martins, que \u00e9 membro-fundador da Academia Tocantinense de Letras (ATL), que representou a presidente da entidade, a escritora Mary S\u00f4nia Matos Valadares. Martins tamb\u00e9m \u00e9 membro-fundador da Academia Gurupiense de Letras (AGL) e autor de v\u00e1rios livros publicados.<\/p>\n\n\n\n<p>Tamb\u00e9m fizeram quest\u00e3o de prestigiar o acontecimento, a escritora e contadora de hist\u00f3rias, Irma Galhardo, o escritor Orion Milhomem Ribeiro, presidente da Academia Palmense de Letras (APL), al\u00e9m&nbsp; de&nbsp; Helena Alves de Amorim, representando a fam\u00edlia do fundador inspirador da obra liter\u00e1ria Monsenhor Pedro Pereira Piagem, o prefeito da cidade, Jo\u00e3o Alberto e outras autoridades.<\/p>\n\n\n\n<figure class=\"wp-block-image is-resized\"><a href=\"https:\/\/blogger.googleusercontent.com\/img\/b\/R29vZ2xl\/AVvXsEi3r6MNq8APLyS_8b8vir_Sb9XBTjyw1O5Fc6b3KdUAIB3EDJAPV04p22LIjQGb88GsZYktiev0sb1YsBPIrdxtI98vIgOcsIpjV-OIS-lIDw-o1XvDn3UDqRIHSV4PIpRkYwrzSYOiAwDIaqsEQ7OfdfZbO9hpSNNgICSVBqdiAWb9lFfujtISHlbD0Khu\/s2048\/7%20%20Lan%C3%A7amento%20do%20livro%20Poetas%20do%20Xod%C3%B3%20-%20Foto%20Divulga%C3%A7%C3%A3o.jpeg\"><img decoding=\"async\" src=\"https:\/\/blogger.googleusercontent.com\/img\/b\/R29vZ2xl\/AVvXsEi3r6MNq8APLyS_8b8vir_Sb9XBTjyw1O5Fc6b3KdUAIB3EDJAPV04p22LIjQGb88GsZYktiev0sb1YsBPIrdxtI98vIgOcsIpjV-OIS-lIDw-o1XvDn3UDqRIHSV4PIpRkYwrzSYOiAwDIaqsEQ7OfdfZbO9hpSNNgICSVBqdiAWb9lFfujtISHlbD0Khu\/w525-h295\/7%20%20Lan%C3%A7amento%20do%20livro%20Poetas%20do%20Xod%C3%B3%20-%20Foto%20Divulga%C3%A7%C3%A3o.jpeg\" alt=\"\" style=\"width:840px;height:auto\"\/><\/a><\/figure>\n\n\n\n<p><strong><em>O escritor Orion Milhomem, presidenta da Academia Palmense de Letras, tamb\u00e9m deixou o seu recado para o&nbsp; alunos escritores<\/em><\/strong><\/p>\n","protected":false},"excerpt":{"rendered":"<p>Por Magdalena Lemos Reunindo trabalhos autorais dos alunos do projeto da Eletiva de Poetas do Xod\u00f3 sob a orienta\u00e7\u00e3o do professor e poeta Andr\u00e9 Goveia, Tocant\u00ednia viveu um momento diferenciado na manh\u00e3 desta sexta-feira, 28, com a realiza\u00e7\u00e3o de uma festa liter\u00e1ria que movimentou a cidade e os amantes das letras. O&nbsp; CEFYA &#8211; Centro &hellip;<\/p>\n","protected":false},"author":5,"featured_media":11486,"comment_status":"open","ping_status":"open","sticky":false,"template":"","format":"standard","meta":{"footnotes":""},"categories":[1],"tags":[],"class_list":["post-11485","post","type-post","status-publish","format-standard","has-post-thumbnail","","category-sem-categoria"],"_links":{"self":[{"href":"https:\/\/focotocantinense.com.br\/index.php?rest_route=\/wp\/v2\/posts\/11485","targetHints":{"allow":["GET"]}}],"collection":[{"href":"https:\/\/focotocantinense.com.br\/index.php?rest_route=\/wp\/v2\/posts"}],"about":[{"href":"https:\/\/focotocantinense.com.br\/index.php?rest_route=\/wp\/v2\/types\/post"}],"author":[{"embeddable":true,"href":"https:\/\/focotocantinense.com.br\/index.php?rest_route=\/wp\/v2\/users\/5"}],"replies":[{"embeddable":true,"href":"https:\/\/focotocantinense.com.br\/index.php?rest_route=%2Fwp%2Fv2%2Fcomments&post=11485"}],"version-history":[{"count":1,"href":"https:\/\/focotocantinense.com.br\/index.php?rest_route=\/wp\/v2\/posts\/11485\/revisions"}],"predecessor-version":[{"id":11487,"href":"https:\/\/focotocantinense.com.br\/index.php?rest_route=\/wp\/v2\/posts\/11485\/revisions\/11487"}],"wp:featuredmedia":[{"embeddable":true,"href":"https:\/\/focotocantinense.com.br\/index.php?rest_route=\/wp\/v2\/media\/11486"}],"wp:attachment":[{"href":"https:\/\/focotocantinense.com.br\/index.php?rest_route=%2Fwp%2Fv2%2Fmedia&parent=11485"}],"wp:term":[{"taxonomy":"category","embeddable":true,"href":"https:\/\/focotocantinense.com.br\/index.php?rest_route=%2Fwp%2Fv2%2Fcategories&post=11485"},{"taxonomy":"post_tag","embeddable":true,"href":"https:\/\/focotocantinense.com.br\/index.php?rest_route=%2Fwp%2Fv2%2Ftags&post=11485"}],"curies":[{"name":"wp","href":"https:\/\/api.w.org\/{rel}","templated":true}]}}