{"id":11475,"date":"2025-11-28T06:22:19","date_gmt":"2025-11-28T09:22:19","guid":{"rendered":"https:\/\/focotocantinense.com.br\/?p=11475"},"modified":"2025-11-28T06:25:25","modified_gmt":"2025-11-28T09:25:25","slug":"poeta-vinicius-martins-e-lanca-novo-livro-no-centro-de-ensino-medio-de-gurupi","status":"publish","type":"post","link":"https:\/\/focotocantinense.com.br\/?p=11475","title":{"rendered":"Poeta\u00a0Vin\u00edcius\u00a0Martins\u00a0\u00e9 lan\u00e7a novo livro no Centro de Ensino M\u00e9dio de Gurupi"},"content":{"rendered":"\n<p><strong><em>Por Zacarias&nbsp;Martins<\/em><\/strong><\/p>\n\n\n\n<p>Na manh\u00e3 desta&nbsp; quinta-feira, dia 27, &nbsp;o poeta e produtor cultural&nbsp;Vin\u00edcius&nbsp;Martins&nbsp;promoveu o lan\u00e7amento &nbsp;do seu segundo livro de poesias, intitulado de \u201c<strong><em>Emo\u00e7\u00f5es em Versos<\/em><\/strong>\u201d, na Biblioteca do Centro de Ensino&nbsp; M\u00e9dio&nbsp; de&nbsp; Gurupi, com direito a uma&nbsp; animada roda de conversa liter\u00e1ria.&nbsp; A obra vem \u00e0 lume pelo selo da Editora Veloso. Na oportunidade, o escritor sorteou exemplares de seu livro entre os alunos e fez doa\u00e7\u00e3o para refor\u00e7ar o acervo da Biblioteca Escolar.<\/p>\n\n\n\n<figure class=\"wp-block-image size-large is-resized\"><img loading=\"lazy\" decoding=\"async\" width=\"576\" height=\"1024\" src=\"https:\/\/focotocantinense.com.br\/wp-content\/uploads\/2025\/11\/2A-Vinicius-Martins-humorista-de-Gurupi-Foto-Zacarias-Martins-576x1024.jpeg\" alt=\"\" class=\"wp-image-11478\" style=\"width:401px;height:auto\" srcset=\"https:\/\/focotocantinense.com.br\/wp-content\/uploads\/2025\/11\/2A-Vinicius-Martins-humorista-de-Gurupi-Foto-Zacarias-Martins-576x1024.jpeg 576w, https:\/\/focotocantinense.com.br\/wp-content\/uploads\/2025\/11\/2A-Vinicius-Martins-humorista-de-Gurupi-Foto-Zacarias-Martins-169x300.jpeg 169w, https:\/\/focotocantinense.com.br\/wp-content\/uploads\/2025\/11\/2A-Vinicius-Martins-humorista-de-Gurupi-Foto-Zacarias-Martins.jpeg 720w\" sizes=\"auto, (max-width: 576px) 100vw, 576px\" \/><\/figure>\n\n\n\n<p><\/p>\n\n\n\n<p><strong>Apoio<\/strong><\/p>\n\n\n\n<p>A iniciativa faz parte de um projeto apoiado pela PNAB &#8211; Pol\u00edtica Nacional Aldir Blanc\/2024, com recursos do Minist\u00e9rio da Cultura (MinC) e operacionalizados pela Secretaria de Cultura do Tocantins (Secult),<\/p>\n\n\n\n<p><strong>Linguajar vibr\u00e1til<\/strong><\/p>\n\n\n\n<p>Prefaciado pelo escritor e te\u00f3logo Jo\u00e3o Gomes da Silva, titular da Academia Gurupiense de Letras (AGL), &nbsp;essa obra de&nbsp;Vin\u00edcius&nbsp;Martins&nbsp;se destaca&nbsp; por reunir uma sele\u00e7\u00e3o especial de versos di\u00e1fanos e cristalinos onde, segundo o prefaciador, o autor &nbsp;vai destrinchando uma s\u00e9rie de emo\u00e7\u00f5es num&nbsp; linguajar vibr\u00e1til e multiforme, sem pseudos intelectualismos.<\/p>\n\n\n\n<figure class=\"wp-block-image size-large\"><img loading=\"lazy\" decoding=\"async\" width=\"1024\" height=\"576\" src=\"https:\/\/focotocantinense.com.br\/wp-content\/uploads\/2025\/11\/1-a-Vinicius-Martins-humorista-de-Gurupi-Foto-Zacarias-Martins-1024x576.jpeg\" alt=\"\" class=\"wp-image-11480\" srcset=\"https:\/\/focotocantinense.com.br\/wp-content\/uploads\/2025\/11\/1-a-Vinicius-Martins-humorista-de-Gurupi-Foto-Zacarias-Martins-1024x576.jpeg 1024w, https:\/\/focotocantinense.com.br\/wp-content\/uploads\/2025\/11\/1-a-Vinicius-Martins-humorista-de-Gurupi-Foto-Zacarias-Martins-300x169.jpeg 300w, https:\/\/focotocantinense.com.br\/wp-content\/uploads\/2025\/11\/1-a-Vinicius-Martins-humorista-de-Gurupi-Foto-Zacarias-Martins-768x432.jpeg 768w, https:\/\/focotocantinense.com.br\/wp-content\/uploads\/2025\/11\/1-a-Vinicius-Martins-humorista-de-Gurupi-Foto-Zacarias-Martins.jpeg 1280w\" sizes=\"auto, (max-width: 1024px) 100vw, 1024px\" \/><\/figure>\n\n\n\n<p><\/p>\n\n\n\n<p><strong>Exteriorizando sentimentos<\/strong><\/p>\n\n\n\n<p>\u201cO poeta est\u00e1 firmemente comprometido em exteriorizar sentimentos em forma de poesia, bem como, em levar&nbsp; a sua mensagem a quem dela tenha interesse em conhecer e, assim, se deleitar com suas belas mensagens po\u00e9ticas\u201d, garante Jo\u00e3o Gomes.<\/p>\n\n\n\n<figure class=\"wp-block-image size-large\"><img loading=\"lazy\" decoding=\"async\" width=\"1024\" height=\"576\" src=\"https:\/\/focotocantinense.com.br\/wp-content\/uploads\/2025\/11\/1-Vinicius-Martins-poeta-de-Gurupi-Foto-Zacarias-Martins-1024x576.jpeg\" alt=\"\" class=\"wp-image-11476\" srcset=\"https:\/\/focotocantinense.com.br\/wp-content\/uploads\/2025\/11\/1-Vinicius-Martins-poeta-de-Gurupi-Foto-Zacarias-Martins-1024x576.jpeg 1024w, https:\/\/focotocantinense.com.br\/wp-content\/uploads\/2025\/11\/1-Vinicius-Martins-poeta-de-Gurupi-Foto-Zacarias-Martins-300x169.jpeg 300w, https:\/\/focotocantinense.com.br\/wp-content\/uploads\/2025\/11\/1-Vinicius-Martins-poeta-de-Gurupi-Foto-Zacarias-Martins-768x432.jpeg 768w, https:\/\/focotocantinense.com.br\/wp-content\/uploads\/2025\/11\/1-Vinicius-Martins-poeta-de-Gurupi-Foto-Zacarias-Martins.jpeg 1280w\" sizes=\"auto, (max-width: 1024px) 100vw, 1024px\" \/><\/figure>\n\n\n\n<p><\/p>\n\n\n\n<p><strong>Ferramenta de transforma\u00e7\u00e3o<\/strong><\/p>\n\n\n\n<p>\u201cEstimular o gosto pela leitura \u00e9 essencial para a constru\u00e7\u00e3o de um pensamento cr\u00edtico e reflexivo. Nosso objetivo com essa a\u00e7\u00e3o &nbsp;\u00e9 incentivar os jovens a enxergarem os livros como fonte de conhecimento e questionamento, tornando-os leitores mais atentos e conscientes\u201d, assevera o autor.<\/p>\n\n\n\n<figure class=\"wp-block-image size-large\"><img loading=\"lazy\" decoding=\"async\" width=\"1024\" height=\"576\" src=\"https:\/\/focotocantinense.com.br\/wp-content\/uploads\/2025\/11\/2-Vinicius-Martins-poeta-de-Gurupi-Foto-Zacarias-Martins-1024x576.jpeg\" alt=\"\" class=\"wp-image-11477\" srcset=\"https:\/\/focotocantinense.com.br\/wp-content\/uploads\/2025\/11\/2-Vinicius-Martins-poeta-de-Gurupi-Foto-Zacarias-Martins-1024x576.jpeg 1024w, https:\/\/focotocantinense.com.br\/wp-content\/uploads\/2025\/11\/2-Vinicius-Martins-poeta-de-Gurupi-Foto-Zacarias-Martins-300x169.jpeg 300w, https:\/\/focotocantinense.com.br\/wp-content\/uploads\/2025\/11\/2-Vinicius-Martins-poeta-de-Gurupi-Foto-Zacarias-Martins-768x432.jpeg 768w, https:\/\/focotocantinense.com.br\/wp-content\/uploads\/2025\/11\/2-Vinicius-Martins-poeta-de-Gurupi-Foto-Zacarias-Martins.jpeg 1280w\" sizes=\"auto, (max-width: 1024px) 100vw, 1024px\" \/><\/figure>\n\n\n\n<p><\/p>\n\n\n\n<p><strong>Credenciais do autor<\/strong><\/p>\n\n\n\n<p>Al\u00e9m de poeta e ativista cultural,&nbsp;Vin\u00edcius&nbsp;Martins&nbsp;\u00e9&nbsp; ator profissional, bem como Gestor P\u00fablico e Empreendedor Digital. Tamb\u00e9m atua ativamente na \u00e1rea da comunica\u00e7\u00e3o. No campo liter\u00e1rio, &nbsp;\u00e9 autor do livro \u201cPeda\u00e7os de Esperan\u00e7a\u201d (2004), publicado &nbsp;pela Editora Veloso, que est\u00e1 na sua segunda &nbsp;edi\u00e7\u00e3o. Participou do \u201cAnu\u00e1rio de Poetas e Escritores do Tocantins\u201d nos anos de&nbsp; 2017 e 2018. Recebeu Men\u00e7\u00e3o Honrosa no Concurso Liter\u00e1rio do 9\u00ba Pr\u00eamio das Miss\u00f5es, com o poema \u201cAinda\u201d, realizado no Rio Grande do Sul, em 2006. Foi vencedor&nbsp; do 1\u00ba Concurso UnirG de Poesia Falada (2019), na categoria int\u00e9rprete, e segundo colocado na categoria de texto. Na \u00e1rea das artes c\u00eanicas, j\u00e1 participou e dirigiu v\u00e1rios espet\u00e1culos teatrais e shows de humor.<\/p>\n\n\n\n<figure class=\"wp-block-image size-full is-resized\"><img loading=\"lazy\" decoding=\"async\" width=\"727\" height=\"184\" src=\"https:\/\/focotocantinense.com.br\/wp-content\/uploads\/2025\/11\/SHOW-DE-HUMOR-DE-VINICIUS-MARTINS-7.jpeg\" alt=\"\" class=\"wp-image-11460\" style=\"width:840px;height:auto\" srcset=\"https:\/\/focotocantinense.com.br\/wp-content\/uploads\/2025\/11\/SHOW-DE-HUMOR-DE-VINICIUS-MARTINS-7.jpeg 727w, https:\/\/focotocantinense.com.br\/wp-content\/uploads\/2025\/11\/SHOW-DE-HUMOR-DE-VINICIUS-MARTINS-7-300x76.jpeg 300w\" sizes=\"auto, (max-width: 727px) 100vw, 727px\" \/><\/figure>\n","protected":false},"excerpt":{"rendered":"<p>Por Zacarias&nbsp;Martins Na manh\u00e3 desta&nbsp; quinta-feira, dia 27, &nbsp;o poeta e produtor cultural&nbsp;Vin\u00edcius&nbsp;Martins&nbsp;promoveu o lan\u00e7amento &nbsp;do seu segundo livro de poesias, intitulado de \u201cEmo\u00e7\u00f5es em Versos\u201d, na Biblioteca do Centro de Ensino&nbsp; M\u00e9dio&nbsp; de&nbsp; Gurupi, com direito a uma&nbsp; animada roda de conversa liter\u00e1ria.&nbsp; A obra vem \u00e0 lume pelo selo da Editora Veloso. Na &hellip;<\/p>\n","protected":false},"author":5,"featured_media":11476,"comment_status":"open","ping_status":"open","sticky":false,"template":"","format":"standard","meta":{"footnotes":""},"categories":[38],"tags":[],"class_list":["post-11475","post","type-post","status-publish","format-standard","has-post-thumbnail","","category-gurupi"],"_links":{"self":[{"href":"https:\/\/focotocantinense.com.br\/index.php?rest_route=\/wp\/v2\/posts\/11475","targetHints":{"allow":["GET"]}}],"collection":[{"href":"https:\/\/focotocantinense.com.br\/index.php?rest_route=\/wp\/v2\/posts"}],"about":[{"href":"https:\/\/focotocantinense.com.br\/index.php?rest_route=\/wp\/v2\/types\/post"}],"author":[{"embeddable":true,"href":"https:\/\/focotocantinense.com.br\/index.php?rest_route=\/wp\/v2\/users\/5"}],"replies":[{"embeddable":true,"href":"https:\/\/focotocantinense.com.br\/index.php?rest_route=%2Fwp%2Fv2%2Fcomments&post=11475"}],"version-history":[{"count":4,"href":"https:\/\/focotocantinense.com.br\/index.php?rest_route=\/wp\/v2\/posts\/11475\/revisions"}],"predecessor-version":[{"id":11483,"href":"https:\/\/focotocantinense.com.br\/index.php?rest_route=\/wp\/v2\/posts\/11475\/revisions\/11483"}],"wp:featuredmedia":[{"embeddable":true,"href":"https:\/\/focotocantinense.com.br\/index.php?rest_route=\/wp\/v2\/media\/11476"}],"wp:attachment":[{"href":"https:\/\/focotocantinense.com.br\/index.php?rest_route=%2Fwp%2Fv2%2Fmedia&parent=11475"}],"wp:term":[{"taxonomy":"category","embeddable":true,"href":"https:\/\/focotocantinense.com.br\/index.php?rest_route=%2Fwp%2Fv2%2Fcategories&post=11475"},{"taxonomy":"post_tag","embeddable":true,"href":"https:\/\/focotocantinense.com.br\/index.php?rest_route=%2Fwp%2Fv2%2Ftags&post=11475"}],"curies":[{"name":"wp","href":"https:\/\/api.w.org\/{rel}","templated":true}]}}