{"id":11473,"date":"2025-11-27T22:54:40","date_gmt":"2025-11-28T01:54:40","guid":{"rendered":"https:\/\/focotocantinense.com.br\/?p=11473"},"modified":"2025-11-27T22:54:40","modified_gmt":"2025-11-28T01:54:40","slug":"comite-de-cultura-no-tocantins-e-parceiro-em-evento-cultural-realizado-na-camara-municipal-de-gurupi","status":"publish","type":"post","link":"https:\/\/focotocantinense.com.br\/?p=11473","title":{"rendered":"Comit\u00ea de Cultura no Tocantins \u00e9 parceiro em evento cultural realizado na C\u00e2mara Municipal de Gurupi"},"content":{"rendered":"\n<p>Integrantes do Comit\u00ea de Cultura no Tocantins, regional sul e sudeste estiveram presentes na C\u00e2mara Municipal de Gurupi na quarta-feira, 26, &nbsp;quando aconteceu a solenidad entrega &nbsp;de &nbsp;Mo\u00e7\u00e3o de Aplauso ao trabalho desenvolvido pelos 16 Pontos de Cultura do munic\u00edpio.<\/p>\n\n\n\n<p>O Comit\u00ea de&nbsp;&nbsp; Cultura atuou dando suporte \u00e0 AGA &nbsp;\u2013 Associa\u00e7\u00e3o Gurupiense de Artes\u00e3os, na homenagem alusiva ao &nbsp;Dia da Consci\u00eancia Negra, com apresenta\u00e7\u00e3o da &nbsp;poesia denominada de \u201c<strong>Me chamaram de Negra<\/strong>\u201d, por professoras da rede p\u00fablica e crian\u00e7as pretas&gt; Na sequ\u00eancia &nbsp;teve o desfile de&nbsp; moda negra, &nbsp;com a apresenta\u00e7\u00e3o musical do cantor Chico Chokolate. A maioria das modelos eram pretas, crian\u00e7as, jovens, adultos e idosos. A&nbsp; AGA tamb\u00e9m realizou uma bela exposi\u00e7\u00e3o de artesanato,&nbsp;&nbsp; com direito a degusta\u00e7\u00e3o de comida tradicional.<\/p>\n\n\n\n<p>A &nbsp;coordenadora do Comit\u00ea de Cultura no Tocantins, regional sul e sudeste Maria do Socorro Sousa Barros, que tamb\u00e9m preside a AGA, &nbsp;disse que iniciavas como essa valoriza o papel &nbsp;dos fazedores de cultura e contribui para a preserva\u00e7\u00e3o das tradi\u00e7\u00f5es e o fortalecimento da identidade cultural local<\/p>\n\n\n\n<p><strong>Sobre o Comit\u00ea<\/strong><\/p>\n\n\n\n<p>O Comit\u00ea de Cultura no Tocantins \u00e9 coordenado pela Federa\u00e7\u00e3o Tocantinense de Artes C\u00eanicas \u2013 FETAC, contando com a parceria da Associa\u00e7\u00e3o Gurupiense de Artes\u00e3os (AGA) e do Instituto Cultural e Social Araguaia (ISCA). Essas institui\u00e7\u00f5es t\u00eam trabalhado juntas por meio de um termo de colabora\u00e7\u00e3o de dois anos firmado com o Minist\u00e9rio da Cultura \u2013 MinC, buscando implementar o Programa Nacional de Comit\u00eas de Cultura (PNCC), em diferentes regi\u00f5es do Estado<\/p>\n\n\n\n<figure class=\"wp-block-image\"><img decoding=\"async\" src=\"http:\/\/n1to.com.br\/img\/uploads\/2_COMIT%C3%8A_DE_CUGURA_FOTO_LETTICIA_JAPIASSU.jpeg\" alt=\"\"\/><\/figure>\n\n\n\n<figure class=\"wp-block-image\"><img decoding=\"async\" src=\"http:\/\/n1to.com.br\/img\/uploads\/4_COMITE_DE_CULTURA.jpeg\" alt=\"\"\/><\/figure>\n\n\n\n<figure class=\"wp-block-image\"><img loading=\"lazy\" decoding=\"async\" width=\"1024\" height=\"768\" src=\"https:\/\/focotocantinense.com.br\/wp-content\/uploads\/2025\/11\/1-COMITE-DE-CUGURA-FOTO-LETTICIA-JAPIASSU-1024x768.jpeg\" alt=\"\" class=\"wp-image-11467\" srcset=\"https:\/\/focotocantinense.com.br\/wp-content\/uploads\/2025\/11\/1-COMITE-DE-CUGURA-FOTO-LETTICIA-JAPIASSU-1024x768.jpeg 1024w, https:\/\/focotocantinense.com.br\/wp-content\/uploads\/2025\/11\/1-COMITE-DE-CUGURA-FOTO-LETTICIA-JAPIASSU-300x225.jpeg 300w, https:\/\/focotocantinense.com.br\/wp-content\/uploads\/2025\/11\/1-COMITE-DE-CUGURA-FOTO-LETTICIA-JAPIASSU-768x576.jpeg 768w, https:\/\/focotocantinense.com.br\/wp-content\/uploads\/2025\/11\/1-COMITE-DE-CUGURA-FOTO-LETTICIA-JAPIASSU.jpeg 1280w\" sizes=\"auto, (max-width: 1024px) 100vw, 1024px\" \/><\/figure>\n\n\n\n<figure class=\"wp-block-image\"><img decoding=\"async\" src=\"http:\/\/n1to.com.br\/img\/uploads\/3_COMITE_DE_CULTURA.jpeg\" alt=\"\"\/><\/figure>\n\n\n\n<figure class=\"wp-block-image\"><img loading=\"lazy\" decoding=\"async\" width=\"727\" height=\"184\" src=\"https:\/\/focotocantinense.com.br\/wp-content\/uploads\/2025\/11\/SHOW-DE-HUMOR-DE-VINICIUS-MARTINS-7.jpeg\" alt=\"\" class=\"wp-image-11460\" srcset=\"https:\/\/focotocantinense.com.br\/wp-content\/uploads\/2025\/11\/SHOW-DE-HUMOR-DE-VINICIUS-MARTINS-7.jpeg 727w, https:\/\/focotocantinense.com.br\/wp-content\/uploads\/2025\/11\/SHOW-DE-HUMOR-DE-VINICIUS-MARTINS-7-300x76.jpeg 300w\" sizes=\"auto, (max-width: 727px) 100vw, 727px\" \/><\/figure>\n","protected":false},"excerpt":{"rendered":"<p>Integrantes do Comit\u00ea de Cultura no Tocantins, regional sul e sudeste estiveram presentes na C\u00e2mara Municipal de Gurupi na quarta-feira, 26, &nbsp;quando aconteceu a solenidad entrega &nbsp;de &nbsp;Mo\u00e7\u00e3o de Aplauso ao trabalho desenvolvido pelos 16 Pontos de Cultura do munic\u00edpio. O Comit\u00ea de&nbsp;&nbsp; Cultura atuou dando suporte \u00e0 AGA &nbsp;\u2013 Associa\u00e7\u00e3o Gurupiense de Artes\u00e3os, na &hellip;<\/p>\n","protected":false},"author":5,"featured_media":11467,"comment_status":"open","ping_status":"open","sticky":false,"template":"","format":"standard","meta":{"footnotes":""},"categories":[38],"tags":[],"class_list":["post-11473","post","type-post","status-publish","format-standard","has-post-thumbnail","","category-gurupi"],"_links":{"self":[{"href":"https:\/\/focotocantinense.com.br\/index.php?rest_route=\/wp\/v2\/posts\/11473","targetHints":{"allow":["GET"]}}],"collection":[{"href":"https:\/\/focotocantinense.com.br\/index.php?rest_route=\/wp\/v2\/posts"}],"about":[{"href":"https:\/\/focotocantinense.com.br\/index.php?rest_route=\/wp\/v2\/types\/post"}],"author":[{"embeddable":true,"href":"https:\/\/focotocantinense.com.br\/index.php?rest_route=\/wp\/v2\/users\/5"}],"replies":[{"embeddable":true,"href":"https:\/\/focotocantinense.com.br\/index.php?rest_route=%2Fwp%2Fv2%2Fcomments&post=11473"}],"version-history":[{"count":1,"href":"https:\/\/focotocantinense.com.br\/index.php?rest_route=\/wp\/v2\/posts\/11473\/revisions"}],"predecessor-version":[{"id":11474,"href":"https:\/\/focotocantinense.com.br\/index.php?rest_route=\/wp\/v2\/posts\/11473\/revisions\/11474"}],"wp:featuredmedia":[{"embeddable":true,"href":"https:\/\/focotocantinense.com.br\/index.php?rest_route=\/wp\/v2\/media\/11467"}],"wp:attachment":[{"href":"https:\/\/focotocantinense.com.br\/index.php?rest_route=%2Fwp%2Fv2%2Fmedia&parent=11473"}],"wp:term":[{"taxonomy":"category","embeddable":true,"href":"https:\/\/focotocantinense.com.br\/index.php?rest_route=%2Fwp%2Fv2%2Fcategories&post=11473"},{"taxonomy":"post_tag","embeddable":true,"href":"https:\/\/focotocantinense.com.br\/index.php?rest_route=%2Fwp%2Fv2%2Ftags&post=11473"}],"curies":[{"name":"wp","href":"https:\/\/api.w.org\/{rel}","templated":true}]}}