{"id":1147,"date":"2021-04-22T15:01:12","date_gmt":"2021-04-22T18:01:12","guid":{"rendered":"https:\/\/focotocantinense.com.br\/?p=1147"},"modified":"2021-04-22T15:37:35","modified_gmt":"2021-04-22T18:37:35","slug":"antologia-tocantina-2021-jose-gomes-sobrinho-aprovada-no-edital-da-lei-aldir-blanc-no-to-de-autoria-de-ronaldo-teixeira-abre-inscricoes-no-dia-06","status":"publish","type":"post","link":"https:\/\/focotocantinense.com.br\/?p=1147","title":{"rendered":"Antologia Tocantina 2021 &#8211; Jos\u00e9 Gomes Sobrinho aprovada no edital da Lei Aldir Blanc no TO, de autoria de Ronaldo Teixeira, abre inscri\u00e7\u00f5es no dia 06"},"content":{"rendered":"\n<p>Revelar novos nomes da poesia no Tocantins e resgatar os j\u00e1 conhecidos, tra\u00e7ando um panorama atual da cena liter\u00e1ria desse g\u00eanero no Estado. Essa \u00e9 a proposta da Antologia Tocantina 2021 &#8211; Jos\u00e9 Gomes Sobrinho, de autoria do escritor, jornalista e gestor cultural Ronaldo Teixeira, um dos aprovados no Edital de Literatura da Lei Aldir Blanc no Tocantins. Com inscri\u00e7\u00e3o gratuita e online, no link https:\/\/forms.gle\/kF4KUvfXErjmoJNE7 e premia\u00e7\u00e3o em dinheiro para os cinco (05) primeiros colocados, o projeto resultar\u00e1 no lan\u00e7amento de um livro-antologia em outubro desse ano em Palmas, capital. Mais informa\u00e7\u00f5es pelo telefone (63) 9 9230-3182 ou pelo e-mail pretextooficina@gmail.com.<\/p>\n\n\n\n<p>Cada participante poder\u00e1 participar com at\u00e9 cinco (05) poemas inscritos. A \u00fanica exig\u00eancia \u00e9 a de que os mesmos n\u00e3o tenham sido at\u00e9 ent\u00e3o divulgados no meio impresso (livro individual\/colet\u00e2nea\/antologia). A sele\u00e7\u00e3o desses trabalhos com participa\u00e7\u00e3o gratuita, ser\u00e1 por meio de um formul\u00e1rio espec\u00edfico na internet durante tr\u00eas (03) meses &#8211; abril, maio e junho &#8211; com divulga\u00e7\u00e3o nas redes sociais e r\u00e1dio, depois, apura\u00e7\u00e3o, e edi\u00e7\u00e3o do livro-antologia e seu lan\u00e7amento na Capital do Estado, Palmas, com premia\u00e7\u00e3o de placas de honra ao m\u00e9rito e em dinheiro para os cinco primeiros colocados. Al\u00e9m dos trabalhos po\u00e9ticos produzidos por nossos talentos tocantinos, conter\u00e1 ainda duas (02) p\u00e1ginas dedicadas ao poeta e escritor Jos\u00e9 Gomes Sobrinho, sendo, uma p\u00e1gina contendo foto e biografia e outra contendo um poema do mesmo, como forma de homenagem p\u00f3stuma, visto que o mesmo foi um figura \u00edmpar no cen\u00e1rio cultural do Tocantins e faleceu em 2004.<\/p>\n\n\n\n<p>A premia\u00e7\u00e3o se dar\u00e1 da seguinte forma: 1\u00ba lugar: placa de honra ao m\u00e9rito + R$ 2.500,00; 2\u00ba lugar: placa de honra ao m\u00e9rito + R$ 2.000,00; 3\u00ba lugar: placa de honra ao m\u00e9rito + R$ 1.500,00; 4\u00ba lugar: placa de honra ao m\u00e9rito + R$ 1.000,00; e 5\u00ba lugar: placa de honra ao m\u00e9rito + R$ 500,00. Pela participa\u00e7\u00e3o, cada poeta ou poetisa selecionado receber\u00e1 como forma de pagamento, tr\u00eas (03) exemplares da respectiva Antologia, por cada trabalho publicado, al\u00e9m de ter a satisfa\u00e7\u00e3o pessoal de ver seu trabalho impresso e sendo uma oportuna vitrine identit\u00e1ria do nosso Estado. Al\u00e9m disso, cada um dos 139 munic\u00edpios tocantinenses que tiver interesse, ir\u00e1 ganhar tr\u00eas (03) exemplares da Antologia, a t\u00edtulo de divulga\u00e7\u00e3o do projeto, bastando para isso fazer sua solicita\u00e7\u00e3o via e-mail antologiatocantina@gmail.com e retirar com o proponente em Palmas, sua cota.<\/p>\n\n\n\n<p>Segundo Ronaldo Teixeira, &#8220;Observando que \u00e9 grande o n\u00famero de poetas no Estado do Tocantins, haja vista a enorme quantidade de inscri\u00e7\u00f5es que aconteceram em projetos liter\u00e1rios estaduais e municipais, a exemplo das v\u00e1rias edi\u00e7\u00f5es da Bolsa de Publica\u00e7\u00f5es Maximiano da Matta Teixeira,do Governo do Estado, do Concurso Benjamim Rodrigues de Poesia Falada (que se encontra em sua d\u00e9cima-segunda edi\u00e7\u00e3o em Gurupi e tem 2 antologias publicadas), do extinto Pr\u00eamio SESI de Poesia, do Concurso Lysias Rodrigues de Literatura, de Palmas, dentre outros, que chegavam<\/p>\n\n\n\n<p>a ter quase mil trabalhos inscritos anualmente, e como a maioria \u2013 para n\u00e3o dizer quase todos \u2013 desses projetos foram extintos ou encontram-se sem qualquer perspectiva de novas edi\u00e7\u00f5es, e a dificuldade latente de um autor publicar seu livro, \u00e9 que idealizei este projeto, como forma de incentivar e resgatar a autoestima de nossos poetas e poetisas tocantinos&#8221;, ressaltou.<\/p>\n\n\n\n<p>Ainda segundo o proponente, a iniciativa \u00e9 v\u00e1lida tamb\u00e9m porque igual a\u00e7\u00e3o foi feita ainda em 1994, quando do lan\u00e7amento da antologia Poesias do Tocantins &#8211; Sessenta e Seis Poemas Escolhidos, pelo Governo do Estado por meio do Departamento de Cultura da Secretaria de Estado da Educa\u00e7\u00e3o, Cultura e Desporto. &#8220;Desde ent\u00e3o, nada foi feito nesse sentido no estado. O momento \u00e9 oportuno para se fazer uma radiografia do que se anda produzindo em poesia pelo Tocantins&#8221;, finalizou.<\/p>\n\n\n\n<p>Jos\u00e9 Gomes Sobrinho (In Memoriam)<\/p>\n\n\n\n<p>Jos\u00e9 Gomes Sobrinho (Garanhuns-PE, 1935 \u2014 Palmas-TO, 2004) tamb\u00e9m conhecido como Z\u00e9 Gomes, foi um poeta, m\u00fasico e escritor brasileiro, membro das Academias Palmense e Tocantinense de Letras. Foi tamb\u00e9m presidente do F\u00f3rum Nacional de Conselheiros Estaduais de Cultura. Em julho de 2010, o ent\u00e3o presidente Luiz In\u00e1cio Lula da Silva, sancionou a lei 12.287 que leva o seu nome, e possibilita o ensino da arte e cultura regional na educa\u00e7\u00e3o b\u00e1sica, numa proposi\u00e7\u00e3o do ent\u00e3o deputado federal, hoje senador e tamb\u00e9m filho de Jos\u00e9 Gomes Sobrinho, Eduardo Gomes.<\/p>\n\n\n\n<p>Ronaldo Teixeira<\/p>\n\n\n\n<p>Ronaldo Coelho Teixeira, poeta, escritor e jornalista cearense, radicado no Tocantins. Por quatro (04) vezes foi ganhador da Bolsa Maximiano da Matta Teixeira, do Governo do Tocantins (inclusive, o \u00faltimo edital ProCultura, de 2013, ainda n\u00e3o pago pelo Estado), formatando, ele mesmo, todos os projetos liter\u00e1rios de sua autoria, como Visuautoretrato, sobre a vida e obra do artista pl\u00e1stico Mauro Cunha (In Memorian), que ficou como suplente (https:\/\/central3.to.gov.br\/arquivo\/276254\/) e Agenda Tocantina 2015 (https:\/\/central3.to.gov.br\/arquivo\/276266\/); Formatou e emplacou outros projetos em outras \u00e1reas para diversos artistas, como de M\u00fasica, do cantor e compositor Doriv\u00e3 \u201cFolia Dourada\u201d \u2013 Grava\u00e7\u00e3o de CD de M\u00fasica (https:\/\/central3.to.gov.br\/arquivo\/276224\/) e tamb\u00e9m de Chiquinho Chokolate. Formatou o Projeto Meninos do S\u00e3o Jo\u00e3o, do cantor Doriv\u00e3, no edital Ita\u00fa\/Unicef 2015\/2016, que chegou a ser finalista em Goi\u00e2nia, Goi\u00e1s. (https:\/\/premioitauunicef.cenpec.org.br\/finalista-e-semi\/11a-edicao-2015-2016-semifinalistas\/); formatou o projeto &#8220;Feira de C\u00e1 &#8211; Keila Lipe Interpreta Sucessos Tocantinenses nas Feiras de Palmas&#8221;, aprovado no Promic 2019; formatou o projeto &#8220;Chico Fran Entre Amigos&#8221;, do referido cantor e compositor, aprovado no edital de M\u00fasica da Lei Aldir Blanc no Tocantins.<\/p>\n\n\n\n<p>Participou ativamente do movimento cultural em Gurupi e no Estado do Tocantins, desde \u00e0 \u00e9poca de Goi\u00e1s, atuando como conselheiro municipal de Cultura e presidente da Associa\u00e7\u00e3o de Artes de Gurupi (AAG). Atuou como coordenador de Arte e Cultura na Funda\u00e7\u00e3o Cultural de Gurupi e depois Secretaria Municipal de Cultura de Gurupi, entre 2005 e 2012, quando formatava e realizava projetos culturais dos mais diversos,<\/p>\n\n\n\n<p>como festivais de m\u00fasica, concursos de poesia, festejos juninos, f\u00f3runs municipais e intermunicipais de Cultura. Inclusive, emplacou um financiamento a fundo perdido de R$ 110 mil reais junto ao Governo Federal, para aquisi\u00e7\u00e3o de equipamentos e instrumentos musicais para a Funda\u00e7\u00e3o Cultural de Gurupi em 2010, por meio da plataforma Siconv.<\/p>\n\n\n\n<p>Lei Aldir Blanc no Tocantins<\/p>\n\n\n\n<p>A Lei Aldir Blanc (Projeto de Lei 1.075\/2020) objetivou aos munic\u00edpios a possibilidade de gerarem renda mensal emergencial de R$ 600 aos trabalhadores do setor, subs\u00eddios para a manuten\u00e7\u00e3o de espa\u00e7os art\u00edstico-culturais e a promo\u00e7\u00e3o de instrumentos como editais e pr\u00eamios, entre outros. O montante aplicado pelo Minist\u00e9rio do Turismo por meio da Secretaria Especial da Cultura &#8211; mas n\u00e3o utillizado por todos os munic\u00edpios brasileiros, infelizmente &#8211; \u00e9 algo in\u00e9dito na hist\u00f3ria dos investimentos p\u00fablicos na \u00e1rea da Cultura, al\u00e9m de representar um aux\u00edlio extremamente necess\u00e1rio aos agentes da Cultura nesse momento de pandemia. Foram R$ 3 bilh\u00f5es em recursos para todo o pa\u00eds. Para o Tocantins, o repasse foi de R$ 35.137.985,22, segundo o Governo do Tocantins, por meio da Ag\u00eancia do Desenvolvimento do Turismo, Cultura e Economia Criativa (Adetuc), dispon\u00edvel no link https:\/\/adetuc.to.gov.br\/noticia\/2020\/10\/7\/conselho-de-politica-cultural-discute-edital-estadual&#8211;para-acesso-aos-recursos-da-lei-aldir-blanc\/.<\/p>\n\n\n\n<p>Servi\u00e7o<\/p>\n\n\n\n<p>O qu\u00ea: Projeto &#8220;ANTOLOGIA TOCANTINA 2021 &#8211; JOS\u00c9 GOMES SOBRINHO&#8221;, de Ronaldo Teixeira, ser\u00e1 realizado no Tocantins pelo Edital da Lei Aldir Blanc<\/p>\n\n\n\n<p>Como: realiza\u00e7\u00e3o de concurso online e gratuito, premia\u00e7\u00e3o e impress\u00e3o de livro-antologia Onde: https:\/\/forms.gle\/kF4KUvfXErjmoJNE7 (v\u00e1lido para residentes em todo o Estado do Tocantins)<\/p>\n\n\n\n<p>Quando: abril, maio e junho\/21 &#8211; inscri\u00e7\u00f5es; julho e agosto\/21 &#8211; sele\u00e7\u00e3o; setembro\/21 &#8211; impress\u00e3o; e outubro\/21 &#8211; lan\u00e7amento em Palmas (TO)<\/p>\n\n\n\n<p>Informa\u00e7\u00f5es: (63) 9 9230-3182 \/ pretextooficina@gmail.com<\/p>\n\n\n\n<p>Imagem dispon\u00edvel para donwnload: https:\/\/bityli.com\/Camc0<\/p>\n\n\n\n<p>Pretexto \u2014 oficina de comunica\u00e7\u00e3o e cultura \u00e9: Ronaldo Coelho Teixeira \u2014 jornalista e gestor cultural. ARNE 63, Rua 6, QI-8, Lote 24 \u2013 77006-626 &#8211; Palmas-TO. (63) 9 9230-3182 (zap). pretextooficina@gmail.com &#8211; Os textos podem ser reproduzidos para divulga\u00e7\u00e3o, desde que sejam citadas a fonte.<\/p>\n","protected":false},"excerpt":{"rendered":"<p>Revelar novos nomes da poesia no Tocantins e resgatar os j\u00e1 conhecidos, tra\u00e7ando um panorama atual da cena liter\u00e1ria desse g\u00eanero no Estado. Essa \u00e9 a proposta da Antologia Tocantina 2021 &#8211; Jos\u00e9 Gomes Sobrinho, de autoria do escritor, jornalista e gestor cultural Ronaldo Teixeira, um dos aprovados no Edital de Literatura da Lei Aldir &hellip;<\/p>\n","protected":false},"author":5,"featured_media":1148,"comment_status":"open","ping_status":"open","sticky":false,"template":"","format":"standard","meta":{"footnotes":""},"categories":[37],"tags":[],"class_list":["post-1147","post","type-post","status-publish","format-standard","has-post-thumbnail","","category-palmas"],"_links":{"self":[{"href":"https:\/\/focotocantinense.com.br\/index.php?rest_route=\/wp\/v2\/posts\/1147","targetHints":{"allow":["GET"]}}],"collection":[{"href":"https:\/\/focotocantinense.com.br\/index.php?rest_route=\/wp\/v2\/posts"}],"about":[{"href":"https:\/\/focotocantinense.com.br\/index.php?rest_route=\/wp\/v2\/types\/post"}],"author":[{"embeddable":true,"href":"https:\/\/focotocantinense.com.br\/index.php?rest_route=\/wp\/v2\/users\/5"}],"replies":[{"embeddable":true,"href":"https:\/\/focotocantinense.com.br\/index.php?rest_route=%2Fwp%2Fv2%2Fcomments&post=1147"}],"version-history":[{"count":1,"href":"https:\/\/focotocantinense.com.br\/index.php?rest_route=\/wp\/v2\/posts\/1147\/revisions"}],"predecessor-version":[{"id":1149,"href":"https:\/\/focotocantinense.com.br\/index.php?rest_route=\/wp\/v2\/posts\/1147\/revisions\/1149"}],"wp:featuredmedia":[{"embeddable":true,"href":"https:\/\/focotocantinense.com.br\/index.php?rest_route=\/wp\/v2\/media\/1148"}],"wp:attachment":[{"href":"https:\/\/focotocantinense.com.br\/index.php?rest_route=%2Fwp%2Fv2%2Fmedia&parent=1147"}],"wp:term":[{"taxonomy":"category","embeddable":true,"href":"https:\/\/focotocantinense.com.br\/index.php?rest_route=%2Fwp%2Fv2%2Fcategories&post=1147"},{"taxonomy":"post_tag","embeddable":true,"href":"https:\/\/focotocantinense.com.br\/index.php?rest_route=%2Fwp%2Fv2%2Ftags&post=1147"}],"curies":[{"name":"wp","href":"https:\/\/api.w.org\/{rel}","templated":true}]}}