{"id":11458,"date":"2025-11-25T18:48:14","date_gmt":"2025-11-25T21:48:14","guid":{"rendered":"https:\/\/focotocantinense.com.br\/?p=11458"},"modified":"2025-11-25T18:49:51","modified_gmt":"2025-11-25T21:49:51","slug":"com-parceria-do-comite-de-cultura-no-tocantins-i-seminario-de-patrimonio-cultural-e-museus-de-palmas-promove-debates-sobre-memoria-identidade-e-desenvolvimento","status":"publish","type":"post","link":"https:\/\/focotocantinense.com.br\/?p=11458","title":{"rendered":"Com parceria do Comit\u00ea de Cultura no Tocantins, I Semin\u00e1rio de Patrim\u00f4nio Cultural e Museus de Palmas promove debates sobre mem\u00f3ria, identidade e desenvolvimento"},"content":{"rendered":"\n<p>A programa\u00e7\u00e3o do&nbsp;<em>I Semin\u00e1rio de Patrim\u00f4nio Cultural e Museus de Palmas: conex\u00f5es entre mem\u00f3ria, identidade e desenvolvimento<\/em>&nbsp;teve in\u00edcio na segunda-feira, 24. Realizado pela Prefeitura de Palmas, por meio da Funda\u00e7\u00e3o Cultural de Palmas (FCP), o evento conta com a parceria do Instituto Brasileiro de Museus (Ibram), do Instituto do Patrim\u00f4nio Hist\u00f3rico e Art\u00edstico Nacional (Iphan) \u2014 ambos vinculados ao Minist\u00e9rio da Cultura (MinC) \u2014, da Secretaria da Cultura do Tocantins (Secult-TO).<\/p>\n\n\n\n<figure class=\"wp-block-image size-large is-resized\"><img loading=\"lazy\" decoding=\"async\" width=\"1024\" height=\"682\" src=\"https:\/\/focotocantinense.com.br\/wp-content\/uploads\/2025\/11\/WhatsApp-Image-2025-11-24-at-17.43.49-1024x682.jpeg\" alt=\"\" class=\"wp-image-11462\" style=\"width:390px;height:auto\" srcset=\"https:\/\/focotocantinense.com.br\/wp-content\/uploads\/2025\/11\/WhatsApp-Image-2025-11-24-at-17.43.49-1024x682.jpeg 1024w, https:\/\/focotocantinense.com.br\/wp-content\/uploads\/2025\/11\/WhatsApp-Image-2025-11-24-at-17.43.49-300x200.jpeg 300w, https:\/\/focotocantinense.com.br\/wp-content\/uploads\/2025\/11\/WhatsApp-Image-2025-11-24-at-17.43.49-768x512.jpeg 768w, https:\/\/focotocantinense.com.br\/wp-content\/uploads\/2025\/11\/WhatsApp-Image-2025-11-24-at-17.43.49-310x205.jpeg 310w, https:\/\/focotocantinense.com.br\/wp-content\/uploads\/2025\/11\/WhatsApp-Image-2025-11-24-at-17.43.49.jpeg 1280w\" sizes=\"auto, (max-width: 1024px) 100vw, 1024px\" \/><\/figure>\n\n\n\n<p><\/p>\n\n\n\n<p>O Comit\u00ea de Cultura no Tocantins, que integra o Semin\u00e1rio por meio de sua \u00e1rea de Comunica\u00e7\u00e3o e Mobiliza\u00e7\u00e3o e com o oferecimento de apresenta\u00e7\u00e3o cultural, tamb\u00e9m \u00e9 um dos parceiros do evento. O Comit\u00ea ofereceu apresenta\u00e7\u00e3o art\u00edstica com a performance Poemeus, do mestre Wertemberg Nunes. A a\u00e7\u00e3o, que tamb\u00e9m dialoga com a Comunica\u00e7\u00e3o e Mobiliza\u00e7\u00e3o do Comit\u00ea, apresenta o livro&nbsp;<em>Poemeus<\/em>&nbsp;por meio de uma experi\u00eancia interativa.<\/p>\n\n\n\n<p>Na performance, Wertemberg surge de dentro do Boneco Gigante Amarelo, entregando ao p\u00fablico cartas que trazem, de um lado, a capa do livro e, do outro, comandos como&nbsp;<em>cante<\/em>,&nbsp;<em>leia<\/em>&nbsp;ou&nbsp;<em>declame<\/em>&nbsp;conte\u00fados da obra. Quando o comando \u00e9&nbsp;<em>cante<\/em>&nbsp;ou&nbsp;<em>declame<\/em>, o mestre interpreta ao vivo os poemas, unindo literatura, oralidade e presen\u00e7a c\u00eanica em uma viv\u00eancia po\u00e9tica \u00fanica.<\/p>\n\n\n\n<figure class=\"wp-block-image size-large\"><img loading=\"lazy\" decoding=\"async\" width=\"1024\" height=\"682\" src=\"https:\/\/focotocantinense.com.br\/wp-content\/uploads\/2025\/11\/WhatsApp-Image-2025-11-24-at-17.48.45-1024x682.jpeg\" alt=\"\" class=\"wp-image-11459\" srcset=\"https:\/\/focotocantinense.com.br\/wp-content\/uploads\/2025\/11\/WhatsApp-Image-2025-11-24-at-17.48.45-1024x682.jpeg 1024w, https:\/\/focotocantinense.com.br\/wp-content\/uploads\/2025\/11\/WhatsApp-Image-2025-11-24-at-17.48.45-300x200.jpeg 300w, https:\/\/focotocantinense.com.br\/wp-content\/uploads\/2025\/11\/WhatsApp-Image-2025-11-24-at-17.48.45-768x512.jpeg 768w, https:\/\/focotocantinense.com.br\/wp-content\/uploads\/2025\/11\/WhatsApp-Image-2025-11-24-at-17.48.45-310x205.jpeg 310w, https:\/\/focotocantinense.com.br\/wp-content\/uploads\/2025\/11\/WhatsApp-Image-2025-11-24-at-17.48.45.jpeg 1280w\" sizes=\"auto, (max-width: 1024px) 100vw, 1024px\" \/><\/figure>\n\n\n\n<p><\/p>\n\n\n\n<p><strong>Semin\u00e1rio<\/strong><\/p>\n\n\n\n<p>O Semin\u00e1rio \u00e9 gratuito e tem a maior parte de suas atividades no audit\u00f3rio do Parque Municipal da Pessoa Idosa Francisco Xavier de Oliveira, na Quadra ACSU-SO 30 (303 Sul), Avenida NS-01, a programa\u00e7\u00e3o segue at\u00e9 esta ter\u00e7a-feira, 25, voltada a gestores p\u00fablicos, agentes e coletivos culturais, muse\u00f3logos, professores, estudantes e demais interessados.<\/p>\n\n\n\n<p>Haver\u00e1 ainda abertura da exposi\u00e7\u00e3o&nbsp;<em>Ecos da Serra<\/em>&nbsp;e do lan\u00e7amento do livro&nbsp;<em>Ecos da Serra: a arte rupestre na APA Serra do Lajeado<\/em>, realizados no Museu Casa Su\u00e7uapara Governador Siqueira Campos, no Parque Cesamar.<\/p>\n\n\n\n<figure class=\"wp-block-image size-large\"><img loading=\"lazy\" decoding=\"async\" width=\"1024\" height=\"682\" src=\"https:\/\/focotocantinense.com.br\/wp-content\/uploads\/2025\/11\/WhatsApp-Image-2025-11-24-at-17.44.32-1024x682.jpeg\" alt=\"\" class=\"wp-image-11464\" srcset=\"https:\/\/focotocantinense.com.br\/wp-content\/uploads\/2025\/11\/WhatsApp-Image-2025-11-24-at-17.44.32-1024x682.jpeg 1024w, https:\/\/focotocantinense.com.br\/wp-content\/uploads\/2025\/11\/WhatsApp-Image-2025-11-24-at-17.44.32-300x200.jpeg 300w, https:\/\/focotocantinense.com.br\/wp-content\/uploads\/2025\/11\/WhatsApp-Image-2025-11-24-at-17.44.32-768x512.jpeg 768w, https:\/\/focotocantinense.com.br\/wp-content\/uploads\/2025\/11\/WhatsApp-Image-2025-11-24-at-17.44.32-310x205.jpeg 310w, https:\/\/focotocantinense.com.br\/wp-content\/uploads\/2025\/11\/WhatsApp-Image-2025-11-24-at-17.44.32.jpeg 1280w\" sizes=\"auto, (max-width: 1024px) 100vw, 1024px\" \/><\/figure>\n\n\n\n<p><\/p>\n\n\n\n<h3 class=\"wp-block-heading\">\u2018(re)Conex\u00f5es\u2019<\/h3>\n\n\n\n<p>Al\u00e9m do&nbsp;<em>\u2018(re)Conex\u00f5es\u2019<\/em>, o evento pautou temas como a reestrutura\u00e7\u00e3o do Sistema Brasileiro de Museus (SBM), a implanta\u00e7\u00e3o do Sistema de Participa\u00e7\u00e3o Social (SPAS), a normatiza\u00e7\u00e3o do F\u00f3rum Nacional de Museus (FNM) e debates sobre Patrim\u00f4nio Cultural, com participa\u00e7\u00e3o de t\u00e9cnicos do Iphan\/MinC.<\/p>\n\n\n\n<h3 class=\"wp-block-heading\">\u00a0<\/h3>\n\n\n\n<figure class=\"wp-block-image size-full is-resized\"><img loading=\"lazy\" decoding=\"async\" width=\"727\" height=\"184\" src=\"https:\/\/focotocantinense.com.br\/wp-content\/uploads\/2025\/11\/SHOW-DE-HUMOR-DE-VINICIUS-MARTINS-7.jpeg\" alt=\"\" class=\"wp-image-11460\" style=\"width:840px;height:auto\" srcset=\"https:\/\/focotocantinense.com.br\/wp-content\/uploads\/2025\/11\/SHOW-DE-HUMOR-DE-VINICIUS-MARTINS-7.jpeg 727w, https:\/\/focotocantinense.com.br\/wp-content\/uploads\/2025\/11\/SHOW-DE-HUMOR-DE-VINICIUS-MARTINS-7-300x76.jpeg 300w\" sizes=\"auto, (max-width: 727px) 100vw, 727px\" \/><\/figure>\n","protected":false},"excerpt":{"rendered":"<p>A programa\u00e7\u00e3o do&nbsp;I Semin\u00e1rio de Patrim\u00f4nio Cultural e Museus de Palmas: conex\u00f5es entre mem\u00f3ria, identidade e desenvolvimento&nbsp;teve in\u00edcio na segunda-feira, 24. Realizado pela Prefeitura de Palmas, por meio da Funda\u00e7\u00e3o Cultural de Palmas (FCP), o evento conta com a parceria do Instituto Brasileiro de Museus (Ibram), do Instituto do Patrim\u00f4nio Hist\u00f3rico e Art\u00edstico Nacional (Iphan) &hellip;<\/p>\n","protected":false},"author":5,"featured_media":11459,"comment_status":"open","ping_status":"open","sticky":false,"template":"","format":"standard","meta":{"footnotes":""},"categories":[1],"tags":[],"class_list":["post-11458","post","type-post","status-publish","format-standard","has-post-thumbnail","","category-sem-categoria"],"_links":{"self":[{"href":"https:\/\/focotocantinense.com.br\/index.php?rest_route=\/wp\/v2\/posts\/11458","targetHints":{"allow":["GET"]}}],"collection":[{"href":"https:\/\/focotocantinense.com.br\/index.php?rest_route=\/wp\/v2\/posts"}],"about":[{"href":"https:\/\/focotocantinense.com.br\/index.php?rest_route=\/wp\/v2\/types\/post"}],"author":[{"embeddable":true,"href":"https:\/\/focotocantinense.com.br\/index.php?rest_route=\/wp\/v2\/users\/5"}],"replies":[{"embeddable":true,"href":"https:\/\/focotocantinense.com.br\/index.php?rest_route=%2Fwp%2Fv2%2Fcomments&post=11458"}],"version-history":[{"count":3,"href":"https:\/\/focotocantinense.com.br\/index.php?rest_route=\/wp\/v2\/posts\/11458\/revisions"}],"predecessor-version":[{"id":11465,"href":"https:\/\/focotocantinense.com.br\/index.php?rest_route=\/wp\/v2\/posts\/11458\/revisions\/11465"}],"wp:featuredmedia":[{"embeddable":true,"href":"https:\/\/focotocantinense.com.br\/index.php?rest_route=\/wp\/v2\/media\/11459"}],"wp:attachment":[{"href":"https:\/\/focotocantinense.com.br\/index.php?rest_route=%2Fwp%2Fv2%2Fmedia&parent=11458"}],"wp:term":[{"taxonomy":"category","embeddable":true,"href":"https:\/\/focotocantinense.com.br\/index.php?rest_route=%2Fwp%2Fv2%2Fcategories&post=11458"},{"taxonomy":"post_tag","embeddable":true,"href":"https:\/\/focotocantinense.com.br\/index.php?rest_route=%2Fwp%2Fv2%2Ftags&post=11458"}],"curies":[{"name":"wp","href":"https:\/\/api.w.org\/{rel}","templated":true}]}}