{"id":11450,"date":"2025-11-21T18:32:00","date_gmt":"2025-11-21T21:32:00","guid":{"rendered":"https:\/\/focotocantinense.com.br\/?p=11450"},"modified":"2025-11-21T18:38:48","modified_gmt":"2025-11-21T21:38:48","slug":"agronomo-formosense-integra-missao-brasileira-na-nigeria-em-fortalecimento-das-acoes-contra-a-fome","status":"publish","type":"post","link":"https:\/\/focotocantinense.com.br\/?p=11450","title":{"rendered":"Agr\u00f4nomo formosense integra miss\u00e3o brasileira na Nig\u00e9ria em fortalecimento das a\u00e7\u00f5es contra a fome"},"content":{"rendered":"\n<p><strong>Por Jonas Amaral<\/strong><\/p>\n\n\n\n<p>Reconhecida por revelar profissionais de excel\u00eancia, Formoso do Araguaia ganha mais uma vez espa\u00e7o no mapa da compet\u00eancia brasileira. O engenheiro agr\u00f4nomo Francismar Rodrigues Gama, um dos nomes de destaque do munic\u00edpio, acaba de participar de uma miss\u00e3o internacional na Nig\u00e9ria, onde dedicou mais de 15 dias a a\u00e7\u00f5es de combate \u00e0 fome e ao fortalecimento da agricultura local. Agora, retorna ao Brasil carregando resultados, experi\u00eancias e ainda mais proje\u00e7\u00f5es para sua carreira e para o Tocantins.<\/p>\n\n\n\n<p><\/p>\n\n\n\n<p><strong><em>Especialistas Brasileiros Contra a Fome<\/em><\/strong><\/p>\n\n\n\n<p>Gama integrou uma comitiva composta por quatro especialistas brasileiros criteriosamente selecionados. O grupo foi convidado para colaborar com o governo nigeriano no enfrentamento de dois desafios que afetam milh\u00f5es de pessoas: a fome e a desnutri\u00e7\u00e3o, problemas ainda espec\u00edficos como graves no pa\u00eds africano. A troca t\u00e9cnica faz parte de uma estrat\u00e9gia nacional da Nig\u00e9ria para desenvolver solu\u00e7\u00f5es sustent\u00e1veis \u200b\u200be ampliar a produ\u00e7\u00e3o agr\u00edcola.<\/p>\n\n\n\n<p><\/p>\n\n\n\n<p><strong><em>Apoio \u00e0s Culturas Estrat\u00e9gicas<\/em><\/strong><\/p>\n\n\n\n<p>O convite aos profissionais brasileiros surgiu do interesse do governo nigeriano em incorporar tecnologias agr\u00edcolas agr\u00edcolas. Entre as prioridades est\u00e1 o aumento da produ\u00e7\u00e3o de arroz, trigo, milho, gergelim e soja, culturas essenciais para garantir o abastecimento interno e contribui\u00e7\u00f5es para a economia rural. A expectativa \u00e9 que o conhecimento compartilhado pela equipe possa transformar a agricultura local e gerar novas oportunidades.<\/p>\n\n\n<div class=\"wp-block-image\">\n<figure class=\"aligncenter\"><img decoding=\"async\" src=\"https:\/\/portaldoamaral.com.br\/wp-content\/uploads\/2025\/11\/Franciscma-10.jpg\" alt=\"\" class=\"wp-image-178636\"\/><\/figure>\n<\/div>\n\n\n<p><\/p>\n\n\n\n<p><strong><em>Semin\u00e1rio e Oficinas Refor\u00e7am Interc\u00e2mbio<\/em><\/strong><\/p>\n\n\n\n<p>Nos dias 18 e 19 de novembro, Francismar foi um dos palestrantes do workshop internacional sobre seguran\u00e7a alimentar, organizado pela Universidade Federal de Agricultura de Abeokuta. O evento reuniu estudantes, pesquisadores, lideran\u00e7as comunit\u00e1rias e representantes do governo nigeriano, ampliando o debate sobre produ\u00e7\u00e3o sustent\u00e1vel e estrat\u00e9gias de combate \u00e0 fome. Al\u00e9m do semin\u00e1rio, o agr\u00f4nomo participou de oficinas pr\u00e1ticas de plantio, nas quais transmitiu t\u00e9cnicas e manejos adapt\u00e1veis \u200b\u200bao solo e ao clima nigerianos \u2014 uma troca de habilidades que refor\u00e7a o impacto direto da miss\u00e3o no campo.<\/p>\n\n\n<div class=\"wp-block-image\">\n<figure class=\"aligncenter\"><img decoding=\"async\" src=\"https:\/\/portaldoamaral.com.br\/wp-content\/uploads\/2025\/11\/Franciscma-8.jpg\" alt=\"\" class=\"wp-image-178633\"\/><\/figure>\n<\/div>\n\n\n<p><\/p>\n\n\n\n<p><strong><em>Reconhecimento Al\u00e9m das Fronteiras<\/em><\/strong><\/p>\n\n\n\n<p>Segundo Gama, a aproxima\u00e7\u00e3o com a Nig\u00e9ria ocorreu por meio da pr\u00f3pria embaixada, que estabelece na agricultura brasileira um modelo vi\u00e1vel para suas necessidades. Para o agr\u00f4nomo, representar o Tocantins nesse cen\u00e1rio \u00e9 motivo de orgulho.&nbsp;<em>\u201c\u00c9 uma honra contribuir com solu\u00e7\u00f5es que podem melhorar vidas e fortalecer a agricultura local\u201d,<\/em>&nbsp;destacou.<\/p>\n\n\n<div class=\"wp-block-image\">\n<figure class=\"aligncenter\"><img decoding=\"async\" src=\"https:\/\/portaldoamaral.com.br\/wp-content\/uploads\/2025\/11\/Franciscma-11.jpg\" alt=\"\" class=\"wp-image-178637\"\/><\/figure>\n<\/div>\n\n\n<p><\/p>\n\n\n\n<p><strong><em>Coopera\u00e7\u00e3o Ampliada e Agenda Ministerial<\/em><\/strong><\/p>\n\n\n\n<p>A miss\u00e3o tamb\u00e9m incluiu a implanta\u00e7\u00e3o de uma Unidade Experimental que re\u00fane culturas de arroz, milho, gergelim, trigo e soja. Utilizando tecnologia brasileira, o espa\u00e7o permitir\u00e1 avaliar a adaptabilidade dessas esp\u00e9cies \u00e0s condi\u00e7\u00f5es nigerianas.<br>A comitiva ainda participa de reuni\u00e3o estrat\u00e9gica com o ministro da Agricultura, senador Abubakar Kyari, para apresentar os primeiros resultados e discutir os pr\u00f3ximos passos da coopera\u00e7\u00e3o agr\u00edcola entre os dois pa\u00edses.<\/p>\n\n\n<div class=\"wp-block-image\">\n<figure class=\"aligncenter\"><img decoding=\"async\" src=\"https:\/\/portaldoamaral.com.br\/wp-content\/uploads\/2025\/11\/Franciscma-7.jpg\" alt=\"\" class=\"wp-image-178634\"\/><\/figure>\n<\/div>\n\n\n<p><\/p>\n\n\n\n<p><strong><em>Continua em Janeiro<\/em><\/strong><\/p>\n\n\n\n<p>O projeto n\u00e3o se encerra com esta viagem. Em janeiro, a equipe brasileira retornar\u00e1 \u00e0 Nig\u00e9ria para acompanhar o desenvolvimento das atividades implantadas e ampliar o suporte t\u00e9cnico. Especialista em produ\u00e7\u00e3o de arroz, Francismar se destaca como pe\u00e7a-chave dessa parceria, levando consigo o nome de Formoso do Araguaia e do Tocantins a um novo patamar de reconhecimento internacional.<\/p>\n\n\n\n<p><\/p>\n\n\n<div class=\"wp-block-image\">\n<figure class=\"aligncenter\"><img decoding=\"async\" src=\"https:\/\/portaldoamaral.com.br\/wp-content\/uploads\/2025\/11\/Franciscma-9.jpg\" alt=\"\" class=\"wp-image-178635\"\/><\/figure>\n<\/div>\n\n\n<p><\/p>\n\n\n<div class=\"wp-block-image\">\n<figure class=\"aligncenter\"><img decoding=\"async\" src=\"https:\/\/portaldoamaral.com.br\/wp-content\/uploads\/2025\/11\/Franciscma-5.jpg\" alt=\"\" class=\"wp-image-178631\"\/><\/figure>\n<\/div>\n\n\n<p><\/p>\n\n\n<div class=\"wp-block-image\">\n<figure class=\"aligncenter\"><img decoding=\"async\" src=\"https:\/\/portaldoamaral.com.br\/wp-content\/uploads\/2025\/11\/Franciscma-6.jpg\" alt=\"\" class=\"wp-image-178632\"\/><\/figure>\n<\/div>\n\n\n<p><\/p>\n\n\n<div class=\"wp-block-image\">\n<figure class=\"aligncenter\"><img decoding=\"async\" src=\"https:\/\/portaldoamaral.com.br\/wp-content\/uploads\/2025\/11\/Franciscma-1.jpg\" alt=\"\" class=\"wp-image-178638\"\/><\/figure>\n<\/div>\n\n\n<p><\/p>\n\n\n\n<figure class=\"wp-block-image size-full is-resized\"><img loading=\"lazy\" decoding=\"async\" width=\"727\" height=\"184\" src=\"https:\/\/focotocantinense.com.br\/wp-content\/uploads\/2025\/11\/SHOW-DE-HUMOR-DE-VINICIUS-MARTINS-6.jpeg\" alt=\"\" class=\"wp-image-11429\" style=\"width:840px;height:auto\" srcset=\"https:\/\/focotocantinense.com.br\/wp-content\/uploads\/2025\/11\/SHOW-DE-HUMOR-DE-VINICIUS-MARTINS-6.jpeg 727w, https:\/\/focotocantinense.com.br\/wp-content\/uploads\/2025\/11\/SHOW-DE-HUMOR-DE-VINICIUS-MARTINS-6-300x76.jpeg 300w\" sizes=\"auto, (max-width: 727px) 100vw, 727px\" \/><\/figure>\n\n\n\n<p><a href=\"https:\/\/www.facebook.com\/sharer\/sharer.php?u=https%3A%2F%2Fportaldoamaral.com.br%2Fagronomo-formosense-integra-missao-brasileira-na-nigeria-em-fortalecimento-acoes-contra-a-fome%2F\" rel=\"noreferrer noopener\" target=\"_blank\"><\/a><a href=\"https:\/\/twitter.com\/intent\/tweet?text=Agr%C3%B4nomo%20formosense%20integra%20miss%C3%A3o%20brasileira%20na%20Nig%C3%A9ria%20em%20fortalecimento%20a%20a%C3%A7%C3%B5es%20contra%20a%20fome&amp;url=https%3A%2F%2Fportaldoamaral.com.br%2Fagronomo-formosense-integra-missao-brasileira-na-nigeria-em-fortalecimento-acoes-contra-a-fome%2F\" rel=\"noreferrer noopener\" target=\"_blank\"><\/a><a href=\"https:\/\/www.linkedin.com\/sharing\/share-offsite\/?url=https%3A%2F%2Fportaldoamaral.com.br%2Fagronomo-formosense-integra-missao-brasileira-na-nigeria-em-fortalecimento-acoes-contra-a-fome%2F\" rel=\"noreferrer noopener\" target=\"_blank\"><\/a><a href=\"https:\/\/api.whatsapp.com\/send?text=Agr%C3%B4nomo%20formosense%20integra%20miss%C3%A3o%20brasileira%20na%20Nig%C3%A9ria%20em%20fortalecimento%20a%20a%C3%A7%C3%B5es%20contra%20a%20fome%20https%3A%2F%2Fportaldoamaral.com.br%2Fagronomo-formosense-integra-missao-brasileira-na-nigeria-em-fortalecimento-acoes-contra-a-fome%2F\" rel=\"noreferrer noopener\" target=\"_blank\"><\/a><a href=\"https:\/\/telegram.me\/share\/url?url=https%3A%2F%2Fportaldoamaral.com.br%2Fagronomo-formosense-integra-missao-brasileira-na-nigeria-em-fortalecimento-acoes-contra-a-fome%2F&amp;text=Agr%C3%B4nomo%20formosense%20integra%20miss%C3%A3o%20brasileira%20na%20Nig%C3%A9ria%20em%20fortalecimento%20a%20a%C3%A7%C3%B5es%20contra%20a%20fome\" rel=\"noreferrer noopener\" target=\"_blank\"><\/a><a href=\"https:\/\/www.threads.net\/intent\/post?text=Agr%C3%B4nomo%20formosense%20integra%20miss%C3%A3o%20brasileira%20na%20Nig%C3%A9ria%20em%20fortalecimento%20a%20a%C3%A7%C3%B5es%20contra%20a%20fome%20https%3A%2F%2Fportaldoamaral.com.br%2Fagronomo-formosense-integra-missao-brasileira-na-nigeria-em-fortalecimento-acoes-contra-a-fome%2F\" rel=\"noreferrer noopener\" target=\"_blank\"><\/a><a href=\"https:\/\/portaldoamaral.com.br\/agronomo-formosense-integra-missao-brasileira-na-nigeria-em-fortalecimento-acoes-contra-a-fome\/\"><\/a><\/p>\n","protected":false},"excerpt":{"rendered":"<p>Por Jonas Amaral Reconhecida por revelar profissionais de excel\u00eancia, Formoso do Araguaia ganha mais uma vez espa\u00e7o no mapa da compet\u00eancia brasileira. O engenheiro agr\u00f4nomo Francismar Rodrigues Gama, um dos nomes de destaque do munic\u00edpio, acaba de participar de uma miss\u00e3o internacional na Nig\u00e9ria, onde dedicou mais de 15 dias a a\u00e7\u00f5es de combate \u00e0 &hellip;<\/p>\n","protected":false},"author":5,"featured_media":11451,"comment_status":"open","ping_status":"open","sticky":false,"template":"","format":"standard","meta":{"footnotes":""},"categories":[51],"tags":[],"class_list":["post-11450","post","type-post","status-publish","format-standard","has-post-thumbnail","","category-formoso-do-araguaia"],"_links":{"self":[{"href":"https:\/\/focotocantinense.com.br\/index.php?rest_route=\/wp\/v2\/posts\/11450","targetHints":{"allow":["GET"]}}],"collection":[{"href":"https:\/\/focotocantinense.com.br\/index.php?rest_route=\/wp\/v2\/posts"}],"about":[{"href":"https:\/\/focotocantinense.com.br\/index.php?rest_route=\/wp\/v2\/types\/post"}],"author":[{"embeddable":true,"href":"https:\/\/focotocantinense.com.br\/index.php?rest_route=\/wp\/v2\/users\/5"}],"replies":[{"embeddable":true,"href":"https:\/\/focotocantinense.com.br\/index.php?rest_route=%2Fwp%2Fv2%2Fcomments&post=11450"}],"version-history":[{"count":5,"href":"https:\/\/focotocantinense.com.br\/index.php?rest_route=\/wp\/v2\/posts\/11450\/revisions"}],"predecessor-version":[{"id":11457,"href":"https:\/\/focotocantinense.com.br\/index.php?rest_route=\/wp\/v2\/posts\/11450\/revisions\/11457"}],"wp:featuredmedia":[{"embeddable":true,"href":"https:\/\/focotocantinense.com.br\/index.php?rest_route=\/wp\/v2\/media\/11451"}],"wp:attachment":[{"href":"https:\/\/focotocantinense.com.br\/index.php?rest_route=%2Fwp%2Fv2%2Fmedia&parent=11450"}],"wp:term":[{"taxonomy":"category","embeddable":true,"href":"https:\/\/focotocantinense.com.br\/index.php?rest_route=%2Fwp%2Fv2%2Fcategories&post=11450"},{"taxonomy":"post_tag","embeddable":true,"href":"https:\/\/focotocantinense.com.br\/index.php?rest_route=%2Fwp%2Fv2%2Ftags&post=11450"}],"curies":[{"name":"wp","href":"https:\/\/api.w.org\/{rel}","templated":true}]}}