{"id":11439,"date":"2025-11-21T11:10:33","date_gmt":"2025-11-21T14:10:33","guid":{"rendered":"https:\/\/focotocantinense.com.br\/?p=11439"},"modified":"2025-11-21T11:16:59","modified_gmt":"2025-11-21T14:16:59","slug":"sarau-literario-com-o-poeta-andre-goveia-movimenta-colegio-de-palmas","status":"publish","type":"post","link":"https:\/\/focotocantinense.com.br\/?p=11439","title":{"rendered":"Sarau liter\u00e1rio com o poeta Andr\u00e9 Goveia movimenta col\u00e9gio de Palmas"},"content":{"rendered":"\n<p><strong>Por Sandra Meirelles<\/strong><\/p>\n\n\n\n<figure class=\"wp-block-image is-resized\"><img decoding=\"async\" src=\"https:\/\/www.n1to.com.br\/img\/cache\/800x400\/80\/crop\/Imagem-a9c7467724b685aab15127e9edf92fdc.jpeg\" alt=\"\" style=\"width:400px;height:auto\"\/><\/figure>\n\n\n\n<p><\/p>\n\n\n\n<p>No \u00faltimo dia 18, o&nbsp;Col\u00e9gio Albert Einstein, em Palmas, recebeu a visita ilustre do &nbsp;poeta e professor Andr\u00e9 Goveia, &nbsp;que foi a atra\u00e7\u00e3o especial do &nbsp;sarau liter\u00e1rio \u201c<strong><em>Vozes do Cerrado: Cantos, Contos e Encantos do Tocantins<\/em><\/strong>\u201d. Na oportunidade, Goveia participou de uma roda de conversa liter\u00e1ria, onde&nbsp; falou um pouco da sua trajet\u00f3ria cultural e destacou a import\u00e2ncia da leitura na forma\u00e7\u00e3o intelectual dos alunos.<\/p>\n\n\n\n<p><\/p>\n\n\n\n<p><strong>Valoriza\u00e7\u00e3o dos artistas&nbsp;<\/strong><\/p>\n\n\n\n<p>A&nbsp;professora Mauric\u00e9ia Bastos da Silva, informou que o objetivo dessa iniciativa \u00e9 o de valorizar os artistas, escritores e tradi\u00e7\u00f5es culturais do Tocantins por meio de apresenta\u00e7\u00f5es musicais, po\u00e9ticas, teatrais, exposi\u00e7\u00f5es visuais e dan\u00e7a, como tamb\u00e9m incentivar a leitura e o conhecimento da literatura local, promovendo a integra\u00e7\u00e3o entre diferentes express\u00f5es art\u00edsticas (poesia, m\u00fasica, pintura, teatro, dan\u00e7a);<\/p>\n\n\n\n<p><\/p>\n\n\n\n<p><strong>Credenciais do Autor<\/strong><\/p>\n\n\n\n<p>Natural de Tocant\u00ednia, Andr\u00e9 Goveia \u00e9 escritor, poeta, professor de carreira da rede estadual, professor na Universidade da Maturidade (UFT\/UMA), pedagogo, especialista em Gest\u00e3o Educacional e Metodologias de Ensino, licenciado em Letras. Tamb\u00e9m, \u00e9 Mestre&nbsp; &nbsp;em Educa\u00e7\u00e3o.&nbsp; &nbsp;O autor integra os quadros de&nbsp; &nbsp; membro correspondente da Academia Gurupiense de Letras (AGL),&nbsp; &nbsp;da Academia Paraisense de Letras (APL) e da Academia de Letras de Aragua\u00edna (Acalanto), da Academia Capixaba de Letras e Artes dos Poetas Trovadores (ACLAPTCTC), bem como, da&nbsp; Academia de Letras e Artes de Goi\u00e1s (ALG).<\/p>\n\n\n\n<p>Participou do Anu\u00e1rio de Poetas e Escritores do Tocantins, nas edi\u00e7\u00f5es de 2016, 2017, 2018 e 2019, bem como, da&nbsp; &nbsp;Antologia Veloso \u2013 2020.&nbsp; &nbsp; Tamb\u00e9m est\u00e1 presente na colet\u00e2nea Literatura Tocantinense (2020), organizada pelo professor Pedro Albeirice da Rocha.<\/p>\n\n\n\n<p>Al\u00e9m de \u201cCapim Dourado Po\u00e9tico\u201d, Goveia \u00e9 autor de mais outros&nbsp; cinco&nbsp; livros individuais&nbsp; no g\u00eanero poesia,&nbsp; sendo eles: \u201cRecitando a Vida\u201d (2018),&nbsp; \u201cPoesias da Vida\u201d (2019),&nbsp; \u201cHoje \u00e9 dia de Poesia\u201d (2020),&nbsp; \u201cPoetizando Vidas\u201d (2021) e \u201cVersos M\u00e1gicos\u201d, todos publicados pela Editora Veloso, de Gurupi.<\/p>\n\n\n\n<figure class=\"wp-block-image size-full is-resized\"><img loading=\"lazy\" decoding=\"async\" width=\"727\" height=\"184\" src=\"https:\/\/focotocantinense.com.br\/wp-content\/uploads\/2025\/11\/SHOW-DE-HUMOR-DE-VINICIUS-MARTINS-6.jpeg\" alt=\"\" class=\"wp-image-11429\" style=\"width:840px;height:auto\" srcset=\"https:\/\/focotocantinense.com.br\/wp-content\/uploads\/2025\/11\/SHOW-DE-HUMOR-DE-VINICIUS-MARTINS-6.jpeg 727w, https:\/\/focotocantinense.com.br\/wp-content\/uploads\/2025\/11\/SHOW-DE-HUMOR-DE-VINICIUS-MARTINS-6-300x76.jpeg 300w\" sizes=\"auto, (max-width: 727px) 100vw, 727px\" \/><\/figure>\n\n\n\n<p>&#8230;<\/p>\n","protected":false},"excerpt":{"rendered":"<p>Por Sandra Meirelles No \u00faltimo dia 18, o&nbsp;Col\u00e9gio Albert Einstein, em Palmas, recebeu a visita ilustre do &nbsp;poeta e professor Andr\u00e9 Goveia, &nbsp;que foi a atra\u00e7\u00e3o especial do &nbsp;sarau liter\u00e1rio \u201cVozes do Cerrado: Cantos, Contos e Encantos do Tocantins\u201d. Na oportunidade, Goveia participou de uma roda de conversa liter\u00e1ria, onde&nbsp; falou um pouco da sua &hellip;<\/p>\n","protected":false},"author":5,"featured_media":11440,"comment_status":"open","ping_status":"open","sticky":false,"template":"","format":"standard","meta":{"footnotes":""},"categories":[38],"tags":[],"class_list":["post-11439","post","type-post","status-publish","format-standard","has-post-thumbnail","","category-gurupi"],"_links":{"self":[{"href":"https:\/\/focotocantinense.com.br\/index.php?rest_route=\/wp\/v2\/posts\/11439","targetHints":{"allow":["GET"]}}],"collection":[{"href":"https:\/\/focotocantinense.com.br\/index.php?rest_route=\/wp\/v2\/posts"}],"about":[{"href":"https:\/\/focotocantinense.com.br\/index.php?rest_route=\/wp\/v2\/types\/post"}],"author":[{"embeddable":true,"href":"https:\/\/focotocantinense.com.br\/index.php?rest_route=\/wp\/v2\/users\/5"}],"replies":[{"embeddable":true,"href":"https:\/\/focotocantinense.com.br\/index.php?rest_route=%2Fwp%2Fv2%2Fcomments&post=11439"}],"version-history":[{"count":6,"href":"https:\/\/focotocantinense.com.br\/index.php?rest_route=\/wp\/v2\/posts\/11439\/revisions"}],"predecessor-version":[{"id":11449,"href":"https:\/\/focotocantinense.com.br\/index.php?rest_route=\/wp\/v2\/posts\/11439\/revisions\/11449"}],"wp:featuredmedia":[{"embeddable":true,"href":"https:\/\/focotocantinense.com.br\/index.php?rest_route=\/wp\/v2\/media\/11440"}],"wp:attachment":[{"href":"https:\/\/focotocantinense.com.br\/index.php?rest_route=%2Fwp%2Fv2%2Fmedia&parent=11439"}],"wp:term":[{"taxonomy":"category","embeddable":true,"href":"https:\/\/focotocantinense.com.br\/index.php?rest_route=%2Fwp%2Fv2%2Fcategories&post=11439"},{"taxonomy":"post_tag","embeddable":true,"href":"https:\/\/focotocantinense.com.br\/index.php?rest_route=%2Fwp%2Fv2%2Ftags&post=11439"}],"curies":[{"name":"wp","href":"https:\/\/api.w.org\/{rel}","templated":true}]}}