{"id":11427,"date":"2025-11-19T19:49:21","date_gmt":"2025-11-19T22:49:21","guid":{"rendered":"https:\/\/focotocantinense.com.br\/?p=11427"},"modified":"2025-11-20T09:23:10","modified_gmt":"2025-11-20T12:23:10","slug":"comite-de-cultura-no-tocantins-leva-show-do-vozes-de-ebano-ao-encontro-nacional-dos-comites-de-cultura-e-agentes-territoriais-em-brasilia","status":"publish","type":"post","link":"https:\/\/focotocantinense.com.br\/?p=11427","title":{"rendered":"Comit\u00ea de Cultura no Tocantins leva show do Vozes de \u00c9bano ao Encontro Nacional dos Comit\u00eas de Cultura e Agentes Territoriais, em Bras\u00edlia"},"content":{"rendered":"\n<p>O Comit\u00ea de Cultura no Tocantins levar\u00e1 show com o grupo tocantinense Vozes de \u00c9bano ao Encontro Nacional dos Comit\u00eas de Cultura e Agentes Territoriais, promovido pelo Minist\u00e9rio da Cultura (MinC), na Esplanada dos Minist\u00e9rios, em Bras\u00edlia (DF). O Grupo&nbsp;far\u00e1 o show de encerramento do evento na quarta-feira, 19, em apresenta\u00e7\u00e3o especial para cerca de 1 mil pessoas, sendo o espet\u00e1culo \u201cMinha Voz \u00e9 Resist\u00eancia\u201d, que exalta a ancestralidade, a for\u00e7a e a mem\u00f3ria do povo negro por meio de repert\u00f3rios marcados por identidade, emo\u00e7\u00e3o e pot\u00eancia art\u00edstica. A apresenta\u00e7\u00e3o tamb\u00e9m acontece em refer\u00eancia ao m\u00eas da Consci\u00eancia Negra.<\/p>\n\n\n\n<figure class=\"wp-block-image size-large is-resized\"><img loading=\"lazy\" decoding=\"async\" width=\"1024\" height=\"683\" src=\"https:\/\/focotocantinense.com.br\/wp-content\/uploads\/2025\/11\/AAAAAAAAAAAAAAAAAAA-1024x683.jpeg\" alt=\"\" class=\"wp-image-11428\" style=\"width:410px;height:auto\" srcset=\"https:\/\/focotocantinense.com.br\/wp-content\/uploads\/2025\/11\/AAAAAAAAAAAAAAAAAAA-1024x683.jpeg 1024w, https:\/\/focotocantinense.com.br\/wp-content\/uploads\/2025\/11\/AAAAAAAAAAAAAAAAAAA-300x200.jpeg 300w, https:\/\/focotocantinense.com.br\/wp-content\/uploads\/2025\/11\/AAAAAAAAAAAAAAAAAAA-768x512.jpeg 768w, https:\/\/focotocantinense.com.br\/wp-content\/uploads\/2025\/11\/AAAAAAAAAAAAAAAAAAA-1536x1024.jpeg 1536w, https:\/\/focotocantinense.com.br\/wp-content\/uploads\/2025\/11\/AAAAAAAAAAAAAAAAAAA-2048x1365.jpeg 2048w\" sizes=\"auto, (max-width: 1024px) 100vw, 1024px\" \/><\/figure>\n\n\n\n<p><\/p>\n\n\n\n<p>O&nbsp;&nbsp;Encontro Nacional dos Comit\u00eas de Cultura e Agentes Territoriais&nbsp;ocorre desde domingo, 16, e re\u00fane agentes territoriais, gestores p\u00fablicos, sociedade civil e representantes do Governo Federal para fortalecer a cultura como direito e pol\u00edtica p\u00fablica em todo o Pa\u00eds.&nbsp;Para o coordenador-geral do Comit\u00ea de Cultura no Tocantins, Kak\u00e1 Nogueira, levar um grupo tocantinense para o encerramento do Encontro \u00e9 motivo de orgulho. \u201cO Vozes de \u00c9bano representa a for\u00e7a da nossa cultura, da nossa hist\u00f3ria e da nossa diversidade. Levar esse grupo a Bras\u00edlia, diante de um p\u00fablico de todo o Brasil, reafirma o compromisso do Tocantins com uma pol\u00edtica cultural viva, plural e conectada com os territ\u00f3rios,\u201d destaca Kak\u00e1.<\/p>\n\n\n\n<figure class=\"wp-block-image size-large\"><img loading=\"lazy\" decoding=\"async\" width=\"1024\" height=\"683\" src=\"https:\/\/focotocantinense.com.br\/wp-content\/uploads\/2025\/11\/BBBBBB-1-1024x683.jpeg\" alt=\"\" class=\"wp-image-11432\" srcset=\"https:\/\/focotocantinense.com.br\/wp-content\/uploads\/2025\/11\/BBBBBB-1-1024x683.jpeg 1024w, https:\/\/focotocantinense.com.br\/wp-content\/uploads\/2025\/11\/BBBBBB-1-300x200.jpeg 300w, https:\/\/focotocantinense.com.br\/wp-content\/uploads\/2025\/11\/BBBBBB-1-768x512.jpeg 768w, https:\/\/focotocantinense.com.br\/wp-content\/uploads\/2025\/11\/BBBBBB-1-1536x1024.jpeg 1536w, https:\/\/focotocantinense.com.br\/wp-content\/uploads\/2025\/11\/BBBBBB-1-2048x1365.jpeg 2048w\" sizes=\"auto, (max-width: 1024px) 100vw, 1024px\" \/><\/figure>\n\n\n\n<p><\/p>\n\n\n\n<p><strong>O Grupo<\/strong><\/p>\n\n\n\n<p>Com estreia em agosto de 2024, o Grupo Vozes de \u00c9bano \u00e9 uma iniciativa art\u00edstico-cultural composta por mulheres negras do Tocantins, que utiliza a m\u00fasica, a poesia e o teatro como ferramentas de afirma\u00e7\u00e3o identit\u00e1ria, combate ao racismo e valoriza\u00e7\u00e3o das ancestralidades negras. Com uma linguagem sens\u00edvel e potente, o grupo j\u00e1 alcan\u00e7ou milhares de pessoas em apresenta\u00e7\u00f5es presenciais e online, consolidando-se como uma refer\u00eancia no cen\u00e1rio cultural do estado.<\/p>\n\n\n\n<p>Com um ano de exist\u00eancia, as artistas que est\u00e3o \u00e0 frente do grupo musical \u2013 Cinthia Abreu, Fran Santos e Malusa \u2013 t\u00eam se surpreendido com a repercuss\u00e3o, que j\u00e1 contabiliza p\u00fablico de mais de 10 mil pessoas em diversas apresenta\u00e7\u00f5es presenciais, v\u00eddeos com cerca de 30 mil visualiza\u00e7\u00f5es, equipe de cerca de 50 pessoas (sendo mais de 90% formada por pessoas negras e 80% mulheres) e ingressos esgotados em todas as temporadas de shows abertos ao p\u00fablico.<\/p>\n\n\n\n<figure class=\"wp-block-image size-large\"><img loading=\"lazy\" decoding=\"async\" width=\"1024\" height=\"768\" src=\"https:\/\/focotocantinense.com.br\/wp-content\/uploads\/2025\/11\/AAAAAAAAAAAAAAAAAAAAAA-1024x768.jpeg\" alt=\"\" class=\"wp-image-11402\" srcset=\"https:\/\/focotocantinense.com.br\/wp-content\/uploads\/2025\/11\/AAAAAAAAAAAAAAAAAAAAAA-1024x768.jpeg 1024w, https:\/\/focotocantinense.com.br\/wp-content\/uploads\/2025\/11\/AAAAAAAAAAAAAAAAAAAAAA-300x225.jpeg 300w, https:\/\/focotocantinense.com.br\/wp-content\/uploads\/2025\/11\/AAAAAAAAAAAAAAAAAAAAAA-768x576.jpeg 768w, https:\/\/focotocantinense.com.br\/wp-content\/uploads\/2025\/11\/AAAAAAAAAAAAAAAAAAAAAA.jpeg 1536w\" sizes=\"auto, (max-width: 1024px) 100vw, 1024px\" \/><\/figure>\n\n\n\n<p><\/p>\n\n\n\n<p><strong>Delega\u00e7\u00e3o Tocantins<\/strong><\/p>\n\n\n\n<p>O Tocantins participa do Encontro, desde domingo, 16, representado por uma comitiva composta por C\u00edcero Bel\u00e9m, chefe do Escrit\u00f3rio Estadual do Minist\u00e9rio da Cultura no Tocantins (CEETO); Kak\u00e1 Nogueira, coordenador-geral do Comit\u00ea de Cultura no Tocantins; professora Niccolly Zifirino, respons\u00e1vel pelo acompanhamento das a\u00e7\u00f5es dos Agentes Territoriais; representante do comit\u00ea da regi\u00e3o Sul, Socorro de Sousa Barros; e 11 Agentes Territoriais de Cultura, que atuam em \u00e1reas estrat\u00e9gicas do estado, difundindo informa\u00e7\u00f5es, articulando a\u00e7\u00f5es e mobilizando a sociedade em torno das pol\u00edticas nacionais de cultura.<\/p>\n\n\n\n<p>A participa\u00e7\u00e3o na programa\u00e7\u00e3o nacional permitir\u00e1 que a delega\u00e7\u00e3o fortale\u00e7a sua atua\u00e7\u00e3o nos territ\u00f3rios, ampliando a compreens\u00e3o das diretrizes nacionais e aprimorando estrat\u00e9gias de mobiliza\u00e7\u00e3o e articula\u00e7\u00e3o cultural no estado. Ao retornar ao Tocantins, os representantes levar\u00e3o novos encaminhamentos que ser\u00e3o disseminados entre agentes territoriais, comit\u00eas e gestores culturais. \u201cO Encontro Nacional do Programa dos Comit\u00eas de Cultura e Agentes Territoriais \u00e9 tamb\u00e9m um momento de intera\u00e7\u00f5es est\u00e9ticas onde diferentes express\u00f5es art\u00edsticas possam oportunizar intera\u00e7\u00f5es e viv\u00eancias art\u00edsticas\u201d, afirma C\u00edcero Bel\u00e9m.<\/p>\n\n\n\n<p>O evento re\u00fane representantes de todos os estados com o objetivo de ampliar a participa\u00e7\u00e3o social e territorializar as pol\u00edticas culturais no Brasil. Na segunda-feira, 18, os 602 Agentes Territoriais de Cultura das cinco regi\u00f5es do Pa\u00eds, al\u00e9m dos coordenadores estaduais e representantes do MinC, foram recebidos pelo Presidente Luiz In\u00e1cio Lula da Silva, no Pal\u00e1cio do Planalto. Na ocasi\u00e3o, o presidente assinou a mensagem encaminhando ao Congresso Nacional o Projeto de Lei do novo Plano Nacional de Cultura, que orientar\u00e1 as pol\u00edticas culturais pelos pr\u00f3ximos dez anos. \u201cEsse momento \u00e9 uma oportunidade \u00edmpar para dialogar sobre as necessidades culturais do nosso pa\u00eds e fortalecer as pol\u00edticas que atendem a cada territ\u00f3rio\u201d, refor\u00e7a Kak\u00e1 Nogueira.<\/p>\n\n\n\n<figure class=\"wp-block-image size-large\"><img loading=\"lazy\" decoding=\"async\" width=\"1024\" height=\"461\" src=\"https:\/\/focotocantinense.com.br\/wp-content\/uploads\/2025\/11\/aaaaaaaaaaaaaaaaaaaaaaaaaaaaaaaaaaaaa-1024x461.jpeg\" alt=\"\" class=\"wp-image-11436\" srcset=\"https:\/\/focotocantinense.com.br\/wp-content\/uploads\/2025\/11\/aaaaaaaaaaaaaaaaaaaaaaaaaaaaaaaaaaaaa-1024x461.jpeg 1024w, https:\/\/focotocantinense.com.br\/wp-content\/uploads\/2025\/11\/aaaaaaaaaaaaaaaaaaaaaaaaaaaaaaaaaaaaa-300x135.jpeg 300w, https:\/\/focotocantinense.com.br\/wp-content\/uploads\/2025\/11\/aaaaaaaaaaaaaaaaaaaaaaaaaaaaaaaaaaaaa-768x346.jpeg 768w, https:\/\/focotocantinense.com.br\/wp-content\/uploads\/2025\/11\/aaaaaaaaaaaaaaaaaaaaaaaaaaaaaaaaaaaaa-1536x691.jpeg 1536w, https:\/\/focotocantinense.com.br\/wp-content\/uploads\/2025\/11\/aaaaaaaaaaaaaaaaaaaaaaaaaaaaaaaaaaaaa.jpeg 1600w\" sizes=\"auto, (max-width: 1024px) 100vw, 1024px\" \/><\/figure>\n\n\n\n<p><em><strong>Secret\u00e1rio Executivo do Minist\u00e9rio da Cultura, M\u00e1rcio Tavares, subiu ao palco e aplaudiu o *Grupo tocantinense Vozes de \u00c9bano*,\u00a0 durante encerramento do *Encontro do Programa Nacional dos Comit\u00eas e dos Agentes Territoriais de Cultura*, em Bras\u00edlia.<\/strong><\/em><\/p>\n\n\n\n<p><strong>Encontro<\/strong><\/p>\n\n\n\n<p>O Encontro do Programa Nacional dos Comit\u00eas de Cultura \u00e9 um espa\u00e7o de troca, aprendizado e constru\u00e7\u00e3o coletiva promovido pelo Minist\u00e9rio da Cultura (MinC). A iniciativa re\u00fane agentes territoriais, comit\u00eas de cultura, sociedade civil e representantes do Governo Federal para fortalecer a cultura como direito e pol\u00edtica p\u00fablica. O evento \u00e9 resultado de um trabalho que nasce nos territ\u00f3rios &#8211; centros urbanos, periferias, comunidades quilombolas, ind\u00edgenas e ribeirinhas &#8211; e se consolida como uma rede viva de participa\u00e7\u00e3o social, conectando experi\u00eancias locais e o Governo Federal na constru\u00e7\u00e3o de pol\u00edticas culturais plurais e transformadoras.<\/p>\n\n\n\n<p><strong>Sobre o Comit\u00ea de Cultura<\/strong><\/p>\n\n\n\n<p>O Comit\u00ea de Cultura no Tocantins \u00e9 resultado de uma parceria entre a Federa\u00e7\u00e3o Tocantinense de Artes C\u00eanicas (FETAC), a Associa\u00e7\u00e3o Gurupiense de Artes\u00e3os (AGA) e o Instituto Social Cultural Araguaia (ISCA). Com sede em Palmas, o comit\u00ea faz parte do Programa Nacional de Comit\u00eas de Cultura do Minist\u00e9rio da Cultura e conta com representa\u00e7\u00f5es regionais: uma em Gurupi, que cobre as regi\u00f5es sul e sudeste do estado, e outra em Aragua\u00edna, respons\u00e1vel pela atua\u00e7\u00e3o no norte do Tocantins.<\/p>\n\n\n\n<figure class=\"wp-block-image size-full is-resized\"><img loading=\"lazy\" decoding=\"async\" width=\"727\" height=\"184\" src=\"https:\/\/focotocantinense.com.br\/wp-content\/uploads\/2025\/11\/SHOW-DE-HUMOR-DE-VINICIUS-MARTINS-6.jpeg\" alt=\"\" class=\"wp-image-11429\" style=\"width:839px;height:auto\" srcset=\"https:\/\/focotocantinense.com.br\/wp-content\/uploads\/2025\/11\/SHOW-DE-HUMOR-DE-VINICIUS-MARTINS-6.jpeg 727w, https:\/\/focotocantinense.com.br\/wp-content\/uploads\/2025\/11\/SHOW-DE-HUMOR-DE-VINICIUS-MARTINS-6-300x76.jpeg 300w\" sizes=\"auto, (max-width: 727px) 100vw, 727px\" \/><\/figure>\n","protected":false},"excerpt":{"rendered":"<p>O Comit\u00ea de Cultura no Tocantins levar\u00e1 show com o grupo tocantinense Vozes de \u00c9bano ao Encontro Nacional dos Comit\u00eas de Cultura e Agentes Territoriais, promovido pelo Minist\u00e9rio da Cultura (MinC), na Esplanada dos Minist\u00e9rios, em Bras\u00edlia (DF). O Grupo&nbsp;far\u00e1 o show de encerramento do evento na quarta-feira, 19, em apresenta\u00e7\u00e3o especial para cerca de &hellip;<\/p>\n","protected":false},"author":5,"featured_media":11428,"comment_status":"open","ping_status":"open","sticky":false,"template":"","format":"standard","meta":{"footnotes":""},"categories":[38],"tags":[],"class_list":["post-11427","post","type-post","status-publish","format-standard","has-post-thumbnail","","category-gurupi"],"_links":{"self":[{"href":"https:\/\/focotocantinense.com.br\/index.php?rest_route=\/wp\/v2\/posts\/11427","targetHints":{"allow":["GET"]}}],"collection":[{"href":"https:\/\/focotocantinense.com.br\/index.php?rest_route=\/wp\/v2\/posts"}],"about":[{"href":"https:\/\/focotocantinense.com.br\/index.php?rest_route=\/wp\/v2\/types\/post"}],"author":[{"embeddable":true,"href":"https:\/\/focotocantinense.com.br\/index.php?rest_route=\/wp\/v2\/users\/5"}],"replies":[{"embeddable":true,"href":"https:\/\/focotocantinense.com.br\/index.php?rest_route=%2Fwp%2Fv2%2Fcomments&post=11427"}],"version-history":[{"count":4,"href":"https:\/\/focotocantinense.com.br\/index.php?rest_route=\/wp\/v2\/posts\/11427\/revisions"}],"predecessor-version":[{"id":11438,"href":"https:\/\/focotocantinense.com.br\/index.php?rest_route=\/wp\/v2\/posts\/11427\/revisions\/11438"}],"wp:featuredmedia":[{"embeddable":true,"href":"https:\/\/focotocantinense.com.br\/index.php?rest_route=\/wp\/v2\/media\/11428"}],"wp:attachment":[{"href":"https:\/\/focotocantinense.com.br\/index.php?rest_route=%2Fwp%2Fv2%2Fmedia&parent=11427"}],"wp:term":[{"taxonomy":"category","embeddable":true,"href":"https:\/\/focotocantinense.com.br\/index.php?rest_route=%2Fwp%2Fv2%2Fcategories&post=11427"},{"taxonomy":"post_tag","embeddable":true,"href":"https:\/\/focotocantinense.com.br\/index.php?rest_route=%2Fwp%2Fv2%2Ftags&post=11427"}],"curies":[{"name":"wp","href":"https:\/\/api.w.org\/{rel}","templated":true}]}}