{"id":11420,"date":"2025-11-19T08:27:26","date_gmt":"2025-11-19T11:27:26","guid":{"rendered":"https:\/\/focotocantinense.com.br\/?p=11420"},"modified":"2025-11-19T08:27:57","modified_gmt":"2025-11-19T11:27:57","slug":"essa-ponte-reposiciona-o-tocantins-no-mapa-da-infraestrutura-do-brasil-e-impulsiona-o-futuro-afirma-o-governador-laurez-moreira-em-xambioa","status":"publish","type":"post","link":"https:\/\/focotocantinense.com.br\/?p=11420","title":{"rendered":"&#8220;Essa ponte reposiciona o Tocantins no mapa da infraestrutura do Brasil e impulsiona o futuro\u201d, afirma o governador Laurez Moreira em Xambio\u00e1"},"content":{"rendered":"\n<p>Em um ato hist\u00f3rico para o Tocantins, o governador Laurez Moreira recebeu, nesta ter\u00e7a-feira, 18, o presidente da Rep\u00fablica, Luiz In\u00e1cio Lula da Silva, em Xambio\u00e1, para a inaugura\u00e7\u00e3o da ponte que liga Xambio\u00e1\/TO a S\u00e3o Geraldo do Araguaia\/PA, sobre o Rio Araguaia, na BR-153. A estrutura era uma das obras mais aguardadas pela popula\u00e7\u00e3o dos dois estados e marca um avan\u00e7o significativo para a integra\u00e7\u00e3o regional.<\/p>\n\n\n\n<figure class=\"wp-block-image size-large is-resized\"><img loading=\"lazy\" decoding=\"async\" width=\"1024\" height=\"585\" src=\"https:\/\/focotocantinense.com.br\/wp-content\/uploads\/2025\/11\/1-LAUREZ-1024x585.jpeg\" alt=\"\" class=\"wp-image-11421\" style=\"width:360px;height:auto\" srcset=\"https:\/\/focotocantinense.com.br\/wp-content\/uploads\/2025\/11\/1-LAUREZ-1024x585.jpeg 1024w, https:\/\/focotocantinense.com.br\/wp-content\/uploads\/2025\/11\/1-LAUREZ-300x171.jpeg 300w, https:\/\/focotocantinense.com.br\/wp-content\/uploads\/2025\/11\/1-LAUREZ-768x439.jpeg 768w, https:\/\/focotocantinense.com.br\/wp-content\/uploads\/2025\/11\/1-LAUREZ-1536x878.jpeg 1536w, https:\/\/focotocantinense.com.br\/wp-content\/uploads\/2025\/11\/1-LAUREZ-2048x1170.jpeg 2048w\" sizes=\"auto, (max-width: 1024px) 100vw, 1024px\" \/><\/figure>\n\n\n\n<p><\/p>\n\n\n\n<p>A nova ponte consolida um corredor log\u00edstico estrat\u00e9gico da BR-153, reduzindo custos de frete, agilizando o escoamento da produ\u00e7\u00e3o e ampliando a competitividade do Tocantins, do Par\u00e1 e de toda a Regi\u00e3o Norte no cen\u00e1rio nacional e internacional.<\/p>\n\n\n\n<p>O governador Laurez Moreira agradeceu ao presidente Lula pela entrega da obra e ressaltou a emo\u00e7\u00e3o de participar desse momento hist\u00f3rico. \u201cPresidente Lula, \u00e9 com muita alegria que celebro este marco na hist\u00f3ria, n\u00e3o s\u00f3 do meu querido estado do Tocantins, mas do nosso Brasil. N\u00e3o tem nada melhor do que ver o sonho das pessoas sendo realizado. Muitos tocantinenses sonharam com essa grande obra, que sem d\u00favida alguma tem uma import\u00e2ncia enorme para os dois estados e tamb\u00e9m outras localidades do Brasil\u201d, frisou.<\/p>\n\n\n\n<p>O presidente da Rep\u00fablica, Luiz In\u00e1cio Lula da Silva, comentou a import\u00e2ncia desse momento para a hist\u00f3ria do Brasil, ressaltando a liberdade que a popula\u00e7\u00e3o vai ter com a conclus\u00e3o da ponte, que facilitar\u00e1 a vida dos cidad\u00e3os dos dois estados. \u201cEu agrade\u00e7o ao propriet\u00e1rio da balsa pelo servi\u00e7o prestado durante tantos anos. Agora, por\u00e9m, o Estado brasileiro voltou a assumir sua responsabilidade, garantindo uma travessia segura e digna para todos, sem que nenhum jovem, nenhuma fam\u00edlia precise se arriscar em pequenas embarca\u00e7\u00f5es. Hoje, qualquer pessoa pode atravessar de bicicleta, moto, carro, caminh\u00e3o, do jeito que quiser, com seguran\u00e7a\u201d, afirmou o presidente Lula.<\/p>\n\n\n\n<p>Para o governador do Par\u00e1, Helder Barbalho, a conclus\u00e3o da obra marca um avan\u00e7o significativo para a economia dos dois estados, consolidando Tocantins e Par\u00e1 como um importante elo de integra\u00e7\u00e3o entre a regi\u00e3o Norte e o restante do pa\u00eds. \u201cEsta ponte inaugura um novo est\u00e1gio na infraestrutura regional, fortalecendo a competitividade do agro, da produ\u00e7\u00e3o rural e de toda a voca\u00e7\u00e3o econ\u00f4mica dos nossos munic\u00edpios. A ponte reduz custos de frete, melhora o escoamento e impulsiona a gera\u00e7\u00e3o de emprego e renda\u201d, refor\u00e7ou o governador do Par\u00e1.<\/p>\n\n\n\n<p><strong>Ponte sobre o Rio Araguaia<\/strong><\/p>\n\n\n\n<p>Executada pelo Departamento Nacional de Infraestrutura de Transportes (Dnit), a obra conta com 2.010 metros de extens\u00e3o, 310 metros no lado paraense e 1.700 metros no lado tocantinense, e recebeu investimento de R$ 232,3 milh\u00f5es do Governo Federal, sendo R$ 28,8 milh\u00f5es provenientes do Novo Programa de Acelera\u00e7\u00e3o do Crescimento (PAC).<\/p>\n\n\n\n<p>A ponte foi constru\u00edda pelo m\u00e9todo de balan\u00e7o sucessivo, t\u00e9cnica que consiste na execu\u00e7\u00e3o da estrutura em etapas sim\u00e9tricas a partir de pilares centrais, utilizando segmentos chamados&nbsp;<em>aduelas<\/em>. No total, a nova estrutura possui 44 pilares, garantindo uma ponte moderna, s\u00f3lida e segura.<\/p>\n\n\n\n<p>O ministro dos Transportes, Renan Filho, destacou a magnitude da obra e explicou os processos adotados para que a ponte fosse conclu\u00edda com qualidade e entregue de forma segura \u00e0 popula\u00e7\u00e3o. \u201cA ponte ficou seis anos em obras e, no governo do presidente Lula, conclu\u00edmos os 45% finais. Essa era a maior obra em andamento no Brasil e, hoje [ter\u00e7a-feira,18] entregamos uma estrutura que integra Tocantins e Par\u00e1, fortalece a economia da regi\u00e3o Norte e amplia as oportunidades para o agroneg\u00f3cio, o turismo e a popula\u00e7\u00e3o\u201d, explicou o ministro.<\/p>\n\n\n\n<p>O prefeito de Xambio\u00e1, Mayck C\u00e2mara, enfatizou a import\u00e2ncia hist\u00f3rica da obra para a regi\u00e3o e para o Brasil. \u201cEssa \u00e9 uma vit\u00f3ria n\u00e3o s\u00f3 do paraense, n\u00e3o s\u00f3 do tocantinense, mas de todo o pa\u00eds. Porque, atrav\u00e9s dessa ponte, vai atravessar todo o desenvolvimento que liga o Norte ao restante do Brasil, \u00e0s demais cidades. \u00c9 uma obra que demorou muitos anos para ser reconstru\u00edda, mas isso n\u00e3o importa. O que importa \u00e9 que ela est\u00e1 sendo entregue hoje\u201d, ressaltou.<\/p>\n\n\n\n<p>J\u00e1 o prefeito de S\u00e3o Geraldo do Araguaia, Jefferson Oliveira, agradeceu a equipe do governo federal, ressaltando o quanto os munic\u00edpios ganham com a ponte nova. \u201cQuero agradecer ao presidente e ao ministro pelos investimentos que t\u00eam transformado S\u00e3o Geraldo. Sabemos da import\u00e2ncia da ponte para a regi\u00e3o\u201d, afirmou.<\/p>\n\n\n\n<p>\u201cN\u00f3s sabemos o quanto essa obra \u00e9 importante para o nosso desenvolvimento. Estamos vendo essa entrega com a certeza de que iremos avan\u00e7ar ainda mais, diminuindo os custos de transporte, melhorando a sa\u00fade e impulsionando o crescimento da nossa regi\u00e3o. \u00c9 uma obra que transforma a vida das pessoas e fortalece o futuro do Tocantins\u201d, finalizou o governador Laurez Moreira.<\/p>\n\n\n\n<figure class=\"wp-block-image size-full\"><img loading=\"lazy\" decoding=\"async\" width=\"1018\" height=\"582\" src=\"https:\/\/focotocantinense.com.br\/wp-content\/uploads\/2025\/11\/AAAAAAAAAAAAAAAAAAAAAA-2.jpeg\" alt=\"\" class=\"wp-image-11424\" srcset=\"https:\/\/focotocantinense.com.br\/wp-content\/uploads\/2025\/11\/AAAAAAAAAAAAAAAAAAAAAA-2.jpeg 1018w, https:\/\/focotocantinense.com.br\/wp-content\/uploads\/2025\/11\/AAAAAAAAAAAAAAAAAAAAAA-2-300x172.jpeg 300w, https:\/\/focotocantinense.com.br\/wp-content\/uploads\/2025\/11\/AAAAAAAAAAAAAAAAAAAAAA-2-768x439.jpeg 768w\" sizes=\"auto, (max-width: 1018px) 100vw, 1018px\" \/><\/figure>\n\n\n\n<p><strong>Comunidade em celebra\u00e7\u00e3o<\/strong><\/p>\n\n\n\n<p>Antes a travessia entre as cidades era poss\u00edvel somente por meio de balsa ou pequenos barcos (voadeira), no qual os pre\u00e7os por travessia variavam entre &nbsp;R$ 2 e R$ 300, dependendo da modalidade.<\/p>\n\n\n\n<p>Suamaria Silva, de 47 anos, natural de Xambio\u00e1, afirmou que a entrega da ponte representa a realiza\u00e7\u00e3o de um grande sonho. \u201c\u00c9 uma conquista que esper\u00e1vamos h\u00e1 muito tempo, n\u00e3o s\u00f3 para a nossa cidade, mas para todos, porque se trata de uma obra muito importante. Estou muito feliz, pois muitos acreditavam que isso jamais sairia do papel. E hoje estamos aqui, emocionados e agradecidos, vendo essa obra grandiosa ser entregue ao nosso munic\u00edpio e ao Brasil\u201d, comentou a tocantinense.<\/p>\n\n\n\n<p>Moradora de S\u00e3o Geraldo do Araguaia, no Par\u00e1, a professora Maria da Concei\u00e7\u00e3o compartilha do mesmo sentimento. Ela espera por essa ponte desde a inf\u00e2ncia e, agora, aos 50 anos, celebra, o que define como mais que uma ponte, e sim a realiza\u00e7\u00e3o do sonho de toda uma regi\u00e3o. \u201cEsse \u00e9 um sonho realizado para toda a nossa comunidade. Tenho muita gratid\u00e3o aos respons\u00e1veis pela obra, pelo compromisso e pela valoriza\u00e7\u00e3o da nossa regi\u00e3o. \u00c9 uma conquista que vai beneficiar os dois estados\u201d, celebrou.<\/p>\n\n\n\n<p><strong>Presen\u00e7as<\/strong><\/p>\n\n\n\n<p>Tamb\u00e9m participaram da inaugura\u00e7\u00e3o da nova ponte em Xambio\u00e1, o ministro das Cidades, Jader Filho; o ministro do Turismo, Celso Sabino; o senador Iraj\u00e1; a ex-ministra e ex-senadora, K\u00e1tia Abreu; os deputados federais Alexandre Guimar\u00e3es e Ant\u00f4nio Andrade; os deputados estaduais Eduardo Mantoan, Gip\u00e3o, Gutierres Torquato e o presidente da Assembleia Legislativa do Tocantins (Aleto), Am\u00e9lio Cayres; o prefeito de Muricil\u00e2ndia, Jo\u00e3o Victor Borges; o prefeito de Aragua\u00edna, Wagner Rodrigues; al\u00e9m do secret\u00e1rio de Estado de Assuntos Institucionais, Eduardo Sobrinho; o comandante-geral do Corpo de Bombeiros, coronel Thiago Franco Santana; o presidente do Instituto de Desenvolvimento Rural do Tocantins (Ruraltins), Adenieux Rosa; a secretaria de Estado do Trabalho e Desenvolvimento Social, Ana Carina Souto; o presidente do Instituto de Terras do Tocantins (Itertins), Herbert Brito Barros; e a presidente da Ag\u00eancia de Minera\u00e7\u00e3o do Tocantins (Ameto), Lina Ester Ribeiro.<\/p>\n\n\n\n<figure class=\"wp-block-image size-full is-resized\"><img loading=\"lazy\" decoding=\"async\" width=\"727\" height=\"184\" src=\"https:\/\/focotocantinense.com.br\/wp-content\/uploads\/2025\/11\/SHOW-DE-HUMOR-DE-VINICIUS-MARTINS-5.jpeg\" alt=\"\" class=\"wp-image-11423\" style=\"width:840px;height:auto\" srcset=\"https:\/\/focotocantinense.com.br\/wp-content\/uploads\/2025\/11\/SHOW-DE-HUMOR-DE-VINICIUS-MARTINS-5.jpeg 727w, https:\/\/focotocantinense.com.br\/wp-content\/uploads\/2025\/11\/SHOW-DE-HUMOR-DE-VINICIUS-MARTINS-5-300x76.jpeg 300w\" sizes=\"auto, (max-width: 727px) 100vw, 727px\" \/><\/figure>\n","protected":false},"excerpt":{"rendered":"<p>Em um ato hist\u00f3rico para o Tocantins, o governador Laurez Moreira recebeu, nesta ter\u00e7a-feira, 18, o presidente da Rep\u00fablica, Luiz In\u00e1cio Lula da Silva, em Xambio\u00e1, para a inaugura\u00e7\u00e3o da ponte que liga Xambio\u00e1\/TO a S\u00e3o Geraldo do Araguaia\/PA, sobre o Rio Araguaia, na BR-153. A estrutura era uma das obras mais aguardadas pela popula\u00e7\u00e3o &hellip;<\/p>\n","protected":false},"author":5,"featured_media":11421,"comment_status":"open","ping_status":"open","sticky":false,"template":"","format":"standard","meta":{"footnotes":""},"categories":[38],"tags":[],"class_list":["post-11420","post","type-post","status-publish","format-standard","has-post-thumbnail","","category-gurupi"],"_links":{"self":[{"href":"https:\/\/focotocantinense.com.br\/index.php?rest_route=\/wp\/v2\/posts\/11420","targetHints":{"allow":["GET"]}}],"collection":[{"href":"https:\/\/focotocantinense.com.br\/index.php?rest_route=\/wp\/v2\/posts"}],"about":[{"href":"https:\/\/focotocantinense.com.br\/index.php?rest_route=\/wp\/v2\/types\/post"}],"author":[{"embeddable":true,"href":"https:\/\/focotocantinense.com.br\/index.php?rest_route=\/wp\/v2\/users\/5"}],"replies":[{"embeddable":true,"href":"https:\/\/focotocantinense.com.br\/index.php?rest_route=%2Fwp%2Fv2%2Fcomments&post=11420"}],"version-history":[{"count":2,"href":"https:\/\/focotocantinense.com.br\/index.php?rest_route=\/wp\/v2\/posts\/11420\/revisions"}],"predecessor-version":[{"id":11426,"href":"https:\/\/focotocantinense.com.br\/index.php?rest_route=\/wp\/v2\/posts\/11420\/revisions\/11426"}],"wp:featuredmedia":[{"embeddable":true,"href":"https:\/\/focotocantinense.com.br\/index.php?rest_route=\/wp\/v2\/media\/11421"}],"wp:attachment":[{"href":"https:\/\/focotocantinense.com.br\/index.php?rest_route=%2Fwp%2Fv2%2Fmedia&parent=11420"}],"wp:term":[{"taxonomy":"category","embeddable":true,"href":"https:\/\/focotocantinense.com.br\/index.php?rest_route=%2Fwp%2Fv2%2Fcategories&post=11420"},{"taxonomy":"post_tag","embeddable":true,"href":"https:\/\/focotocantinense.com.br\/index.php?rest_route=%2Fwp%2Fv2%2Ftags&post=11420"}],"curies":[{"name":"wp","href":"https:\/\/api.w.org\/{rel}","templated":true}]}}