{"id":1142,"date":"2021-04-21T18:33:29","date_gmt":"2021-04-21T21:33:29","guid":{"rendered":"http:\/\/focotocantinense.com.br\/?p=1142"},"modified":"2021-04-21T18:34:52","modified_gmt":"2021-04-21T21:34:52","slug":"em-lagoa-da-confusao-regiao-do-trevo-do-setor-javaes-deve-ganhar-iluminacao-publica","status":"publish","type":"post","link":"https:\/\/focotocantinense.com.br\/?p=1142","title":{"rendered":"Em Lagoa da Confus\u00e3o, regi\u00e3o do trevo do Setor Java\u00e9s deve ganhar ilumina\u00e7\u00e3o p\u00fablica"},"content":{"rendered":"\n<p><strong>Por Zacarias Martins<\/strong><\/p>\n\n\n\n<p>Uma&nbsp; antiga e justa reivindica\u00e7\u00e3o dos moradores de Lagoa da Confus\u00e3o, a ilumina\u00e7\u00e3o do trecho que liga o centro da cidade ao Trevo do Setor Java\u00e9s, deve ser&nbsp; atendida brevemente.<\/p>\n\n\n\n<p>Numa jun\u00e7\u00e3o de esfor\u00e7os&nbsp; dos poderes Legislativo e Executivo do munic\u00edpio, buscou-se&nbsp; uma&nbsp; solu\u00e7\u00e3o definitiva para acabar&nbsp; de vez com a aus\u00eancia de ilumina\u00e7\u00e3o p\u00fablica naquela localidade e que&nbsp; tem preocupado muito os moradores.<\/p>\n\n\n\n<p>O diretor de Rela\u00e7\u00f5es Institucionais da Energisa, Alan Kardec Moreira, recebeu &nbsp;&nbsp;&nbsp;uma comitiva de autoridades de Lagoa da Confus\u00e3o, composta pelo presidente da C\u00e2mara Municipal, vereador Luiz Edvaldo Coelho dos Santos \u2013 o Di, do PTB, al\u00e9m do prefeito Thiago Carlos (DEM), vice-prefeito, Salustiano Barros (PTB), e dos vereadores Nelvi Texeira Carlos (DEM), Davi da Ambul\u00e2ncia (DC) e Alan Coelho (PMDB).<\/p>\n\n\n\n<p>Na oportunidade, entregaram um oficio &nbsp;ao diretor da Energisa solicitado daquela empresa&nbsp; &nbsp;para que desenvolva um estudo de viabilidade t\u00e9cnica visando a implanta\u00e7\u00e3o do rebaixamento da rede de energia el\u00e9trica at\u00e9 o trevo do Setor Java\u00e9s, viabilizando assim, para que a prefeitura de lagoa da Confus\u00e3o providencie, posteriormente, a t\u00e3o aguardada ilumina\u00e7\u00e3o p\u00fablica naquele trecho.<\/p>\n\n\n\n<p>De acordo com o vereador Di, o diretor da Energisa se mostrou bastante receptivo \u00e0 essa reivindica\u00e7\u00e3o e aguarda um posicionamento da empresa sobre o in\u00edcio&nbsp; do servi\u00e7o de rebaixamento de energia el\u00e9trica, no trecho compreendido do Posto Jatob\u00e1 at\u00e9&nbsp; a entrada do Setor Portal do Cerrado.<\/p>\n\n\n\n<p><\/p>\n\n\n\n<figure class=\"wp-block-image size-large\"><img loading=\"lazy\" decoding=\"async\" width=\"731\" height=\"479\" src=\"http:\/\/focotocantinense.com.br\/wp-content\/uploads\/2021\/04\/image-2.png\" alt=\"\" class=\"wp-image-1143\" srcset=\"https:\/\/focotocantinense.com.br\/wp-content\/uploads\/2021\/04\/image-2.png 731w, https:\/\/focotocantinense.com.br\/wp-content\/uploads\/2021\/04\/image-2-300x197.png 300w\" sizes=\"auto, (max-width: 731px) 100vw, 731px\" \/><\/figure>\n\n\n\n<p><strong><em>Vereador Di &#8211; Presidente da C\u00e2mara Municipal de Lagoa da Confus\u00e3o<\/em><\/strong><\/p>\n","protected":false},"excerpt":{"rendered":"<p>Por Zacarias Martins Uma&nbsp; antiga e justa reivindica\u00e7\u00e3o dos moradores de Lagoa da Confus\u00e3o, a ilumina\u00e7\u00e3o do trecho que liga o centro da cidade ao Trevo do Setor Java\u00e9s, deve ser&nbsp; atendida brevemente. Numa jun\u00e7\u00e3o de esfor\u00e7os&nbsp; dos poderes Legislativo e Executivo do munic\u00edpio, buscou-se&nbsp; uma&nbsp; solu\u00e7\u00e3o definitiva para acabar&nbsp; de vez com a aus\u00eancia &hellip;<\/p>\n","protected":false},"author":5,"featured_media":1145,"comment_status":"open","ping_status":"open","sticky":true,"template":"","format":"standard","meta":{"footnotes":""},"categories":[71,1],"tags":[],"class_list":["post-1142","post","type-post","status-publish","format-standard","has-post-thumbnail","","category-lagoa-da-confusao","category-sem-categoria"],"_links":{"self":[{"href":"https:\/\/focotocantinense.com.br\/index.php?rest_route=\/wp\/v2\/posts\/1142","targetHints":{"allow":["GET"]}}],"collection":[{"href":"https:\/\/focotocantinense.com.br\/index.php?rest_route=\/wp\/v2\/posts"}],"about":[{"href":"https:\/\/focotocantinense.com.br\/index.php?rest_route=\/wp\/v2\/types\/post"}],"author":[{"embeddable":true,"href":"https:\/\/focotocantinense.com.br\/index.php?rest_route=\/wp\/v2\/users\/5"}],"replies":[{"embeddable":true,"href":"https:\/\/focotocantinense.com.br\/index.php?rest_route=%2Fwp%2Fv2%2Fcomments&post=1142"}],"version-history":[{"count":2,"href":"https:\/\/focotocantinense.com.br\/index.php?rest_route=\/wp\/v2\/posts\/1142\/revisions"}],"predecessor-version":[{"id":1146,"href":"https:\/\/focotocantinense.com.br\/index.php?rest_route=\/wp\/v2\/posts\/1142\/revisions\/1146"}],"wp:featuredmedia":[{"embeddable":true,"href":"https:\/\/focotocantinense.com.br\/index.php?rest_route=\/wp\/v2\/media\/1145"}],"wp:attachment":[{"href":"https:\/\/focotocantinense.com.br\/index.php?rest_route=%2Fwp%2Fv2%2Fmedia&parent=1142"}],"wp:term":[{"taxonomy":"category","embeddable":true,"href":"https:\/\/focotocantinense.com.br\/index.php?rest_route=%2Fwp%2Fv2%2Fcategories&post=1142"},{"taxonomy":"post_tag","embeddable":true,"href":"https:\/\/focotocantinense.com.br\/index.php?rest_route=%2Fwp%2Fv2%2Ftags&post=1142"}],"curies":[{"name":"wp","href":"https:\/\/api.w.org\/{rel}","templated":true}]}}