{"id":11416,"date":"2025-11-17T19:39:10","date_gmt":"2025-11-17T22:39:10","guid":{"rendered":"https:\/\/focotocantinense.com.br\/?p=11416"},"modified":"2025-11-17T19:42:53","modified_gmt":"2025-11-17T22:42:53","slug":"comite-de-cultura-no-tocantins-e-parceiro-de-acao-sobre-diversidade-e-relacoes-raciais-em-araguaina","status":"publish","type":"post","link":"https:\/\/focotocantinense.com.br\/?p=11416","title":{"rendered":"Comit\u00ea de Cultura no Tocantins \u00e9 parceiro de a\u00e7\u00e3o sobre diversidade e rela\u00e7\u00f5es raciais em Aragua\u00edna"},"content":{"rendered":"\n<p><strong>Por Rodrigo Martins<\/strong><\/p>\n\n\n\n<p>Com a parceria do Comit\u00ea de Cultura no Tocantins, o Instituto Social e Cultural Araguaia (ISCA) promover\u00e1 a palestra \u201cDiversidade e Rela\u00e7\u00f5es Raciais\u201d, que discutir\u00e1 quest\u00f5es essenciais sobre igualdade racial, identidades e enfrentamento ao racismo. A atividade ser\u00e1 ministrada pelo psic\u00f3logo cl\u00ednico Maycon Douglas, especialista em Psicologia Cl\u00ednica, Direitos Humanos e Diversidade, nesta ter\u00e7a-feira, 18, \u00e0s 11h, no Espa\u00e7o Cultural de Aragua\u00edna.&nbsp;<\/p>\n\n\n\n<figure class=\"wp-block-image size-large is-resized\"><img loading=\"lazy\" decoding=\"async\" width=\"683\" height=\"1024\" src=\"https:\/\/focotocantinense.com.br\/wp-content\/uploads\/2025\/11\/Palestrante-Psicologo-Clinico-Maycon-Douglas-Divulgacao-683x1024.jpeg\" alt=\"\" class=\"wp-image-11417\" style=\"width:409px;height:auto\" srcset=\"https:\/\/focotocantinense.com.br\/wp-content\/uploads\/2025\/11\/Palestrante-Psicologo-Clinico-Maycon-Douglas-Divulgacao-683x1024.jpeg 683w, https:\/\/focotocantinense.com.br\/wp-content\/uploads\/2025\/11\/Palestrante-Psicologo-Clinico-Maycon-Douglas-Divulgacao-200x300.jpeg 200w, https:\/\/focotocantinense.com.br\/wp-content\/uploads\/2025\/11\/Palestrante-Psicologo-Clinico-Maycon-Douglas-Divulgacao-768x1151.jpeg 768w, https:\/\/focotocantinense.com.br\/wp-content\/uploads\/2025\/11\/Palestrante-Psicologo-Clinico-Maycon-Douglas-Divulgacao.jpeg 854w\" sizes=\"auto, (max-width: 683px) 100vw, 683px\" \/><\/figure>\n\n\n\n<p><\/p>\n\n\n\n<p>A iniciativa integra uma agenda de a\u00e7\u00f5es voltadas \u00e0 promo\u00e7\u00e3o da conscientiza\u00e7\u00e3o e do debate p\u00fablico sobre a import\u00e2ncia das rela\u00e7\u00f5es raciais no contexto social contempor\u00e2neo. A proposta busca estimular reflex\u00e3o, educa\u00e7\u00e3o e di\u00e1logo, contribuindo para a constru\u00e7\u00e3o de ambientes mais inclusivos, equitativos e alinhados \u00e0s pol\u00edticas de enfrentamento ao racismo.<\/p>\n\n\n\n<p>Durante a palestra, que \u00e9 gratuita e aberta ao p\u00fablico, Maycon Douglas discutir\u00e1 perspectivas psicol\u00f3gicas e sociais sobre ra\u00e7a, identidade, inclus\u00e3o e diversidade, oferecendo subs\u00eddios para que participantes compreendam de forma ampliada as din\u00e2micas que estruturam as desigualdades raciais no pa\u00eds. A iniciativa pretende fortalecer espa\u00e7os de forma\u00e7\u00e3o e sensibilidade coletiva, aproximando diferentes p\u00fablicos de temas fundamentais para a garantia de direitos.<\/p>\n\n\n\n<p>A a\u00e7\u00e3o conta com o apoio do Comit\u00ea de Cultura no Tocantins, coordenado pela Federa\u00e7\u00e3o Tocantinense de Artes C\u00eanicas (FETAC), que atua em colabora\u00e7\u00e3o com o Minist\u00e9rio da Cultura, por meio do Programa Nacional dos Comit\u00eas de Cultura (PNCC). A articula\u00e7\u00e3o refor\u00e7a o compromisso do Comit\u00ea em promover a\u00e7\u00f5es educativas, valorizar a diversidade e fortalecer redes culturais no estado.<\/p>\n\n\n\n<figure class=\"wp-block-image size-full is-resized\"><img loading=\"lazy\" decoding=\"async\" width=\"727\" height=\"184\" src=\"https:\/\/focotocantinense.com.br\/wp-content\/uploads\/2025\/11\/SHOW-DE-HUMOR-DE-VINICIUS-MARTINS-4.jpeg\" alt=\"\" class=\"wp-image-11413\" style=\"width:840px;height:auto\" srcset=\"https:\/\/focotocantinense.com.br\/wp-content\/uploads\/2025\/11\/SHOW-DE-HUMOR-DE-VINICIUS-MARTINS-4.jpeg 727w, https:\/\/focotocantinense.com.br\/wp-content\/uploads\/2025\/11\/SHOW-DE-HUMOR-DE-VINICIUS-MARTINS-4-300x76.jpeg 300w\" sizes=\"auto, (max-width: 727px) 100vw, 727px\" \/><\/figure>\n","protected":false},"excerpt":{"rendered":"<p>Por Rodrigo Martins Com a parceria do Comit\u00ea de Cultura no Tocantins, o Instituto Social e Cultural Araguaia (ISCA) promover\u00e1 a palestra \u201cDiversidade e Rela\u00e7\u00f5es Raciais\u201d, que discutir\u00e1 quest\u00f5es essenciais sobre igualdade racial, identidades e enfrentamento ao racismo. A atividade ser\u00e1 ministrada pelo psic\u00f3logo cl\u00ednico Maycon Douglas, especialista em Psicologia Cl\u00ednica, Direitos Humanos e Diversidade, &hellip;<\/p>\n","protected":false},"author":5,"featured_media":11419,"comment_status":"open","ping_status":"open","sticky":false,"template":"","format":"standard","meta":{"footnotes":""},"categories":[45],"tags":[],"class_list":["post-11416","post","type-post","status-publish","format-standard","has-post-thumbnail","","category-araguaina"],"_links":{"self":[{"href":"https:\/\/focotocantinense.com.br\/index.php?rest_route=\/wp\/v2\/posts\/11416","targetHints":{"allow":["GET"]}}],"collection":[{"href":"https:\/\/focotocantinense.com.br\/index.php?rest_route=\/wp\/v2\/posts"}],"about":[{"href":"https:\/\/focotocantinense.com.br\/index.php?rest_route=\/wp\/v2\/types\/post"}],"author":[{"embeddable":true,"href":"https:\/\/focotocantinense.com.br\/index.php?rest_route=\/wp\/v2\/users\/5"}],"replies":[{"embeddable":true,"href":"https:\/\/focotocantinense.com.br\/index.php?rest_route=%2Fwp%2Fv2%2Fcomments&post=11416"}],"version-history":[{"count":1,"href":"https:\/\/focotocantinense.com.br\/index.php?rest_route=\/wp\/v2\/posts\/11416\/revisions"}],"predecessor-version":[{"id":11418,"href":"https:\/\/focotocantinense.com.br\/index.php?rest_route=\/wp\/v2\/posts\/11416\/revisions\/11418"}],"wp:featuredmedia":[{"embeddable":true,"href":"https:\/\/focotocantinense.com.br\/index.php?rest_route=\/wp\/v2\/media\/11419"}],"wp:attachment":[{"href":"https:\/\/focotocantinense.com.br\/index.php?rest_route=%2Fwp%2Fv2%2Fmedia&parent=11416"}],"wp:term":[{"taxonomy":"category","embeddable":true,"href":"https:\/\/focotocantinense.com.br\/index.php?rest_route=%2Fwp%2Fv2%2Fcategories&post=11416"},{"taxonomy":"post_tag","embeddable":true,"href":"https:\/\/focotocantinense.com.br\/index.php?rest_route=%2Fwp%2Fv2%2Ftags&post=11416"}],"curies":[{"name":"wp","href":"https:\/\/api.w.org\/{rel}","templated":true}]}}