{"id":11401,"date":"2025-11-17T17:38:42","date_gmt":"2025-11-17T20:38:42","guid":{"rendered":"https:\/\/focotocantinense.com.br\/?p=11401"},"modified":"2025-11-17T18:37:09","modified_gmt":"2025-11-17T21:37:09","slug":"tocantins-participa-do-encontro-nacional-dos-comites-de-cultura-e-agentes-territoriais-em-brasilia","status":"publish","type":"post","link":"https:\/\/focotocantinense.com.br\/?p=11401","title":{"rendered":"Tocantins Participa do Encontro Nacional dos Comit\u00eas de Cultura e Agentes Territoriais, em Bras\u00edlia"},"content":{"rendered":"\n<p><strong><em>Por Cinthia Abreu<\/em><\/strong><\/p>\n\n\n\n<p>A delega\u00e7\u00e3o do Tocantins est\u00e1 em Bras\u00edlia, onde participa, de 16 a 19 de novembro, do Encontro Nacional dos Comit\u00eas de Cultura e Agentes Territoriais, uma iniciativa do Minist\u00e9rio da Cultura (MinC) no \u00e2mbito do Programa Nacional dos Comit\u00eas de Cultura (PNCC). O evento reunir\u00e1 representantes de todos os estados, tendo como foco o fortalecimento da participa\u00e7\u00e3o social e a territorializa\u00e7\u00e3o das pol\u00edticas culturais no Brasil.<\/p>\n\n\n\n<figure class=\"wp-block-image size-full is-resized\"><img loading=\"lazy\" decoding=\"async\" width=\"300\" height=\"200\" src=\"https:\/\/focotocantinense.com.br\/wp-content\/uploads\/2025\/11\/CCCCC.jpeg\" alt=\"\" class=\"wp-image-11404\" style=\"width:374px;height:auto\"\/><\/figure>\n\n\n\n<p><strong><em>Delega\u00e7\u00e3o do Tocantins<\/em><\/strong><\/p>\n\n\n\n<p>Na segunda-feira (17), \u00e0s 10h, o Presidente Luiz In\u00e1cio Lula da Silva receber\u00e1 no Pal\u00e1cio do Planalto os 602 Agentes Territoriais de Cultura que atuam nas cinco regi\u00f5es do Pa\u00eds, al\u00e9m dos coordenadores dos comit\u00eas estaduais e dos representantes do Minist\u00e9rio da Cultura nas 27 unidades federativas. Este encontro contar\u00e1 com a participa\u00e7\u00e3o dos representantes dos 27 comit\u00eas de cultura do Brasil.<\/p>\n\n\n\n<p>Na ocasi\u00e3o, o Presidente Lula vai assinar&nbsp; mensagem encaminhando ao Congresso Nacional o Projeto de Lei que criar\u00e1 o novo Plano Nacional de Cultura para os pr\u00f3ximos 10 anos. \u201cEsse momento \u00e9 uma oportunidade \u00edmpar para dialogar sobre as necessidades culturais do nosso pa\u00eds e fortalecer as pol\u00edticas que atendem a cada territ\u00f3rio\u201d, destaca Kak\u00e1 Nogueira, coordenador-geral do Comit\u00ea de Cultura no Tocantins.<\/p>\n\n\n\n<p>O Encontro Nacional integra as a\u00e7\u00f5es estruturantes do PNCC, um programa criado para ampliar a participa\u00e7\u00e3o cidad\u00e3 nas decis\u00f5es culturais e garantir que as pol\u00edticas p\u00fablicas tenham capilaridade em todo o Brasil. A cria\u00e7\u00e3o dos comit\u00eas de cultura nos estados e munic\u00edpios foi um compromisso assumido pelo Presidente Lula, visando fortalecer a cultura como eixo de gera\u00e7\u00e3o de trabalho e renda, inova\u00e7\u00e3o, sustentabilidade e desenvolvimento democr\u00e1tico.<\/p>\n\n\n\n<figure class=\"wp-block-image size-large\"><img loading=\"lazy\" decoding=\"async\" width=\"1024\" height=\"768\" src=\"https:\/\/focotocantinense.com.br\/wp-content\/uploads\/2025\/11\/BBBB-1024x768.jpeg\" alt=\"\" class=\"wp-image-11406\" srcset=\"https:\/\/focotocantinense.com.br\/wp-content\/uploads\/2025\/11\/BBBB-1024x768.jpeg 1024w, https:\/\/focotocantinense.com.br\/wp-content\/uploads\/2025\/11\/BBBB-300x225.jpeg 300w, https:\/\/focotocantinense.com.br\/wp-content\/uploads\/2025\/11\/BBBB-768x576.jpeg 768w, https:\/\/focotocantinense.com.br\/wp-content\/uploads\/2025\/11\/BBBB.jpeg 1280w\" sizes=\"auto, (max-width: 1024px) 100vw, 1024px\" \/><\/figure>\n\n\n\n<p><strong><em>Kak\u00e1 Nogueira, coordenador geral do Comit\u00ea de Cultura  no Tocantins e a presidente da AGA- Associa\u00e7\u00e3o Gurupiense de Artes\u00e3os,  Socorro Sousa Barros, que tamb\u00e9m coordena o Comit\u00ea de Cultura para as regi\u00f5es sul e sudeste do Tocantins,<\/em><\/strong><\/p>\n\n\n\n<p>A programa\u00e7\u00e3o oficial inclui rodas de conversa, oficinas, grupos de trabalho e plen\u00e1rias com agentes, comit\u00eas, gestores p\u00fablicos e representantes da sociedade civil.<\/p>\n\n\n\n<p><strong>Delega\u00e7\u00e3o do Tocantins<\/strong><\/p>\n\n\n\n<p>O Tocantins ser\u00e1 representado por uma comitiva composta por C\u00edcero Bel\u00e9m, chefe do Escrit\u00f3rio Estadual do Minist\u00e9rio da Cultura no Tocantins (CEETO); Kak\u00e1 Nogueira, coordenador-geral do Comit\u00ea de Cultura no Tocantins; professora Niccolly Zifirino, respons\u00e1vel pelo acompanhamento das a\u00e7\u00f5es dos Agentes Territoriais; representante do comit\u00ea da regi\u00e3o Sul, Socorro de Sousa Barros; e 11 Agentes Territoriais de Cultura, que atuam em \u00e1reas estrat\u00e9gicas do estado, difundindo informa\u00e7\u00f5es, articulando a\u00e7\u00f5es e mobilizando a sociedade em torno das pol\u00edticas nacionais de cultura.<\/p>\n\n\n\n<p>\u201cParticipar deste momento hist\u00f3rico refor\u00e7a o compromisso do Tocantins com uma pol\u00edtica cultural mais democr\u00e1tica, territorializada e conectada \u00e0s necessidades reais do povo brasileiro\u201d, afirma C\u00edcero Bel\u00e9m, coordenador do CEETO.<\/p>\n\n\n\n<figure class=\"wp-block-image size-large\"><img loading=\"lazy\" decoding=\"async\" width=\"1024\" height=\"768\" src=\"https:\/\/focotocantinense.com.br\/wp-content\/uploads\/2025\/11\/AAAAAAAAAAAAAAAAAAAAAA-1024x768.jpeg\" alt=\"\" class=\"wp-image-11402\" srcset=\"https:\/\/focotocantinense.com.br\/wp-content\/uploads\/2025\/11\/AAAAAAAAAAAAAAAAAAAAAA-1024x768.jpeg 1024w, https:\/\/focotocantinense.com.br\/wp-content\/uploads\/2025\/11\/AAAAAAAAAAAAAAAAAAAAAA-300x225.jpeg 300w, https:\/\/focotocantinense.com.br\/wp-content\/uploads\/2025\/11\/AAAAAAAAAAAAAAAAAAAAAA-768x576.jpeg 768w, https:\/\/focotocantinense.com.br\/wp-content\/uploads\/2025\/11\/AAAAAAAAAAAAAAAAAAAAAA.jpeg 1536w\" sizes=\"auto, (max-width: 1024px) 100vw, 1024px\" \/><\/figure>\n\n\n\n<p><\/p>\n\n\n\n<p><strong>A Import\u00e2ncia do Encontro para o Tocantins<\/strong><\/p>\n\n\n\n<p>A participa\u00e7\u00e3o na programa\u00e7\u00e3o nacional permitir\u00e1 que a delega\u00e7\u00e3o tocantinense fortale\u00e7a sua atua\u00e7\u00e3o nos territ\u00f3rios, ampliando a compreens\u00e3o sobre as diretrizes nacionais e aprimorando estrat\u00e9gias de mobiliza\u00e7\u00e3o e articula\u00e7\u00e3o local. Ap\u00f3s o evento, a equipe retornar\u00e1 ao estado com novos encaminhamentos que ser\u00e3o disseminados entre agentes, comit\u00eas e gestores culturais.<\/p>\n\n\n\n<p><strong>Sobre o Programa Nacional dos Comit\u00eas de Cultura (PNCC)<\/strong><\/p>\n\n\n\n<p>O Programa Nacional dos Comit\u00eas de Cultura integra a pol\u00edtica de participa\u00e7\u00e3o social do MinC, conectando agentes territoriais, comit\u00eas estaduais\/municipais e sociedade civil. O PNCC busca ampliar a cidadania cultural, fortalecer redes locais e garantir que as pol\u00edticas p\u00fablicas cheguem a todos os territ\u00f3rios do Pa\u00eds.<\/p>\n\n\n\n<figure class=\"wp-block-image size-full is-resized\"><img loading=\"lazy\" decoding=\"async\" width=\"727\" height=\"184\" src=\"https:\/\/focotocantinense.com.br\/wp-content\/uploads\/2025\/11\/SHOW-DE-HUMOR-DE-VINICIUS-MARTINS-3.jpeg\" alt=\"\" class=\"wp-image-11394\" style=\"width:840px;height:auto\" srcset=\"https:\/\/focotocantinense.com.br\/wp-content\/uploads\/2025\/11\/SHOW-DE-HUMOR-DE-VINICIUS-MARTINS-3.jpeg 727w, https:\/\/focotocantinense.com.br\/wp-content\/uploads\/2025\/11\/SHOW-DE-HUMOR-DE-VINICIUS-MARTINS-3-300x76.jpeg 300w\" sizes=\"auto, (max-width: 727px) 100vw, 727px\" \/><\/figure>\n","protected":false},"excerpt":{"rendered":"<p>Por Cinthia Abreu A delega\u00e7\u00e3o do Tocantins est\u00e1 em Bras\u00edlia, onde participa, de 16 a 19 de novembro, do Encontro Nacional dos Comit\u00eas de Cultura e Agentes Territoriais, uma iniciativa do Minist\u00e9rio da Cultura (MinC) no \u00e2mbito do Programa Nacional dos Comit\u00eas de Cultura (PNCC). O evento reunir\u00e1 representantes de todos os estados, tendo como &hellip;<\/p>\n","protected":false},"author":5,"featured_media":11402,"comment_status":"open","ping_status":"open","sticky":false,"template":"","format":"standard","meta":{"footnotes":""},"categories":[79],"tags":[],"class_list":["post-11401","post","type-post","status-publish","format-standard","has-post-thumbnail","","category-guarai"],"_links":{"self":[{"href":"https:\/\/focotocantinense.com.br\/index.php?rest_route=\/wp\/v2\/posts\/11401","targetHints":{"allow":["GET"]}}],"collection":[{"href":"https:\/\/focotocantinense.com.br\/index.php?rest_route=\/wp\/v2\/posts"}],"about":[{"href":"https:\/\/focotocantinense.com.br\/index.php?rest_route=\/wp\/v2\/types\/post"}],"author":[{"embeddable":true,"href":"https:\/\/focotocantinense.com.br\/index.php?rest_route=\/wp\/v2\/users\/5"}],"replies":[{"embeddable":true,"href":"https:\/\/focotocantinense.com.br\/index.php?rest_route=%2Fwp%2Fv2%2Fcomments&post=11401"}],"version-history":[{"count":6,"href":"https:\/\/focotocantinense.com.br\/index.php?rest_route=\/wp\/v2\/posts\/11401\/revisions"}],"predecessor-version":[{"id":11410,"href":"https:\/\/focotocantinense.com.br\/index.php?rest_route=\/wp\/v2\/posts\/11401\/revisions\/11410"}],"wp:featuredmedia":[{"embeddable":true,"href":"https:\/\/focotocantinense.com.br\/index.php?rest_route=\/wp\/v2\/media\/11402"}],"wp:attachment":[{"href":"https:\/\/focotocantinense.com.br\/index.php?rest_route=%2Fwp%2Fv2%2Fmedia&parent=11401"}],"wp:term":[{"taxonomy":"category","embeddable":true,"href":"https:\/\/focotocantinense.com.br\/index.php?rest_route=%2Fwp%2Fv2%2Fcategories&post=11401"},{"taxonomy":"post_tag","embeddable":true,"href":"https:\/\/focotocantinense.com.br\/index.php?rest_route=%2Fwp%2Fv2%2Ftags&post=11401"}],"curies":[{"name":"wp","href":"https:\/\/api.w.org\/{rel}","templated":true}]}}