{"id":11398,"date":"2025-11-16T18:30:06","date_gmt":"2025-11-16T21:30:06","guid":{"rendered":"https:\/\/focotocantinense.com.br\/?p=11398"},"modified":"2025-11-16T18:30:06","modified_gmt":"2025-11-16T21:30:06","slug":"paulo-albuquerque-apresenta-projeto-musicas-em-letras-durante-aniversario-de-gurupi","status":"publish","type":"post","link":"https:\/\/focotocantinense.com.br\/?p=11398","title":{"rendered":"Paulo Albuquerque apresenta projeto \u201cM\u00fasicas e(m) Letras\u201d durante anivers\u00e1rio de Gurupi"},"content":{"rendered":"\n<p>Na noite desta sexta-feira, 14, dentro da programa\u00e7\u00e3o oficial do anivers\u00e1rio de Gurupi, o cantor e compositor Paulo Albuquerque entregou ao p\u00fablico o projeto \u201cM\u00fasicas&nbsp;e(m)&nbsp;Letras\u201d, premiado pela Lei Aldir Blanc. A iniciativa \u00e9 uma celebra\u00e7\u00e3o da arte e da identidade tocantinense, unindo m\u00fasica e poesia em um di\u00e1logo profundo entre gera\u00e7\u00f5es de artistas do Estado. O projeto nasce da parceria de Paulo com poetas regionais, resultando em can\u00e7\u00f5es in\u00e9ditas que retratam a hist\u00f3ria, a cultura e as paisagens humanas do Tocantins.<\/p>\n\n\n\n<figure class=\"wp-block-image size-large is-resized\"><img loading=\"lazy\" decoding=\"async\" width=\"1024\" height=\"682\" src=\"https:\/\/focotocantinense.com.br\/wp-content\/uploads\/2025\/11\/Show-Paulo-Albuquerque-2-1024x682.jpeg\" alt=\"\" class=\"wp-image-11399\" style=\"width:368px;height:auto\" srcset=\"https:\/\/focotocantinense.com.br\/wp-content\/uploads\/2025\/11\/Show-Paulo-Albuquerque-2-1024x682.jpeg 1024w, https:\/\/focotocantinense.com.br\/wp-content\/uploads\/2025\/11\/Show-Paulo-Albuquerque-2-300x200.jpeg 300w, https:\/\/focotocantinense.com.br\/wp-content\/uploads\/2025\/11\/Show-Paulo-Albuquerque-2-768x512.jpeg 768w, https:\/\/focotocantinense.com.br\/wp-content\/uploads\/2025\/11\/Show-Paulo-Albuquerque-2-1536x1023.jpeg 1536w, https:\/\/focotocantinense.com.br\/wp-content\/uploads\/2025\/11\/Show-Paulo-Albuquerque-2-310x205.jpeg 310w, https:\/\/focotocantinense.com.br\/wp-content\/uploads\/2025\/11\/Show-Paulo-Albuquerque-2.jpeg 1600w\" sizes=\"auto, (max-width: 1024px) 100vw, 1024px\" \/><\/figure>\n\n\n\n<p><\/p>\n\n\n\n<p>Durante a apresenta\u00e7\u00e3o, Paulo Albuquerque mostrou quatro m\u00fasicas in\u00e9ditas: \u201cA Sorte e o Destino\u201d (Gilson Cavalcante\/Paulo Albuquerque), \u201cDeserto\u201d (Gilson Cavalcante\/Paulo Albuquerque), \u201cAlgo em Comum\u201d (Chico Chokolate, Paulo Albuquerque e Roveroni) e a homenagem a Gurupi, \u201cTerra dos Benjamim\u201d, composta em parceria com o poeta e historiador Roberto Jos\u00e9 Ribeiro, o professor Robert\u00e3o. A can\u00e7\u00e3o narra de forma po\u00e9tica a origem e a forma\u00e7\u00e3o da cidade, inspirada na figura de Benjamim, personagem que representa os primeiros desbravadores que chegaram \u00e0 regi\u00e3o em busca de um novo come\u00e7o.<\/p>\n\n\n\n<p>Al\u00e9m das in\u00e9ditas, o artista apresentou outras duas m\u00fasicas do repert\u00f3rio autoral, entre elas \u201cEm Tempo\u201d, bastante conhecida pelo p\u00fablico gurupiense.<\/p>\n\n\n\n<p>Ao final do show, Paulo Albuquerque destacou a alegria de compartilhar o projeto com a comunidade e de apresentar parcerias t\u00e3o significativas com poetas tocantinenses. Ele tamb\u00e9m agradeceu por poder lan\u00e7ar o trabalho dentro da programa\u00e7\u00e3o de anivers\u00e1rio de Gurupi, cidade que o acolheu no final da d\u00e9cada de 1980.<\/p>\n\n\n\n<p>\u201c\u00c9 uma felicidade enorme entregar este projeto e mostrar essas cria\u00e7\u00f5es que nasceram do encontro com grandes poetas do Tocantins. Ainda mais especial \u00e9 fazer isso nas comemora\u00e7\u00f5es ao anivers\u00e1rio de Gurupi, cidade que me recebeu de bra\u00e7os abertos e onde constru\u00ed minha vida profissional e pessoal\u201d, afirmou o artista.<\/p>\n\n\n\n<p>Entre o p\u00fablico presente estava a professora aposentada, S\u00f4nia Maria Ferreira, que elogiou a apresenta\u00e7\u00e3o e ressaltou a import\u00e2ncia de iniciativas culturais como esta para fortalecer a identidade local. \u201cVim \u00e0 pra\u00e7a para acompanhar a programa\u00e7\u00e3o e fui presenteada com um show muito bom. \u00c9 muito importante ver movimentos como esse valorizando nossa cultura e nossos artistas\u201d, destacou.<\/p>\n\n\n\n<p><strong>Projeto aprovado<\/strong><\/p>\n\n\n\n<p>O projeto \u201cM\u00fasicas e(m) Letras\u201d foi aprovado no Edital da Lei Aldir Blanc\/2024, do Governo Federal, por meio do Minist\u00e9rio da Cultura, e \u00e9 operacionalizado pelo Governo do Tocantins, por meio da Secretaria de Cultura. A proposta prev\u00ea a produ\u00e7\u00e3o de quatro videoclipes, j\u00e1 em fase de grava\u00e7\u00e3o, que celebram as parcerias de Paulo Albuquerque com poetas tocantinenses, al\u00e9m da realiza\u00e7\u00e3o de dois shows abertos ao p\u00fablico.<\/p>\n\n\n\n<figure class=\"wp-block-image size-full is-resized\"><img loading=\"lazy\" decoding=\"async\" width=\"727\" height=\"184\" src=\"https:\/\/focotocantinense.com.br\/wp-content\/uploads\/2025\/11\/SHOW-DE-HUMOR-DE-VINICIUS-MARTINS-3.jpeg\" alt=\"\" class=\"wp-image-11394\" style=\"width:840px;height:auto\" srcset=\"https:\/\/focotocantinense.com.br\/wp-content\/uploads\/2025\/11\/SHOW-DE-HUMOR-DE-VINICIUS-MARTINS-3.jpeg 727w, https:\/\/focotocantinense.com.br\/wp-content\/uploads\/2025\/11\/SHOW-DE-HUMOR-DE-VINICIUS-MARTINS-3-300x76.jpeg 300w\" sizes=\"auto, (max-width: 727px) 100vw, 727px\" \/><\/figure>\n","protected":false},"excerpt":{"rendered":"<p>Na noite desta sexta-feira, 14, dentro da programa\u00e7\u00e3o oficial do anivers\u00e1rio de Gurupi, o cantor e compositor Paulo Albuquerque entregou ao p\u00fablico o projeto \u201cM\u00fasicas&nbsp;e(m)&nbsp;Letras\u201d, premiado pela Lei Aldir Blanc. A iniciativa \u00e9 uma celebra\u00e7\u00e3o da arte e da identidade tocantinense, unindo m\u00fasica e poesia em um di\u00e1logo profundo entre gera\u00e7\u00f5es de artistas do Estado. &hellip;<\/p>\n","protected":false},"author":5,"featured_media":11399,"comment_status":"open","ping_status":"open","sticky":false,"template":"","format":"standard","meta":{"footnotes":""},"categories":[1],"tags":[],"class_list":["post-11398","post","type-post","status-publish","format-standard","has-post-thumbnail","","category-sem-categoria"],"_links":{"self":[{"href":"https:\/\/focotocantinense.com.br\/index.php?rest_route=\/wp\/v2\/posts\/11398","targetHints":{"allow":["GET"]}}],"collection":[{"href":"https:\/\/focotocantinense.com.br\/index.php?rest_route=\/wp\/v2\/posts"}],"about":[{"href":"https:\/\/focotocantinense.com.br\/index.php?rest_route=\/wp\/v2\/types\/post"}],"author":[{"embeddable":true,"href":"https:\/\/focotocantinense.com.br\/index.php?rest_route=\/wp\/v2\/users\/5"}],"replies":[{"embeddable":true,"href":"https:\/\/focotocantinense.com.br\/index.php?rest_route=%2Fwp%2Fv2%2Fcomments&post=11398"}],"version-history":[{"count":1,"href":"https:\/\/focotocantinense.com.br\/index.php?rest_route=\/wp\/v2\/posts\/11398\/revisions"}],"predecessor-version":[{"id":11400,"href":"https:\/\/focotocantinense.com.br\/index.php?rest_route=\/wp\/v2\/posts\/11398\/revisions\/11400"}],"wp:featuredmedia":[{"embeddable":true,"href":"https:\/\/focotocantinense.com.br\/index.php?rest_route=\/wp\/v2\/media\/11399"}],"wp:attachment":[{"href":"https:\/\/focotocantinense.com.br\/index.php?rest_route=%2Fwp%2Fv2%2Fmedia&parent=11398"}],"wp:term":[{"taxonomy":"category","embeddable":true,"href":"https:\/\/focotocantinense.com.br\/index.php?rest_route=%2Fwp%2Fv2%2Fcategories&post=11398"},{"taxonomy":"post_tag","embeddable":true,"href":"https:\/\/focotocantinense.com.br\/index.php?rest_route=%2Fwp%2Fv2%2Ftags&post=11398"}],"curies":[{"name":"wp","href":"https:\/\/api.w.org\/{rel}","templated":true}]}}