{"id":11392,"date":"2025-11-16T18:17:24","date_gmt":"2025-11-16T21:17:24","guid":{"rendered":"https:\/\/focotocantinense.com.br\/?p=11392"},"modified":"2025-11-16T18:17:24","modified_gmt":"2025-11-16T21:17:24","slug":"gurupi-67-anos-festival-do-pequi-celebra-cultura-e-tradicao","status":"publish","type":"post","link":"https:\/\/focotocantinense.com.br\/?p=11392","title":{"rendered":"\u00a0Gurupi 67 anos: Festival do Pequi celebra cultura e tradi\u00e7\u00e3o"},"content":{"rendered":"\n<p>Como parte das comemora\u00e7\u00f5es pelos 67 anos de Gurupi e em valoriza\u00e7\u00e3o \u00e0 identidade cultural local, foi realizada na noite deste s\u00e1bado, 15, na Pra\u00e7a do Centro Cultural Mauro Cunha, a 5\u00aa Edi\u00e7\u00e3o do Festival do Pequi. O evento \u00e9 uma parceria entre a Prefeitura de Gurupi, por meio da Secretaria Municipal de Cultura e Turismo, e a Universidade Federal do Tocantins (UFT).<\/p>\n\n\n\n<p>Neste ano, o festival trouxe uma novidade que animou ainda mais o p\u00fablico: a competi\u00e7\u00e3o foi dividida nas categorias masculina e feminina, garantindo mais equil\u00edbrio e oportunidade para todos os participantes, que t\u00eam 10 minutos para roer o maior n\u00famero poss\u00edvel do fruto de aroma forte e sabor marcante.<\/p>\n\n\n\n<p>Centenas de pessoas se inscreveram para participar, mas, ap\u00f3s sorteio, foram selecionados 10 competidores do sexo masculino e 10 do sexo feminino. A disputa come\u00e7ou com os homens e, logo depois, foi a vez das mulheres mostrarem sua habilidade com o tradicional pequi tocantinense.<\/p>\n\n\n\n<p>O festival atraiu um grande p\u00fablico, que lotou a pra\u00e7a, vibrou e torceu pelos competidores do in\u00edcio ao fim.<\/p>\n\n\n\n<figure class=\"wp-block-image size-large is-resized\"><img loading=\"lazy\" decoding=\"async\" width=\"1024\" height=\"682\" src=\"https:\/\/focotocantinense.com.br\/wp-content\/uploads\/2025\/11\/festival-do-pequi-26-1024x682.jpeg\" alt=\"\" class=\"wp-image-11396\" style=\"width:374px;height:auto\" srcset=\"https:\/\/focotocantinense.com.br\/wp-content\/uploads\/2025\/11\/festival-do-pequi-26-1024x682.jpeg 1024w, https:\/\/focotocantinense.com.br\/wp-content\/uploads\/2025\/11\/festival-do-pequi-26-300x200.jpeg 300w, https:\/\/focotocantinense.com.br\/wp-content\/uploads\/2025\/11\/festival-do-pequi-26-768x512.jpeg 768w, https:\/\/focotocantinense.com.br\/wp-content\/uploads\/2025\/11\/festival-do-pequi-26-1536x1023.jpeg 1536w, https:\/\/focotocantinense.com.br\/wp-content\/uploads\/2025\/11\/festival-do-pequi-26-310x205.jpeg 310w, https:\/\/focotocantinense.com.br\/wp-content\/uploads\/2025\/11\/festival-do-pequi-26.jpeg 1600w\" sizes=\"auto, (max-width: 1024px) 100vw, 1024px\" \/><\/figure>\n\n\n\n<p><\/p>\n\n\n\n<p>A prefeita Josi Nunes celebrou o sucesso da parceria que fortalece a cultura gurupiense. \u201c\u00c9 uma festa muito alegre, divertida e que a cada ano nos surpreende\u201d, destacou.<\/p>\n\n\n\n<p>A diretora do campus de Gurupi da UFT, Nil\u00e9ia Cristina da Silva, tamb\u00e9m comemorou a integra\u00e7\u00e3o da tradi\u00e7\u00e3o universit\u00e1ria \u00e0 programa\u00e7\u00e3o oficial do anivers\u00e1rio da cidade. Ela ressaltou a import\u00e2ncia do festival ser realizado no centro da cidade, ampliando o acesso da comunidade. \u201c\u00c9 muito importante celebrarmos essa nossa cultura, nossa culin\u00e1ria. Fortalecer nossa identidade cultural\u201d, afirmou.<\/p>\n\n\n\n<p>A Secret\u00e1ria Municipal de Cultura e Turismo, Liliane Pagliarini, refor\u00e7ou a relev\u00e2ncia do festival para o calend\u00e1rio local. \u201c\u00c9 um festival que est\u00e1 no calend\u00e1rio municipal e estamos buscando que fa\u00e7a parte tamb\u00e9m do calend\u00e1rio de eventos do Estado, para atrair cada vez mais turistas. \u00c9 um festival que vem ganhando repercuss\u00e3o\u201d, pontuou.<\/p>\n\n\n\n<p>Entre o p\u00fablico presente, dona Maria de Lourdes, moradora do setor Jardim Sevilha, contou que fez quest\u00e3o de ir prestigiar o evento. \u201cVim de casa s\u00f3 para acompanhar, porque \u00e9 uma festa que representa nossa cultura e a gente se diverte demais\u201d, relatou.<\/p>\n\n\n\n<figure class=\"wp-block-image size-full is-resized\"><img loading=\"lazy\" decoding=\"async\" width=\"582\" height=\"403\" src=\"https:\/\/focotocantinense.com.br\/wp-content\/uploads\/2025\/11\/PEQUI-BLUES.jpeg\" alt=\"\" class=\"wp-image-11395\" style=\"width:840px;height:auto\" srcset=\"https:\/\/focotocantinense.com.br\/wp-content\/uploads\/2025\/11\/PEQUI-BLUES.jpeg 582w, https:\/\/focotocantinense.com.br\/wp-content\/uploads\/2025\/11\/PEQUI-BLUES-300x208.jpeg 300w, https:\/\/focotocantinense.com.br\/wp-content\/uploads\/2025\/11\/PEQUI-BLUES-110x75.jpeg 110w\" sizes=\"auto, (max-width: 582px) 100vw, 582px\" \/><\/figure>\n\n\n\n<p><\/p>\n\n\n\n<p><strong>Ganhadores<\/strong><\/p>\n\n\n\n<p><strong>Somando as duas categorias, os 20 competidores roeram 755 pequis.<\/strong><\/p>\n\n\n\n<p><strong>Categoria Masculina<\/strong><\/p>\n\n\n\n<p>3\u00ba lugar \u2013 Augusto Cirqueira: 100 pequis<\/p>\n\n\n\n<p>2\u00ba lugar \u2013 Gabriel Aires: 101 pequis<\/p>\n\n\n\n<p>1\u00ba lugar \u2013 Marcelo Bezerra: 158 pequis<\/p>\n\n\n\n<p>Marcelo, que no ano passado ficou em segundo lugar, afirmou que o foco e a prepara\u00e7\u00e3o fizeram a diferen\u00e7a. \u201cEsse ano eu vim decidido a conquistar o primeiro lugar. Treinei bastante em casa, com ajuda dos meus filhos. Pedia para eles&nbsp;cronometrarem&nbsp;o tempo, esse treinamento era quase que di\u00e1rio, e hoje deu certo\u201d, comemorou.<\/p>\n\n\n\n<p><strong>Categoria Feminna<\/strong><\/p>\n\n\n\n<p>3\u00ba lugar \u2013 Yule Sustrunk: 119 pequis<\/p>\n\n\n\n<p>2\u00ba lugar \u2013 Tayanara Alves: 137 pequis<\/p>\n\n\n\n<p>1\u00ba lugar \u2013 Reinalda Batista: 140 pequis<\/p>\n\n\n\n<p>Reinalda, grande campe\u00e3, celebrou emocionada a vit\u00f3ria. \u201cA vit\u00f3ria veio com muita f\u00e9 em Deus, em acreditar no meu potencial e por eu amar pequi. Sa\u00ed de casa com o p\u00e9 direito, com confian\u00e7a\u201d, contou.<\/p>\n\n\n\n<p>Os vencedores receber\u00e3o premia\u00e7\u00e3o em dinheiro: R$ 3 mil para o primeiro lugar, R$ 1.500 para o segundo e R$ 500 para o terceiro colocado em cada categoria.<\/p>\n\n\n\n<figure class=\"wp-block-image size-full is-resized\"><img loading=\"lazy\" decoding=\"async\" width=\"727\" height=\"184\" src=\"https:\/\/focotocantinense.com.br\/wp-content\/uploads\/2025\/11\/SHOW-DE-HUMOR-DE-VINICIUS-MARTINS-3.jpeg\" alt=\"\" class=\"wp-image-11394\" style=\"width:840px;height:auto\" srcset=\"https:\/\/focotocantinense.com.br\/wp-content\/uploads\/2025\/11\/SHOW-DE-HUMOR-DE-VINICIUS-MARTINS-3.jpeg 727w, https:\/\/focotocantinense.com.br\/wp-content\/uploads\/2025\/11\/SHOW-DE-HUMOR-DE-VINICIUS-MARTINS-3-300x76.jpeg 300w\" sizes=\"auto, (max-width: 727px) 100vw, 727px\" \/><\/figure>\n","protected":false},"excerpt":{"rendered":"<p>Como parte das comemora\u00e7\u00f5es pelos 67 anos de Gurupi e em valoriza\u00e7\u00e3o \u00e0 identidade cultural local, foi realizada na noite deste s\u00e1bado, 15, na Pra\u00e7a do Centro Cultural Mauro Cunha, a 5\u00aa Edi\u00e7\u00e3o do Festival do Pequi. O evento \u00e9 uma parceria entre a Prefeitura de Gurupi, por meio da Secretaria Municipal de Cultura e &hellip;<\/p>\n","protected":false},"author":5,"featured_media":11393,"comment_status":"open","ping_status":"open","sticky":false,"template":"","format":"standard","meta":{"footnotes":""},"categories":[38],"tags":[],"class_list":["post-11392","post","type-post","status-publish","format-standard","has-post-thumbnail","","category-gurupi"],"_links":{"self":[{"href":"https:\/\/focotocantinense.com.br\/index.php?rest_route=\/wp\/v2\/posts\/11392","targetHints":{"allow":["GET"]}}],"collection":[{"href":"https:\/\/focotocantinense.com.br\/index.php?rest_route=\/wp\/v2\/posts"}],"about":[{"href":"https:\/\/focotocantinense.com.br\/index.php?rest_route=\/wp\/v2\/types\/post"}],"author":[{"embeddable":true,"href":"https:\/\/focotocantinense.com.br\/index.php?rest_route=\/wp\/v2\/users\/5"}],"replies":[{"embeddable":true,"href":"https:\/\/focotocantinense.com.br\/index.php?rest_route=%2Fwp%2Fv2%2Fcomments&post=11392"}],"version-history":[{"count":1,"href":"https:\/\/focotocantinense.com.br\/index.php?rest_route=\/wp\/v2\/posts\/11392\/revisions"}],"predecessor-version":[{"id":11397,"href":"https:\/\/focotocantinense.com.br\/index.php?rest_route=\/wp\/v2\/posts\/11392\/revisions\/11397"}],"wp:featuredmedia":[{"embeddable":true,"href":"https:\/\/focotocantinense.com.br\/index.php?rest_route=\/wp\/v2\/media\/11393"}],"wp:attachment":[{"href":"https:\/\/focotocantinense.com.br\/index.php?rest_route=%2Fwp%2Fv2%2Fmedia&parent=11392"}],"wp:term":[{"taxonomy":"category","embeddable":true,"href":"https:\/\/focotocantinense.com.br\/index.php?rest_route=%2Fwp%2Fv2%2Fcategories&post=11392"},{"taxonomy":"post_tag","embeddable":true,"href":"https:\/\/focotocantinense.com.br\/index.php?rest_route=%2Fwp%2Fv2%2Ftags&post=11392"}],"curies":[{"name":"wp","href":"https:\/\/api.w.org\/{rel}","templated":true}]}}