{"id":1139,"date":"2021-04-19T16:30:14","date_gmt":"2021-04-19T19:30:14","guid":{"rendered":"http:\/\/focotocantinense.com.br\/?p=1139"},"modified":"2021-04-19T16:31:32","modified_gmt":"2021-04-19T19:31:32","slug":"suplente-de-vereador-valmir-da-auto-escola-se-encontra-com-o-deputado-vilmar-de-oliveira","status":"publish","type":"post","link":"https:\/\/focotocantinense.com.br\/?p=1139","title":{"rendered":"Suplente de vereador Valmir da Auto Escola se encontra com o deputado Vilmar de Oliveira"},"content":{"rendered":"\n<p>Em Palmas, o deputado estadual &nbsp;Vilmar de Oliveira (Solidariedade), manteve conversa\u00e7\u00f5es, nesta segunda-feira, com o suplente de vereador de seu partido, em Lagoa da Confus\u00e3o, Valmir da Auto Escola, que estava acompanhado pela ex-primeira dama daquele munic\u00edpio, Karina Rodrigues.<\/p>\n\n\n\n<p>Na pauta do encontro, algumas demandas que&nbsp; o suplente de vereador Valmir da Auto Escola levou ao deputado Vilmar, na busca de apoio para que consiga carrear benef\u00edcios para Lagoa da Confus\u00e3o nesse momento delicado de pandemia que tem contribu\u00eddo para fragilizar a economia dos munic\u00edpios, principalmente, daqueles de m\u00e9dio e pequeno porte que sentem o impacto maior.<\/p>\n\n\n\n<p>\u201cO deputado Vilmar se mostrou bastante receptivo e garantiu que, na medida do poss\u00edvel ir\u00e1 contribuir para que a melhoria da qualidade de vida dos moradores de Lagoa da Confus\u00e3o, especialmente, aqueles cujas fam\u00edlias se encontram em situa\u00e7\u00e3o de vulnerabilidade social\u201d, concluiu Valmir da Auto Escola.<\/p>\n\n\n\n<figure class=\"wp-block-image\"><img decoding=\"async\" src=\"https:\/\/www.n1to.com.br\/img\/cache\/800x400\/80\/crop\/Imagem-e477144fa13eb6d5fb0a1984c74896c1.jpg\" alt=\"\"\/><figcaption><em><strong>A ex-primeira dama de Lagoa da Confus\u00e3o, Karina Rodrigues, tamb\u00e9m participou do encontro<\/strong><\/em><\/figcaption><\/figure>\n","protected":false},"excerpt":{"rendered":"<p>Em Palmas, o deputado estadual &nbsp;Vilmar de Oliveira (Solidariedade), manteve conversa\u00e7\u00f5es, nesta segunda-feira, com o suplente de vereador de seu partido, em Lagoa da Confus\u00e3o, Valmir da Auto Escola, que estava acompanhado pela ex-primeira dama daquele munic\u00edpio, Karina Rodrigues. Na pauta do encontro, algumas demandas que&nbsp; o suplente de vereador Valmir da Auto Escola levou &hellip;<\/p>\n","protected":false},"author":5,"featured_media":1141,"comment_status":"open","ping_status":"open","sticky":true,"template":"","format":"standard","meta":{"footnotes":""},"categories":[71,1],"tags":[],"class_list":["post-1139","post","type-post","status-publish","format-standard","has-post-thumbnail","","category-lagoa-da-confusao","category-sem-categoria"],"_links":{"self":[{"href":"https:\/\/focotocantinense.com.br\/index.php?rest_route=\/wp\/v2\/posts\/1139","targetHints":{"allow":["GET"]}}],"collection":[{"href":"https:\/\/focotocantinense.com.br\/index.php?rest_route=\/wp\/v2\/posts"}],"about":[{"href":"https:\/\/focotocantinense.com.br\/index.php?rest_route=\/wp\/v2\/types\/post"}],"author":[{"embeddable":true,"href":"https:\/\/focotocantinense.com.br\/index.php?rest_route=\/wp\/v2\/users\/5"}],"replies":[{"embeddable":true,"href":"https:\/\/focotocantinense.com.br\/index.php?rest_route=%2Fwp%2Fv2%2Fcomments&post=1139"}],"version-history":[{"count":1,"href":"https:\/\/focotocantinense.com.br\/index.php?rest_route=\/wp\/v2\/posts\/1139\/revisions"}],"predecessor-version":[{"id":1140,"href":"https:\/\/focotocantinense.com.br\/index.php?rest_route=\/wp\/v2\/posts\/1139\/revisions\/1140"}],"wp:featuredmedia":[{"embeddable":true,"href":"https:\/\/focotocantinense.com.br\/index.php?rest_route=\/wp\/v2\/media\/1141"}],"wp:attachment":[{"href":"https:\/\/focotocantinense.com.br\/index.php?rest_route=%2Fwp%2Fv2%2Fmedia&parent=1139"}],"wp:term":[{"taxonomy":"category","embeddable":true,"href":"https:\/\/focotocantinense.com.br\/index.php?rest_route=%2Fwp%2Fv2%2Fcategories&post=1139"},{"taxonomy":"post_tag","embeddable":true,"href":"https:\/\/focotocantinense.com.br\/index.php?rest_route=%2Fwp%2Fv2%2Ftags&post=1139"}],"curies":[{"name":"wp","href":"https:\/\/api.w.org\/{rel}","templated":true}]}}