{"id":11377,"date":"2025-11-14T18:06:17","date_gmt":"2025-11-14T21:06:17","guid":{"rendered":"https:\/\/focotocantinense.com.br\/?p=11377"},"modified":"2025-11-14T18:12:55","modified_gmt":"2025-11-14T21:12:55","slug":"sabores-e-solidariedade-em-noite-de-confraternizacao-da-febtur-tocantins","status":"publish","type":"post","link":"https:\/\/focotocantinense.com.br\/?p=11377","title":{"rendered":"Sabores e solidariedade em noite de confraterniza\u00e7\u00e3o da Febtur Tocantins"},"content":{"rendered":"\n<p>A confraterniza\u00e7\u00e3o da Febtur Tocantins, realizada no \u00faltimo dia 13 de novembro, no Flutuante Rosa Madalena, foi um sucesso, reunindo associados, convidados e uma turma muito feliz que iluminou a Praia da Graciosa com conversas, brindes e boas hist\u00f3rias.<\/p>\n\n\n\n<figure class=\"wp-block-image size-large is-resized\"><img loading=\"lazy\" decoding=\"async\" width=\"768\" height=\"1024\" src=\"https:\/\/focotocantinense.com.br\/wp-content\/uploads\/2025\/11\/2-FEBTUR-OK-768x1024.jpeg\" alt=\"\" class=\"wp-image-11380\" style=\"width:390px;height:auto\" srcset=\"https:\/\/focotocantinense.com.br\/wp-content\/uploads\/2025\/11\/2-FEBTUR-OK-768x1024.jpeg 768w, https:\/\/focotocantinense.com.br\/wp-content\/uploads\/2025\/11\/2-FEBTUR-OK-225x300.jpeg 225w, https:\/\/focotocantinense.com.br\/wp-content\/uploads\/2025\/11\/2-FEBTUR-OK-1152x1536.jpeg 1152w, https:\/\/focotocantinense.com.br\/wp-content\/uploads\/2025\/11\/2-FEBTUR-OK.jpeg 1200w\" sizes=\"auto, (max-width: 768px) 100vw, 768px\" \/><\/figure>\n\n\n\n<p><\/p>\n\n\n\n<p>Como toda boa festa precisa de boas alian\u00e7as, as parcerias brilharam: o Instituto Eu Ainda Posso Viver e a Liga Feminina de Combate ao C\u00e2ncer \u2013 Tocantins foram protagonistas dessa noite solid\u00e1ria. O drink tem\u00e1tico \u201cRosa Por Dentro\u201d, criado especialmente para a a\u00e7\u00e3o, foi o queridinho da noite, e continua fazendo o bem at\u00e9 o fim do m\u00eas, com toda a renda revertida \u00e0s duas institui\u00e7\u00f5es.<\/p>\n\n\n\n<figure class=\"wp-block-image size-large\"><img loading=\"lazy\" decoding=\"async\" width=\"768\" height=\"1024\" src=\"https:\/\/focotocantinense.com.br\/wp-content\/uploads\/2025\/11\/4-FEBTUR-OK-768x1024.jpeg\" alt=\"\" class=\"wp-image-11383\" srcset=\"https:\/\/focotocantinense.com.br\/wp-content\/uploads\/2025\/11\/4-FEBTUR-OK-768x1024.jpeg 768w, https:\/\/focotocantinense.com.br\/wp-content\/uploads\/2025\/11\/4-FEBTUR-OK-225x300.jpeg 225w, https:\/\/focotocantinense.com.br\/wp-content\/uploads\/2025\/11\/4-FEBTUR-OK-1152x1536.jpeg 1152w, https:\/\/focotocantinense.com.br\/wp-content\/uploads\/2025\/11\/4-FEBTUR-OK.jpeg 1200w\" sizes=\"auto, (max-width: 768px) 100vw, 768px\" \/><\/figure>\n\n\n\n<p><\/p>\n\n\n\n<p>Destaque para presen\u00e7a especial da Chef do Rosa de Fogo, que deixou Peixe rumo a Palmas s\u00f3 para assinar um card\u00e1pio exclusivo e inesquec\u00edvel. Ela, que \u00e9 associada da Febtur Tocantins e uma das expoentes dos sabores nativos em outras terras, tamb\u00e9m levou sua fam\u00edlia para prestigiar a noite.<\/p>\n\n\n\n<figure class=\"wp-block-image size-large\"><img loading=\"lazy\" decoding=\"async\" width=\"1024\" height=\"768\" src=\"https:\/\/focotocantinense.com.br\/wp-content\/uploads\/2025\/11\/ROSA-DE-FOGO-1024x768.jpeg\" alt=\"\" class=\"wp-image-11385\" srcset=\"https:\/\/focotocantinense.com.br\/wp-content\/uploads\/2025\/11\/ROSA-DE-FOGO-1024x768.jpeg 1024w, https:\/\/focotocantinense.com.br\/wp-content\/uploads\/2025\/11\/ROSA-DE-FOGO-300x225.jpeg 300w, https:\/\/focotocantinense.com.br\/wp-content\/uploads\/2025\/11\/ROSA-DE-FOGO-768x576.jpeg 768w, https:\/\/focotocantinense.com.br\/wp-content\/uploads\/2025\/11\/ROSA-DE-FOGO-1536x1152.jpeg 1536w, https:\/\/focotocantinense.com.br\/wp-content\/uploads\/2025\/11\/ROSA-DE-FOGO.jpeg 1600w\" sizes=\"auto, (max-width: 1024px) 100vw, 1024px\" \/><\/figure>\n\n\n\n<p><\/p>\n\n\n\n<p>A trilha musical foi conduzida pela contagiante Banda Viola de Junior, somada \u00e0 pot\u00eancia vocal de Thim Morais, Keila Lipee e ao talento gigante do compositor Lucimar. Um line-up de respeito.<\/p>\n\n\n\n<figure class=\"wp-block-image size-full is-resized\"><img loading=\"lazy\" decoding=\"async\" width=\"800\" height=\"400\" src=\"https:\/\/focotocantinense.com.br\/wp-content\/uploads\/2025\/11\/Imagem-2d8325d05b36973fb07d4f49edccb00e.jpeg\" alt=\"\" class=\"wp-image-11378\" style=\"width:840px;height:auto\" srcset=\"https:\/\/focotocantinense.com.br\/wp-content\/uploads\/2025\/11\/Imagem-2d8325d05b36973fb07d4f49edccb00e.jpeg 800w, https:\/\/focotocantinense.com.br\/wp-content\/uploads\/2025\/11\/Imagem-2d8325d05b36973fb07d4f49edccb00e-300x150.jpeg 300w, https:\/\/focotocantinense.com.br\/wp-content\/uploads\/2025\/11\/Imagem-2d8325d05b36973fb07d4f49edccb00e-768x384.jpeg 768w, https:\/\/focotocantinense.com.br\/wp-content\/uploads\/2025\/11\/Imagem-2d8325d05b36973fb07d4f49edccb00e-660x330.jpeg 660w\" sizes=\"auto, (max-width: 800px) 100vw, 800px\" \/><\/figure>\n\n\n\n<p><\/p>\n\n\n\n<p>E como manda a tradi\u00e7\u00e3o, o encontro foi tamb\u00e9m um brinde \u00e0s conquistas do ano e lan\u00e7amento do Manual de Reda\u00e7\u00e3o da Febtur, apresentado pelo presidente regional e diretor nacional de Comunica\u00e7\u00e3o, Marco Aur\u00e9lio Jacob.<\/p>\n\n\n\n<figure class=\"wp-block-image size-large\"><img loading=\"lazy\" decoding=\"async\" width=\"1024\" height=\"819\" src=\"https:\/\/focotocantinense.com.br\/wp-content\/uploads\/2025\/11\/PRINCIPAL000000-1024x819.jpeg\" alt=\"\" class=\"wp-image-11390\" srcset=\"https:\/\/focotocantinense.com.br\/wp-content\/uploads\/2025\/11\/PRINCIPAL000000-1024x819.jpeg 1024w, https:\/\/focotocantinense.com.br\/wp-content\/uploads\/2025\/11\/PRINCIPAL000000-300x240.jpeg 300w, https:\/\/focotocantinense.com.br\/wp-content\/uploads\/2025\/11\/PRINCIPAL000000-768x614.jpeg 768w, https:\/\/focotocantinense.com.br\/wp-content\/uploads\/2025\/11\/PRINCIPAL000000-1536x1229.jpeg 1536w, https:\/\/focotocantinense.com.br\/wp-content\/uploads\/2025\/11\/PRINCIPAL000000.jpeg 1600w\" sizes=\"auto, (max-width: 1024px) 100vw, 1024px\" \/><\/figure>\n\n\n\n<p><\/p>\n\n\n\n<figure class=\"wp-block-image size-large is-resized\"><img loading=\"lazy\" decoding=\"async\" width=\"768\" height=\"1024\" src=\"https:\/\/focotocantinense.com.br\/wp-content\/uploads\/2025\/11\/7-FEBTUR-768x1024.jpeg\" alt=\"\" class=\"wp-image-11388\" style=\"width:840px;height:auto\" srcset=\"https:\/\/focotocantinense.com.br\/wp-content\/uploads\/2025\/11\/7-FEBTUR-768x1024.jpeg 768w, https:\/\/focotocantinense.com.br\/wp-content\/uploads\/2025\/11\/7-FEBTUR-225x300.jpeg 225w, https:\/\/focotocantinense.com.br\/wp-content\/uploads\/2025\/11\/7-FEBTUR-1152x1536.jpeg 1152w, https:\/\/focotocantinense.com.br\/wp-content\/uploads\/2025\/11\/7-FEBTUR.jpeg 1200w\" sizes=\"auto, (max-width: 768px) 100vw, 768px\" \/><\/figure>\n\n\n\n<p><\/p>\n\n\n\n<figure class=\"wp-block-image size-full is-resized\"><img loading=\"lazy\" decoding=\"async\" width=\"727\" height=\"184\" src=\"https:\/\/focotocantinense.com.br\/wp-content\/uploads\/2025\/11\/SHOW-DE-HUMOR-DE-VINICIUS-MARTINS-2.jpeg\" alt=\"\" class=\"wp-image-11364\" style=\"width:840px;height:auto\" srcset=\"https:\/\/focotocantinense.com.br\/wp-content\/uploads\/2025\/11\/SHOW-DE-HUMOR-DE-VINICIUS-MARTINS-2.jpeg 727w, https:\/\/focotocantinense.com.br\/wp-content\/uploads\/2025\/11\/SHOW-DE-HUMOR-DE-VINICIUS-MARTINS-2-300x76.jpeg 300w\" sizes=\"auto, (max-width: 727px) 100vw, 727px\" \/><\/figure>\n","protected":false},"excerpt":{"rendered":"<p>A confraterniza\u00e7\u00e3o da Febtur Tocantins, realizada no \u00faltimo dia 13 de novembro, no Flutuante Rosa Madalena, foi um sucesso, reunindo associados, convidados e uma turma muito feliz que iluminou a Praia da Graciosa com conversas, brindes e boas hist\u00f3rias. Como toda boa festa precisa de boas alian\u00e7as, as parcerias brilharam: o Instituto Eu Ainda Posso &hellip;<\/p>\n","protected":false},"author":5,"featured_media":11378,"comment_status":"open","ping_status":"open","sticky":false,"template":"","format":"standard","meta":{"footnotes":""},"categories":[79],"tags":[],"class_list":["post-11377","post","type-post","status-publish","format-standard","has-post-thumbnail","","category-guarai"],"_links":{"self":[{"href":"https:\/\/focotocantinense.com.br\/index.php?rest_route=\/wp\/v2\/posts\/11377","targetHints":{"allow":["GET"]}}],"collection":[{"href":"https:\/\/focotocantinense.com.br\/index.php?rest_route=\/wp\/v2\/posts"}],"about":[{"href":"https:\/\/focotocantinense.com.br\/index.php?rest_route=\/wp\/v2\/types\/post"}],"author":[{"embeddable":true,"href":"https:\/\/focotocantinense.com.br\/index.php?rest_route=\/wp\/v2\/users\/5"}],"replies":[{"embeddable":true,"href":"https:\/\/focotocantinense.com.br\/index.php?rest_route=%2Fwp%2Fv2%2Fcomments&post=11377"}],"version-history":[{"count":7,"href":"https:\/\/focotocantinense.com.br\/index.php?rest_route=\/wp\/v2\/posts\/11377\/revisions"}],"predecessor-version":[{"id":11391,"href":"https:\/\/focotocantinense.com.br\/index.php?rest_route=\/wp\/v2\/posts\/11377\/revisions\/11391"}],"wp:featuredmedia":[{"embeddable":true,"href":"https:\/\/focotocantinense.com.br\/index.php?rest_route=\/wp\/v2\/media\/11378"}],"wp:attachment":[{"href":"https:\/\/focotocantinense.com.br\/index.php?rest_route=%2Fwp%2Fv2%2Fmedia&parent=11377"}],"wp:term":[{"taxonomy":"category","embeddable":true,"href":"https:\/\/focotocantinense.com.br\/index.php?rest_route=%2Fwp%2Fv2%2Fcategories&post=11377"},{"taxonomy":"post_tag","embeddable":true,"href":"https:\/\/focotocantinense.com.br\/index.php?rest_route=%2Fwp%2Fv2%2Ftags&post=11377"}],"curies":[{"name":"wp","href":"https:\/\/api.w.org\/{rel}","templated":true}]}}