{"id":11367,"date":"2025-11-14T11:11:12","date_gmt":"2025-11-14T14:11:12","guid":{"rendered":"https:\/\/focotocantinense.com.br\/?p=11367"},"modified":"2025-11-14T11:11:13","modified_gmt":"2025-11-14T14:11:13","slug":"sessao-solene-na-camara-municipal-de-gurupi-celebra-os-67-anos-do-municipio","status":"publish","type":"post","link":"https:\/\/focotocantinense.com.br\/?p=11367","title":{"rendered":"Sess\u00e3o Solene na C\u00e2mara Municipal de Gurupi celebra os 67 anos do munic\u00edpio"},"content":{"rendered":"\n<p>A C\u00e2mara Municipal de Gurupi promoveu nesta quinta-feira, 13, uma Sess\u00e3o Solene em comemora\u00e7\u00e3o aos 67 anos de anivers\u00e1rio da cidade. A prefeita Josi Nunes marcou presen\u00e7a, assim como autoridades locais, representantes de institui\u00e7\u00f5es, cidad\u00e3os destacados e membros da comunidade que tamb\u00e9m estiveram presentes para homenagear a trajet\u00f3ria e celebrar o futuro do munic\u00edpio.<\/p>\n\n\n\n<figure class=\"wp-block-image size-large is-resized\"><img loading=\"lazy\" decoding=\"async\" width=\"1024\" height=\"690\" src=\"https:\/\/focotocantinense.com.br\/wp-content\/uploads\/2025\/11\/Sessao-solene-em-comemoracao-aos-67-anos-de-Gurupi-2-1024x690.jpg\" alt=\"\" class=\"wp-image-11368\" style=\"width:400px;height:auto\" srcset=\"https:\/\/focotocantinense.com.br\/wp-content\/uploads\/2025\/11\/Sessao-solene-em-comemoracao-aos-67-anos-de-Gurupi-2-1024x690.jpg 1024w, https:\/\/focotocantinense.com.br\/wp-content\/uploads\/2025\/11\/Sessao-solene-em-comemoracao-aos-67-anos-de-Gurupi-2-300x202.jpg 300w, https:\/\/focotocantinense.com.br\/wp-content\/uploads\/2025\/11\/Sessao-solene-em-comemoracao-aos-67-anos-de-Gurupi-2-768x517.jpg 768w, https:\/\/focotocantinense.com.br\/wp-content\/uploads\/2025\/11\/Sessao-solene-em-comemoracao-aos-67-anos-de-Gurupi-2-110x75.jpg 110w, https:\/\/focotocantinense.com.br\/wp-content\/uploads\/2025\/11\/Sessao-solene-em-comemoracao-aos-67-anos-de-Gurupi-2.jpg 1517w\" sizes=\"auto, (max-width: 1024px) 100vw, 1024px\" \/><\/figure>\n\n\n\n<p><\/p>\n\n\n\n<p>A prefeita de Gurupi, Josi Nunes, tamb\u00e9m fez uso da palavra, enfatizando o orgulho de liderar uma cidade com potencial e esp\u00edrito de crescimento. \u201c\u00c9 uma alegria poder celebrar esse anivers\u00e1rio ao lado da comunidade, da C\u00e2mara Municipal e de todos que acreditam no futuro de Gurupi. Estamos trabalhando para consolidar avan\u00e7os em infraestrutura, educa\u00e7\u00e3o, sa\u00fade e inclus\u00e3o social, para que nossa cidade continue sendo refer\u00eancia regional\u201d, declarou a gestora.<\/p>\n\n\n\n<p>Na abertura do evento, o presidente da C\u00e2mara, Ivanilson Marinho, dirigiu-se aos presentes, destacando a import\u00e2ncia desse momento de uni\u00e3o e reconhecimento. \u201cHoje celebramos seis d\u00e9cadas e sete anos de hist\u00f3ria, de lutas, conquistas e avan\u00e7os. Esta Sess\u00e3o Solene refor\u00e7a nosso compromisso com o desenvolvimento de Gurupi e com cada cidad\u00e3o que aqui vive, trabalha e sonha\u201d, afirmou.<\/p>\n\n\n\n<p>Durante a sess\u00e3o, vereadores destacaram os avan\u00e7os que Gurupi vem alcan\u00e7ando nas \u00e1reas de infraestrutura, educa\u00e7\u00e3o, sa\u00fade, cultura e desenvolvimento econ\u00f4mico, refor\u00e7ando o papel da cidade como um dos principais polos do sul do Tocantins. A homenagem ressaltou ainda o trabalho pioneiro de personalidades que contribu\u00edram para a constru\u00e7\u00e3o e o crescimento do munic\u00edpio desde sua funda\u00e7\u00e3o, em 14 de novembro de 1958.<\/p>\n\n\n\n<p>Ao encerrar a solenidade, os parlamentares agradeceram a participa\u00e7\u00e3o da popula\u00e7\u00e3o e refor\u00e7aram o compromisso da C\u00e2mara com o desenvolvimento sustent\u00e1vel de Gurupi. A celebra\u00e7\u00e3o dos 67 anos da cidade marcou n\u00e3o apenas uma data hist\u00f3rica, mas tamb\u00e9m a renova\u00e7\u00e3o do orgulho, da identidade e da esperan\u00e7a que movem Gurupi rumo ao futuro.<\/p>\n\n\n\n<figure class=\"wp-block-image size-full is-resized\"><img loading=\"lazy\" decoding=\"async\" width=\"727\" height=\"184\" src=\"https:\/\/focotocantinense.com.br\/wp-content\/uploads\/2025\/11\/SHOW-DE-HUMOR-DE-VINICIUS-MARTINS-2.jpeg\" alt=\"\" class=\"wp-image-11364\" style=\"width:840px;height:auto\" srcset=\"https:\/\/focotocantinense.com.br\/wp-content\/uploads\/2025\/11\/SHOW-DE-HUMOR-DE-VINICIUS-MARTINS-2.jpeg 727w, https:\/\/focotocantinense.com.br\/wp-content\/uploads\/2025\/11\/SHOW-DE-HUMOR-DE-VINICIUS-MARTINS-2-300x76.jpeg 300w\" sizes=\"auto, (max-width: 727px) 100vw, 727px\" \/><\/figure>\n","protected":false},"excerpt":{"rendered":"<p>A C\u00e2mara Municipal de Gurupi promoveu nesta quinta-feira, 13, uma Sess\u00e3o Solene em comemora\u00e7\u00e3o aos 67 anos de anivers\u00e1rio da cidade. A prefeita Josi Nunes marcou presen\u00e7a, assim como autoridades locais, representantes de institui\u00e7\u00f5es, cidad\u00e3os destacados e membros da comunidade que tamb\u00e9m estiveram presentes para homenagear a trajet\u00f3ria e celebrar o futuro do munic\u00edpio. A &hellip;<\/p>\n","protected":false},"author":5,"featured_media":11368,"comment_status":"open","ping_status":"open","sticky":false,"template":"","format":"standard","meta":{"footnotes":""},"categories":[38],"tags":[],"class_list":["post-11367","post","type-post","status-publish","format-standard","has-post-thumbnail","","category-gurupi"],"_links":{"self":[{"href":"https:\/\/focotocantinense.com.br\/index.php?rest_route=\/wp\/v2\/posts\/11367","targetHints":{"allow":["GET"]}}],"collection":[{"href":"https:\/\/focotocantinense.com.br\/index.php?rest_route=\/wp\/v2\/posts"}],"about":[{"href":"https:\/\/focotocantinense.com.br\/index.php?rest_route=\/wp\/v2\/types\/post"}],"author":[{"embeddable":true,"href":"https:\/\/focotocantinense.com.br\/index.php?rest_route=\/wp\/v2\/users\/5"}],"replies":[{"embeddable":true,"href":"https:\/\/focotocantinense.com.br\/index.php?rest_route=%2Fwp%2Fv2%2Fcomments&post=11367"}],"version-history":[{"count":1,"href":"https:\/\/focotocantinense.com.br\/index.php?rest_route=\/wp\/v2\/posts\/11367\/revisions"}],"predecessor-version":[{"id":11369,"href":"https:\/\/focotocantinense.com.br\/index.php?rest_route=\/wp\/v2\/posts\/11367\/revisions\/11369"}],"wp:featuredmedia":[{"embeddable":true,"href":"https:\/\/focotocantinense.com.br\/index.php?rest_route=\/wp\/v2\/media\/11368"}],"wp:attachment":[{"href":"https:\/\/focotocantinense.com.br\/index.php?rest_route=%2Fwp%2Fv2%2Fmedia&parent=11367"}],"wp:term":[{"taxonomy":"category","embeddable":true,"href":"https:\/\/focotocantinense.com.br\/index.php?rest_route=%2Fwp%2Fv2%2Fcategories&post=11367"},{"taxonomy":"post_tag","embeddable":true,"href":"https:\/\/focotocantinense.com.br\/index.php?rest_route=%2Fwp%2Fv2%2Ftags&post=11367"}],"curies":[{"name":"wp","href":"https:\/\/api.w.org\/{rel}","templated":true}]}}