{"id":11362,"date":"2025-11-13T08:24:07","date_gmt":"2025-11-13T11:24:07","guid":{"rendered":"https:\/\/focotocantinense.com.br\/?p=11362"},"modified":"2025-11-13T08:24:51","modified_gmt":"2025-11-13T11:24:51","slug":"brasil-antenado-mais-de-50-mil-familias-do-tocantins-e-roraima-estao-aptas-a-receber-gratuitamente-o-kit-da-nova-parabolica-digital","status":"publish","type":"post","link":"https:\/\/focotocantinense.com.br\/?p=11362","title":{"rendered":"Brasil Antenado: mais de 50 mil fam\u00edlias do Tocantins e Roraima est\u00e3o aptas a receber gratuitamente o kit da nova parab\u00f3lica digital"},"content":{"rendered":"\n<p>A Entidade Administradora da Faixa (EAF), o Minist\u00e9rio das Comunica\u00e7\u00f5es (MCom) e a Anatel detalharam nesta ter\u00e7a-feira, 11\/11, em entrevista coletiva de imprensa, como vai funcionar o atendimento do Brasil Antenado nos 47 munic\u00edpios do Tocantins e de Roraima da chamada Fase B do programa. Nos dois estados, o programa tem potencial para atender e instalar gratuitamente kits de uma nova parab\u00f3lica digital para mais de 50 mil fam\u00edlias aptas.<\/p>\n\n\n\n<p>Participaram da coletiva o CEO da EAF, Leandro Guerra, e o Secret\u00e1rio de Radiodifus\u00e3o do Minist\u00e9rio das Comunica\u00e7\u00f5es, Wilson Wellisch.<\/p>\n\n\n\n<p>\u201cAs fam\u00edlias que est\u00e3o recebendo a nova antena s\u00e3o benefici\u00e1rias de programas sociais do governo, por meio do Cadastro \u00danico. \u00c9 importante destacar que se trata de uma pol\u00edtica p\u00fablica totalmente gratuita, voltada \u00e0 inclus\u00e3o social. A televis\u00e3o aberta, especialmente em \u00e1reas rurais, \u00e9 muitas vezes a principal \u2014 e em alguns casos, a \u00fanica \u2014 fonte de informa\u00e7\u00e3o dessas comunidades\u201d, destacou Guerra.<\/p>\n\n\n\n<p>Wilson Wellisch, secret\u00e1rio de Radiodifus\u00e3o do Minist\u00e9rio das Comunica\u00e7\u00f5es, frisou a import\u00e2ncia da participa\u00e7\u00e3o das fam\u00edlias aptas a receber o kit. \u201cEssa \u00e9 uma a\u00e7\u00e3o que depende da iniciativa do pr\u00f3prio benefici\u00e1rio \u2014 de demonstrar interesse, fazer o agendamento, solicitar a instala\u00e7\u00e3o. Nosso esfor\u00e7o \u00e9 para massificar a comunica\u00e7\u00e3o e chegar o mais pr\u00f3ximo poss\u00edvel dessas fam\u00edlias. Essa \u00e9 uma pol\u00edtica p\u00fablica que busca atender de forma ampla, oferecendo som e imagem de alta defini\u00e7\u00e3o, e garantindo que essa popula\u00e7\u00e3o tenha acesso a um conte\u00fado de qualidade.\u201d<\/p>\n\n\n\n<p>Executado pela EAF, o Brasil Antenado \u00e9 um programa do MCom em parceria com a Anatel que visa garantir a fam\u00edlias de menor renda inscritas no Cad\u00danico acesso gratuito ao sinal de TV aberta digital.<\/p>\n\n\n\n<p><strong>Agendamento e instala\u00e7\u00e3o<\/strong><\/p>\n\n\n\n<p>As fam\u00edlias inscritas no Cad\u00danico das cidades contempladas podem agendar a instala\u00e7\u00e3o pelo site&nbsp;ou pelo telefone 0800 729 2404 (tamb\u00e9m dispon\u00edvel via WhatsApp). Todo o processo \u00e9 gratuito, incluindo fornecimento e instala\u00e7\u00e3o do kit da nova parab\u00f3lica digital.<\/p>\n\n\n\n<p><\/p>\n\n\n\n<p><strong>As cidades<\/strong><\/p>\n\n\n\n<p>No Tocantins, as cidades contempladas s\u00e3o: Abreul\u00e2ndia, Alvorada, Anan\u00e1s, Aparecida do Rio Negro, Aragominas, Arapoema, Bandeirantes do Tocantins, Barra do Ouro, Bernardo Say\u00e3o, Campos Lindos, Centen\u00e1rio, Chapada da Natividade, Concei\u00e7\u00e3o do Tocantins, Crix\u00e1s do Tocantins, Divin\u00f3polis do Tocantins, Dois Irm\u00e3os do Tocantins, Itacaj\u00e1, Itapiratins, Ja\u00fa do Tocantins, Lagoa do Tocantins, Lizarda, Marian\u00f3polis do Tocantins, Muricil\u00e2ndia, Novo Jardim, Palmeirante, Paran\u00e3, Pau D&#8217;Arco, Pindorama do Tocantins, Ponte Alta do Bom Jesus, Ponte Alta do Tocantins, Recursol\u00e2ndia, Riachinho, Rio da Concei\u00e7\u00e3o, Rio Sono, Sandol\u00e2ndia, Santa F\u00e9 do Araguaia, Santa Maria do Tocantins, Santa Rosa do Tocantins, Santa Tereza do Tocantins, S\u00e3o F\u00e9lix do Tocantins, S\u00e3o Salvador do Tocantins, Silvan\u00f3polis, Taipas do Tocantins e Tupiratins.<\/p>\n\n\n\n<p>J\u00e1 em Roraima, o servi\u00e7o est\u00e1 dispon\u00edvel para moradores de Alto Alegre, Amajari e Uiramut\u00e3.<\/p>\n\n\n\n<figure class=\"wp-block-image size-full\"><img loading=\"lazy\" decoding=\"async\" width=\"800\" height=\"534\" src=\"https:\/\/focotocantinense.com.br\/wp-content\/uploads\/2025\/11\/Brasil-Antenado-2.jpg\" alt=\"\" class=\"wp-image-11363\" srcset=\"https:\/\/focotocantinense.com.br\/wp-content\/uploads\/2025\/11\/Brasil-Antenado-2.jpg 800w, https:\/\/focotocantinense.com.br\/wp-content\/uploads\/2025\/11\/Brasil-Antenado-2-300x200.jpg 300w, https:\/\/focotocantinense.com.br\/wp-content\/uploads\/2025\/11\/Brasil-Antenado-2-768x513.jpg 768w\" sizes=\"auto, (max-width: 800px) 100vw, 800px\" \/><\/figure>\n\n\n\n<p><\/p>\n\n\n\n<p><strong>As fases<\/strong><\/p>\n\n\n\n<p>Leandro Guerra, da EAF, refor\u00e7ou que o programa \u00e9 executado em tr\u00eas fases em 323 munic\u00edpios de 16 estados at\u00e9 junho de 2026. Iniciada em outubro e com t\u00e9rmino previsto para 13 de mar\u00e7o de 2026, a fase B contempla 138 munic\u00edpios, sendo a que tem o maior n\u00famero de cidades participantes, com 229 mil fam\u00edlias aptas. A terceira e \u00faltima etapa ocorrer\u00e1 de 12 de janeiro a 13 de junho de 2026, atendendo mais 108 munic\u00edpios de outros estados.<\/p>\n\n\n\n<p><strong>Caravana Brasil Antenado<\/strong><\/p>\n\n\n\n<p>Com a amplia\u00e7\u00e3o do prazo da Fase A at\u00e9 dezembro, a Caravana Brasil Antenado, iniciativa que leva atendimento presencial sobre o programa, segue percorrendo os estados. O ve\u00edculo permanece um dia em cada munic\u00edpio, oferecendo demonstra\u00e7\u00f5es pr\u00e1ticas do uso da parab\u00f3lica digital e orienta\u00e7\u00f5es para o agendamento do equipamento.<\/p>\n\n\n\n<p>At\u00e9 o momento, a caravana j\u00e1 percorreu os estados do Cear\u00e1, Maranh\u00e3o, Piau\u00ed, Rio Grande do Norte, Par\u00e1 e Pernambuco e seguir\u00e1 visitando as cidades da Fase A at\u00e9 dezembro. As cidades da Fase B come\u00e7am a receber a visita da carreta em 17 de novembro. A primeira cidade ser\u00e1 S\u00e3o Jo\u00e3o da Fronteira, no Piau\u00ed.<\/p>\n\n\n\n<p>A caravana conta com o apoio das prefeituras, dos Centros de Refer\u00eancia de Assist\u00eancia Social (CRAS) e de lideran\u00e7as locais para alcan\u00e7ar as fam\u00edlias aptas.<\/p>\n\n\n\n<p><strong>Brasil Antenado<\/strong><\/p>\n\n\n\n<p>O programa foi viabilizado a partir da portaria MCom n\u00ba\u202f17.337, de 7 de abril de 2025. O objetivo central \u00e9 assegurar o acesso \u00e0 informa\u00e7\u00e3o como direito fundamental, principalmente em regi\u00f5es com sinal insuficiente, promovendo uma transforma\u00e7\u00e3o estrutural no acesso \u00e0 televis\u00e3o aberta e gratuita para diversas fam\u00edlias. O programa foi dividido em tr\u00eas fase, at\u00e9 junho de 2026.<\/p>\n\n\n\n<ul class=\"wp-block-list\">\n<li>Fase A (14\/07\/2025\u201313\/12\/25): 77 munic\u00edpios, em 6 estados (MA, PI, PA, CE, RN e PE) mais de 220 mil fam\u00edlias aptas.<\/li>\n\n\n\n<li>Fase B (13\/10\/2025 &#8211; 13\/03\/2026): 138 munic\u00edpios, em 5 estados (TO, PA, RR, PI, MA) &#8211; mais de 229 mil fam\u00edlias aptas.<\/li>\n\n\n\n<li>Fase C (12\/01\/2026 &#8211; 13\/06\/2026): 108 cidades, em 8 estados (ES, MG, GO, BA, MT, MS, RO, RS), sendo mais de 222 mil fam\u00edlias aptas<\/li>\n<\/ul>\n\n\n\n<p><strong>Sobre a EAF<\/strong><\/p>\n\n\n\n<p>A Entidade Administradora da Faixa (EAF) \u00e9 uma institui\u00e7\u00e3o sem fins lucrativos criada por determina\u00e7\u00e3o da Anatel e vinculada ao Minist\u00e9rio das Comunica\u00e7\u00f5es. Entre suas atribui\u00e7\u00f5es est\u00e3o a limpeza da faixa de 3,5 GHz, essencial para a opera\u00e7\u00e3o do 5G no pa\u00eds; a execu\u00e7\u00e3o dos programas Siga Antenado e Brasil Antenado; a implanta\u00e7\u00e3o das infovias na regi\u00e3o amaz\u00f4nica, para expandir a infraestrutura de telecomunica\u00e7\u00f5es no Norte do Brasil; e o desenvolvimento das redes privativas de comunica\u00e7\u00e3o para o Governo Federal.<\/p>\n\n\n\n<p><strong>*Fonte:&nbsp;EAF\/Brasil Antenado<\/strong><\/p>\n\n\n\n<figure class=\"wp-block-image size-full is-resized\"><img loading=\"lazy\" decoding=\"async\" width=\"727\" height=\"184\" src=\"https:\/\/focotocantinense.com.br\/wp-content\/uploads\/2025\/11\/SHOW-DE-HUMOR-DE-VINICIUS-MARTINS-2.jpeg\" alt=\"\" class=\"wp-image-11364\" style=\"width:840px;height:auto\" srcset=\"https:\/\/focotocantinense.com.br\/wp-content\/uploads\/2025\/11\/SHOW-DE-HUMOR-DE-VINICIUS-MARTINS-2.jpeg 727w, https:\/\/focotocantinense.com.br\/wp-content\/uploads\/2025\/11\/SHOW-DE-HUMOR-DE-VINICIUS-MARTINS-2-300x76.jpeg 300w\" sizes=\"auto, (max-width: 727px) 100vw, 727px\" \/><\/figure>\n","protected":false},"excerpt":{"rendered":"<p>A Entidade Administradora da Faixa (EAF), o Minist\u00e9rio das Comunica\u00e7\u00f5es (MCom) e a Anatel detalharam nesta ter\u00e7a-feira, 11\/11, em entrevista coletiva de imprensa, como vai funcionar o atendimento do Brasil Antenado nos 47 munic\u00edpios do Tocantins e de Roraima da chamada Fase B do programa. Nos dois estados, o programa tem potencial para atender e &hellip;<\/p>\n","protected":false},"author":5,"featured_media":11363,"comment_status":"open","ping_status":"open","sticky":false,"template":"","format":"standard","meta":{"footnotes":""},"categories":[79],"tags":[],"class_list":["post-11362","post","type-post","status-publish","format-standard","has-post-thumbnail","","category-guarai"],"_links":{"self":[{"href":"https:\/\/focotocantinense.com.br\/index.php?rest_route=\/wp\/v2\/posts\/11362","targetHints":{"allow":["GET"]}}],"collection":[{"href":"https:\/\/focotocantinense.com.br\/index.php?rest_route=\/wp\/v2\/posts"}],"about":[{"href":"https:\/\/focotocantinense.com.br\/index.php?rest_route=\/wp\/v2\/types\/post"}],"author":[{"embeddable":true,"href":"https:\/\/focotocantinense.com.br\/index.php?rest_route=\/wp\/v2\/users\/5"}],"replies":[{"embeddable":true,"href":"https:\/\/focotocantinense.com.br\/index.php?rest_route=%2Fwp%2Fv2%2Fcomments&post=11362"}],"version-history":[{"count":2,"href":"https:\/\/focotocantinense.com.br\/index.php?rest_route=\/wp\/v2\/posts\/11362\/revisions"}],"predecessor-version":[{"id":11366,"href":"https:\/\/focotocantinense.com.br\/index.php?rest_route=\/wp\/v2\/posts\/11362\/revisions\/11366"}],"wp:featuredmedia":[{"embeddable":true,"href":"https:\/\/focotocantinense.com.br\/index.php?rest_route=\/wp\/v2\/media\/11363"}],"wp:attachment":[{"href":"https:\/\/focotocantinense.com.br\/index.php?rest_route=%2Fwp%2Fv2%2Fmedia&parent=11362"}],"wp:term":[{"taxonomy":"category","embeddable":true,"href":"https:\/\/focotocantinense.com.br\/index.php?rest_route=%2Fwp%2Fv2%2Fcategories&post=11362"},{"taxonomy":"post_tag","embeddable":true,"href":"https:\/\/focotocantinense.com.br\/index.php?rest_route=%2Fwp%2Fv2%2Ftags&post=11362"}],"curies":[{"name":"wp","href":"https:\/\/api.w.org\/{rel}","templated":true}]}}