{"id":11353,"date":"2025-11-12T17:03:08","date_gmt":"2025-11-12T20:03:08","guid":{"rendered":"https:\/\/focotocantinense.com.br\/?p=11353"},"modified":"2025-11-12T17:04:21","modified_gmt":"2025-11-12T20:04:21","slug":"escola-do-legislativo-recebe-estudantes-de-gurupi-em-visita-guiada-pela-aleto","status":"publish","type":"post","link":"https:\/\/focotocantinense.com.br\/?p=11353","title":{"rendered":"Escola do Legislativo recebe estudantes de Gurupi em visita guiada pela Aleto"},"content":{"rendered":"\n<p>Alunos da Escola Municipal Agripino de Souza Galv\u00e3o, do munic\u00edpio de Gurupi, participaram de uma visita guiada na Assembleia Legislativa do Tocantins (Aleto), realizada nesta quarta-feira, 12.&nbsp;Durante o percurso, crian\u00e7as entre 10 e 11 anos conheceram espa\u00e7os da Casa, incluindo o Plen\u00e1rio Ant\u00f4nio Pesconi, onde ocorrem as sess\u00f5es deliberativas.<\/p>\n\n\n\n<figure class=\"wp-block-image size-large is-resized\"><img loading=\"lazy\" decoding=\"async\" width=\"1024\" height=\"635\" src=\"https:\/\/focotocantinense.com.br\/wp-content\/uploads\/2025\/11\/e1a54b19f7160c66e12bd3ac4b4b315c-1024x635.jpeg\" alt=\"\" class=\"wp-image-11355\" style=\"width:392px;height:auto\" srcset=\"https:\/\/focotocantinense.com.br\/wp-content\/uploads\/2025\/11\/e1a54b19f7160c66e12bd3ac4b4b315c-1024x635.jpeg 1024w, https:\/\/focotocantinense.com.br\/wp-content\/uploads\/2025\/11\/e1a54b19f7160c66e12bd3ac4b4b315c-300x186.jpeg 300w, https:\/\/focotocantinense.com.br\/wp-content\/uploads\/2025\/11\/e1a54b19f7160c66e12bd3ac4b4b315c-768x476.jpeg 768w, https:\/\/focotocantinense.com.br\/wp-content\/uploads\/2025\/11\/e1a54b19f7160c66e12bd3ac4b4b315c-1536x952.jpeg 1536w, https:\/\/focotocantinense.com.br\/wp-content\/uploads\/2025\/11\/e1a54b19f7160c66e12bd3ac4b4b315c.jpeg 1600w\" sizes=\"auto, (max-width: 1024px) 100vw, 1024px\" \/><\/figure>\n\n\n\n<p><\/p>\n\n\n\n<p>Recepcionados no local pelo deputado Professor J\u00fanior Geo (PSDB), os estudantes participaram de uma simula\u00e7\u00e3o, montando a Mesa Diretora e assumindo, de forma l\u00fadica, as fun\u00e7\u00f5es exercidas pelo presidente e pelos secret\u00e1rios. Uma aluna teve a oportunidade de utilizar a tribuna, vivenciando o papel de oradora em uma sess\u00e3o parlamentar. \u201cEu senti um pouco de vergonha, mas depois que voc\u00ea come\u00e7a a falar, voc\u00ea n\u00e3o quer mais parar\u201d, conta Isabela Jorge Martins, de 10 anos, a oradora da sess\u00e3o simulada.<\/p>\n\n\n\n<p>O grupo visitou ainda o gabinete do deputado Eduardo Fortes (PSD), onde conheceu o cotidiano das atividades legislativas e administrativas, bem como o processo de elabora\u00e7\u00e3o das leis.<\/p>\n\n\n\n<p>De acordo com a diretor da escola municipal, Jonatas Gomes Barreto, a visita integra um trabalho de cidadania, realizado com as crian\u00e7as, para que elas conhe\u00e7am todos os Poderes constitu\u00eddos.&nbsp;<\/p>\n\n\n\n<p>J\u00e1 o diretor da Escola do Legislativo, J\u00falio Oliveira, explicou que a recep\u00e7\u00e3o de estudantes \u00e9 uma iniciativa de valor para a institui\u00e7\u00e3o. \u201cReceber estudantes \u00e9 sempre especial. Essas visitas ajudam as crian\u00e7as a entender como funciona a Assembleia e a import\u00e2ncia de participar da vida p\u00fablica\u201d, destacou.<\/p>\n\n\n\n<p>Ao final, os participantes registraram o momento com fotos nos principais espa\u00e7os da Casa.&nbsp;<\/p>\n\n\n\n<p>A iniciativa reafirma o compromisso da Aleto em aproximar a sociedade do Poder Legislativo, estimulando o interesse das novas gera\u00e7\u00f5es pela participa\u00e7\u00e3o pol\u00edtica e pela cidadania.<\/p>\n\n\n\n<figure class=\"wp-block-image size-full is-resized\"><img loading=\"lazy\" decoding=\"async\" width=\"727\" height=\"184\" src=\"https:\/\/focotocantinense.com.br\/wp-content\/uploads\/2025\/11\/SHOW-DE-HUMOR-DE-VINICIUS-MARTINS-1.jpeg\" alt=\"\" class=\"wp-image-11354\" style=\"width:840px;height:auto\" srcset=\"https:\/\/focotocantinense.com.br\/wp-content\/uploads\/2025\/11\/SHOW-DE-HUMOR-DE-VINICIUS-MARTINS-1.jpeg 727w, https:\/\/focotocantinense.com.br\/wp-content\/uploads\/2025\/11\/SHOW-DE-HUMOR-DE-VINICIUS-MARTINS-1-300x76.jpeg 300w\" sizes=\"auto, (max-width: 727px) 100vw, 727px\" \/><\/figure>\n","protected":false},"excerpt":{"rendered":"<p>Alunos da Escola Municipal Agripino de Souza Galv\u00e3o, do munic\u00edpio de Gurupi, participaram de uma visita guiada na Assembleia Legislativa do Tocantins (Aleto), realizada nesta quarta-feira, 12.&nbsp;Durante o percurso, crian\u00e7as entre 10 e 11 anos conheceram espa\u00e7os da Casa, incluindo o Plen\u00e1rio Ant\u00f4nio Pesconi, onde ocorrem as sess\u00f5es deliberativas. Recepcionados no local pelo deputado Professor &hellip;<\/p>\n","protected":false},"author":5,"featured_media":11355,"comment_status":"open","ping_status":"open","sticky":false,"template":"","format":"standard","meta":{"footnotes":""},"categories":[38],"tags":[],"class_list":["post-11353","post","type-post","status-publish","format-standard","has-post-thumbnail","","category-gurupi"],"_links":{"self":[{"href":"https:\/\/focotocantinense.com.br\/index.php?rest_route=\/wp\/v2\/posts\/11353","targetHints":{"allow":["GET"]}}],"collection":[{"href":"https:\/\/focotocantinense.com.br\/index.php?rest_route=\/wp\/v2\/posts"}],"about":[{"href":"https:\/\/focotocantinense.com.br\/index.php?rest_route=\/wp\/v2\/types\/post"}],"author":[{"embeddable":true,"href":"https:\/\/focotocantinense.com.br\/index.php?rest_route=\/wp\/v2\/users\/5"}],"replies":[{"embeddable":true,"href":"https:\/\/focotocantinense.com.br\/index.php?rest_route=%2Fwp%2Fv2%2Fcomments&post=11353"}],"version-history":[{"count":2,"href":"https:\/\/focotocantinense.com.br\/index.php?rest_route=\/wp\/v2\/posts\/11353\/revisions"}],"predecessor-version":[{"id":11357,"href":"https:\/\/focotocantinense.com.br\/index.php?rest_route=\/wp\/v2\/posts\/11353\/revisions\/11357"}],"wp:featuredmedia":[{"embeddable":true,"href":"https:\/\/focotocantinense.com.br\/index.php?rest_route=\/wp\/v2\/media\/11355"}],"wp:attachment":[{"href":"https:\/\/focotocantinense.com.br\/index.php?rest_route=%2Fwp%2Fv2%2Fmedia&parent=11353"}],"wp:term":[{"taxonomy":"category","embeddable":true,"href":"https:\/\/focotocantinense.com.br\/index.php?rest_route=%2Fwp%2Fv2%2Fcategories&post=11353"},{"taxonomy":"post_tag","embeddable":true,"href":"https:\/\/focotocantinense.com.br\/index.php?rest_route=%2Fwp%2Fv2%2Ftags&post=11353"}],"curies":[{"name":"wp","href":"https:\/\/api.w.org\/{rel}","templated":true}]}}