{"id":11342,"date":"2025-11-10T21:01:22","date_gmt":"2025-11-11T00:01:22","guid":{"rendered":"https:\/\/focotocantinense.com.br\/?p=11342"},"modified":"2025-11-10T21:02:58","modified_gmt":"2025-11-11T00:02:58","slug":"refeitura-de-gurupi-realiza-programacao-especial-em-comemoracao-aos-67-anos-da-cidade","status":"publish","type":"post","link":"https:\/\/focotocantinense.com.br\/?p=11342","title":{"rendered":"Prefeitura de Gurupi realiza programa\u00e7\u00e3o especial em comemora\u00e7\u00e3o aos 67 anos da cidade"},"content":{"rendered":"\n<p><\/p>\n\n\n\n<p>A Prefeitura de Gurupi preparou uma programa\u00e7\u00e3o especial para celebrar os 67 anos de emancipa\u00e7\u00e3o pol\u00edtica do munic\u00edpio, com uma agenda repleta de atividades culturais, entregas de obras, assinaturas de ordens de servi\u00e7o e a\u00e7\u00f5es voltadas \u00e0 popula\u00e7\u00e3o. As comemora\u00e7\u00f5es come\u00e7am nesta ter\u00e7a-feira, 11, e seguem at\u00e9 o dia 27 de novembro, com eventos que valorizam a cultura local, o desenvolvimento urbano e o cuidado com as pessoas.<\/p>\n\n\n\n<p>A prefeita Josi Nunes destacou que a programa\u00e7\u00e3o foi pensada para envolver toda a comunidade. \u201cEstamos celebrando 67 anos de uma cidade que cresce, se desenvolve e cuida das pessoas. Preparamos uma programa\u00e7\u00e3o diversa, que contempla desde entregas importantes at\u00e9 momentos de confraterniza\u00e7\u00e3o e valoriza\u00e7\u00e3o da cultura gurupiense\u201d, destacou a gestora.<\/p>\n\n\n\n<p>Ao longo da programa\u00e7\u00e3o, ser\u00e3o realizadas entregas de obras e equipamentos, assinaturas de ordens de servi\u00e7o, homenagens, a\u00e7\u00f5es de sa\u00fade e inclus\u00e3o social, al\u00e9m de eventos culturais como o Circuito Gastron\u00f4mico, o Festival do Pequi e o tradicional acendimento das luzes de Natal, que prometem movimentar a cidade e reunir fam\u00edlias gurupienses em clima de celebra\u00e7\u00e3o e orgulho pela hist\u00f3ria do munic\u00edpio.<\/p>\n\n\n\n<p><strong>Confira a programa\u00e7\u00e3o completa:<\/strong><\/p>\n\n\n\n<p><strong>11\/11 \u2013 Ter\u00e7a-feira<\/strong><\/p>\n\n\n\n<p>19h \u2013 Lan\u00e7amento do Circuito Gastron\u00f4mico, com apresenta\u00e7\u00e3o do artista Chico Chokolate. Local:&nbsp;<em>Espa\u00e7o Festane<\/em><\/p>\n\n\n\n<p><strong>12\/11 \u2013 Quarta-feira<\/strong><br><br>09h \u00e0s 11h \u2013 Entrega de pr\u00f3teses dent\u00e1rias e assinatura da Ordem de Servi\u00e7o das obras de reforma do CAPS ADIII. Local:&nbsp;<em>CEO \u2013 Setor Casego<\/em><\/p>\n\n\n\n<figure class=\"wp-block-image size-large\"><img loading=\"lazy\" decoding=\"async\" width=\"1024\" height=\"694\" src=\"https:\/\/focotocantinense.com.br\/wp-content\/uploads\/2025\/11\/IMG-20251110-WA0104-1024x694.jpg\" alt=\"\" class=\"wp-image-11343\" srcset=\"https:\/\/focotocantinense.com.br\/wp-content\/uploads\/2025\/11\/IMG-20251110-WA0104-1024x694.jpg 1024w, https:\/\/focotocantinense.com.br\/wp-content\/uploads\/2025\/11\/IMG-20251110-WA0104-300x203.jpg 300w, https:\/\/focotocantinense.com.br\/wp-content\/uploads\/2025\/11\/IMG-20251110-WA0104-768x521.jpg 768w, https:\/\/focotocantinense.com.br\/wp-content\/uploads\/2025\/11\/IMG-20251110-WA0104-110x75.jpg 110w, https:\/\/focotocantinense.com.br\/wp-content\/uploads\/2025\/11\/IMG-20251110-WA0104.jpg 1257w\" sizes=\"auto, (max-width: 1024px) 100vw, 1024px\" \/><\/figure>\n\n\n\n<p><\/p>\n\n\n\n<p><strong>13\/11 \u2013 Quinta-feira<\/strong><\/p>\n\n\n\n<p>08h \u2013 Entrega de 25 certificados de aposentadoria.&nbsp;Local:&nbsp;<em>GurupiPrev<\/em><br>10h \u2013 Apresenta\u00e7\u00e3o do Projeto da Central de Atendimentos da Prefeitura. Local:&nbsp;<em>SEBRAE (Av. Maranh\u00e3o)<\/em><br>11h30 \u2013 Entrega de equipamentos de fisioterapia para as Unidades B\u00e1sicas de Sa\u00fade. Local:&nbsp;<em>Semus, Avenida Pernambuco<\/em><br>19h \u2013 Sess\u00e3o Solene em comemora\u00e7\u00e3o ao anivers\u00e1rio de Gurupi \u2013 67 anos. Local:&nbsp;<em>C\u00e2mara Municipal de Gurupi<\/em><\/p>\n\n\n\n<p><strong>14\/11 \u2013 Sexta-feira<\/strong><\/p>\n\n\n\n<p>08h \u00e0s 12h \/ 13h30 \u00e0s 18h \u2013 Circuito de Obras, com visitas \u00e0s principais frentes de trabalho que est\u00e3o transformando Gurupi. Local:&nbsp;<em>V\u00e1rias regi\u00f5es da cidade<\/em><br>19h \u2013 Entrega dos pr\u00eamios aos ganhadores do IPTU Premiado; Parab\u00e9ns com Bolo de Anivers\u00e1rio; Acendimento das luzes de Natal; e Shows regionais com Paulo Albuquerque e Tok Geral. Local:&nbsp;<em>Centro Cultural Mauro Cunha<\/em><\/p>\n\n\n\n<p><strong>15\/11 \u2013 S\u00e1bado<\/strong><\/p>\n\n\n\n<p>19h \u2013 Festival do Pequi, com apresenta\u00e7\u00f5es de Nailson Lima. Local:&nbsp;<em>Centro Cultural Mauro Cunha (palco externo)<\/em><br>19h \u2013 Shows com Mistura Nativa e Skema do Brasil. Local:&nbsp;<em>Povoado Trevo da Praia<\/em><\/p>\n\n\n\n<p><strong>18\/11 \u2013 Ter\u00e7a-feira<\/strong><\/p>\n\n\n\n<p>08h \u00e0s 12h \u2013 Interconecta Prata (atividades com idosos). Local:&nbsp;<em>Senac<\/em><br>15h \u2013 Lan\u00e7amento do edital para apresenta\u00e7\u00e3o de projetos para uso do fundo municipal dos Conselhos dos Direitos da Crian\u00e7a, do Adolescente e do Idoso. Local:&nbsp;<em>Gabinete da Prefeita, Centro Administrativo (sa\u00edda para Peixe)<\/em><\/p>\n\n\n\n<p><strong>19\/11 \u2013 Quarta-feira<\/strong><\/p>\n\n\n\n<p>07h \u2013 Entrega de uniformes do Projeto Sa\u00fade em Movimento. Local:&nbsp;<em>Pra\u00e7a do Setor Pedroso<\/em><br>09h \u2013 Entrega da Sala de Rob\u00f3tica. Local:&nbsp;<em>Escola Municipal Prof\u00aa Ilsa Borges<\/em><\/p>\n\n\n\n<p><strong>25\/11 \u2013 Ter\u00e7a-feira<\/strong><\/p>\n\n\n\n<p>15h \u2013 Entrega do SEPSI (Servi\u00e7o de Especialidade em Psicologia) da Universidade de Gurupi \u2013 UnirG. Foto:&nbsp;<em>Av. Pernambuco (em frente ao HRG)<\/em><br>16h \u2013 Entrega do Centro de Inova\u00e7\u00e3o \u2013 FINEP da UnirG. Foto:&nbsp;<em>Campus Jacinto Nunes, Bloco F<\/em><\/p>\n\n\n\n<p><strong>26\/11 \u2013 Quarta-feira<\/strong><\/p>\n\n\n\n<p>09h \u2013 Assinatura de Ordens de Servi\u00e7o para reforma do CEMEI do bairro Campo Belo e da Escola Municipal Domingos Barreira de Amorim, no setor Jardim dos Buritis. Local:&nbsp;<em>a definir<\/em><br>15h \u2013 Entrega de termos de reserva de \u00e1reas para empresas no Parque Agroindustrial de Gurupi (PAIG). Foto:&nbsp;<em>Gabinete da Prefeita<\/em><br>19h \u2013 Sess\u00e3o Solene de homenagem aos Pontos de Cultura (11 projetos contemplados). Local:&nbsp;<em>C\u00e2mara Municipal<\/em><\/p>\n\n\n\n<p><strong>27\/11 \u2013 Quinta-feira<\/strong><\/p>\n\n\n\n<p>09h \u00e0s 12h \u2013 Lan\u00e7amento do Carnaval de Gurupi 2026. Local:&nbsp;<em>Centro Cultural Mauro Cunha<\/em><br>19h \u2013 Encerramento do Novembro Azul com torneio de futebol. Foto:&nbsp;<em>Campo do Centro Administrativo da UnirG (Av. Par\u00e1)<\/em><\/p>\n\n\n\n<figure class=\"wp-block-image size-full is-resized\"><img loading=\"lazy\" decoding=\"async\" width=\"727\" height=\"184\" src=\"https:\/\/focotocantinense.com.br\/wp-content\/uploads\/2025\/11\/SHOW-DE-HUMOR-DE-VINICIUS-MARTINS.jpeg\" alt=\"\" class=\"wp-image-11297\" style=\"width:840px;height:auto\" srcset=\"https:\/\/focotocantinense.com.br\/wp-content\/uploads\/2025\/11\/SHOW-DE-HUMOR-DE-VINICIUS-MARTINS.jpeg 727w, https:\/\/focotocantinense.com.br\/wp-content\/uploads\/2025\/11\/SHOW-DE-HUMOR-DE-VINICIUS-MARTINS-300x76.jpeg 300w\" sizes=\"auto, (max-width: 727px) 100vw, 727px\" \/><\/figure>\n","protected":false},"excerpt":{"rendered":"<p>A Prefeitura de Gurupi preparou uma programa\u00e7\u00e3o especial para celebrar os 67 anos de emancipa\u00e7\u00e3o pol\u00edtica do munic\u00edpio, com uma agenda repleta de atividades culturais, entregas de obras, assinaturas de ordens de servi\u00e7o e a\u00e7\u00f5es voltadas \u00e0 popula\u00e7\u00e3o. As comemora\u00e7\u00f5es come\u00e7am nesta ter\u00e7a-feira, 11, e seguem at\u00e9 o dia 27 de novembro, com eventos que &hellip;<\/p>\n","protected":false},"author":5,"featured_media":11343,"comment_status":"open","ping_status":"open","sticky":false,"template":"","format":"standard","meta":{"footnotes":""},"categories":[38],"tags":[],"class_list":["post-11342","post","type-post","status-publish","format-standard","has-post-thumbnail","","category-gurupi"],"_links":{"self":[{"href":"https:\/\/focotocantinense.com.br\/index.php?rest_route=\/wp\/v2\/posts\/11342","targetHints":{"allow":["GET"]}}],"collection":[{"href":"https:\/\/focotocantinense.com.br\/index.php?rest_route=\/wp\/v2\/posts"}],"about":[{"href":"https:\/\/focotocantinense.com.br\/index.php?rest_route=\/wp\/v2\/types\/post"}],"author":[{"embeddable":true,"href":"https:\/\/focotocantinense.com.br\/index.php?rest_route=\/wp\/v2\/users\/5"}],"replies":[{"embeddable":true,"href":"https:\/\/focotocantinense.com.br\/index.php?rest_route=%2Fwp%2Fv2%2Fcomments&post=11342"}],"version-history":[{"count":2,"href":"https:\/\/focotocantinense.com.br\/index.php?rest_route=\/wp\/v2\/posts\/11342\/revisions"}],"predecessor-version":[{"id":11345,"href":"https:\/\/focotocantinense.com.br\/index.php?rest_route=\/wp\/v2\/posts\/11342\/revisions\/11345"}],"wp:featuredmedia":[{"embeddable":true,"href":"https:\/\/focotocantinense.com.br\/index.php?rest_route=\/wp\/v2\/media\/11343"}],"wp:attachment":[{"href":"https:\/\/focotocantinense.com.br\/index.php?rest_route=%2Fwp%2Fv2%2Fmedia&parent=11342"}],"wp:term":[{"taxonomy":"category","embeddable":true,"href":"https:\/\/focotocantinense.com.br\/index.php?rest_route=%2Fwp%2Fv2%2Fcategories&post=11342"},{"taxonomy":"post_tag","embeddable":true,"href":"https:\/\/focotocantinense.com.br\/index.php?rest_route=%2Fwp%2Fv2%2Ftags&post=11342"}],"curies":[{"name":"wp","href":"https:\/\/api.w.org\/{rel}","templated":true}]}}