{"id":11338,"date":"2025-11-10T18:35:40","date_gmt":"2025-11-10T21:35:40","guid":{"rendered":"https:\/\/focotocantinense.com.br\/?p=11338"},"modified":"2025-11-10T18:36:10","modified_gmt":"2025-11-10T21:36:10","slug":"academia-gurupiense-de-letras-elege-sua-nova-diretoria-para-o-bienio-2026-2027","status":"publish","type":"post","link":"https:\/\/focotocantinense.com.br\/?p=11338","title":{"rendered":"Academia Gurupiense de Letras elege sua nova diretoria para o bi\u00eanio 2026\/2027"},"content":{"rendered":"\n<p>Na tarde desta segunda-feira, na Biblioteca Municipal Deusina Martins Ribeiro, aconteceu o processo de elei\u00e7\u00e3o da diretoria da Academia Gurupiense de Letras (AGL) para o bi\u00eanio 2026\/2027.<\/p>\n\n\n\n<p>Este pleito contou com apenas uma chapa de consenso, encabe\u00e7ada pelo atual presidente, Jenilson Cirqueira, que concorria \u00e0 reelei\u00e7\u00e3o, tendo sido eleita com 28 votos dos 29 votantes. Registrou-se um voto em branco.<\/p>\n\n\n\n<figure class=\"wp-block-gallery has-nested-images columns-default is-cropped wp-block-gallery-1 is-layout-flex wp-block-gallery-is-layout-flex\">\n<figure class=\"wp-block-image size-large\"><img loading=\"lazy\" decoding=\"async\" width=\"1024\" height=\"768\" data-id=\"11339\" src=\"https:\/\/focotocantinense.com.br\/wp-content\/uploads\/2025\/11\/Imortais-da-Academia-Gurupiense-de-Letras-Foto-Divulgacao-1024x768.jpeg\" alt=\"\" class=\"wp-image-11339\" srcset=\"https:\/\/focotocantinense.com.br\/wp-content\/uploads\/2025\/11\/Imortais-da-Academia-Gurupiense-de-Letras-Foto-Divulgacao-1024x768.jpeg 1024w, https:\/\/focotocantinense.com.br\/wp-content\/uploads\/2025\/11\/Imortais-da-Academia-Gurupiense-de-Letras-Foto-Divulgacao-300x225.jpeg 300w, https:\/\/focotocantinense.com.br\/wp-content\/uploads\/2025\/11\/Imortais-da-Academia-Gurupiense-de-Letras-Foto-Divulgacao-768x576.jpeg 768w, https:\/\/focotocantinense.com.br\/wp-content\/uploads\/2025\/11\/Imortais-da-Academia-Gurupiense-de-Letras-Foto-Divulgacao.jpeg 1536w\" sizes=\"auto, (max-width: 1024px) 100vw, 1024px\" \/><\/figure>\n<\/figure>\n\n\n\n<p><\/p>\n\n\n\n<p><strong>Diretoria Executiva<\/strong><\/p>\n\n\n\n<p>Al\u00e9m do presidente reeleito Jenilson Cirqueira, a nova diretoria conta com a seguinte composi\u00e7\u00e3o:<\/p>\n\n\n\n<p>Isabelle Lorena Neves (vice-presidente; Eliosmar Veloso (secret\u00e1rio executivo); Marilde Gomes (tesoureira), al\u00e9m de mais dois suplentes: Donatila Rodrigues Rego e Luiz Cl\u00e1udio Barbosa.<\/p>\n\n\n\n<p><strong>Conselho Fiscal<\/strong><\/p>\n\n\n\n<p>Passaram a integrar o novo Conselho Fiscal da institui\u00e7\u00e3o, como membros efetivos, os escritores Marcos Aur\u00e9lio Alves, Jonair Rocha e Adriana Castelo branco. Na supl\u00eancia ficaram Vilm\u00e1rio Lustroza, Jos\u00e9 Pereira dos Santos e Felipe Oliveira Neto.<\/p>\n\n\n\n<p><strong>Comiss\u00f5es executivas<\/strong><\/p>\n\n\n\n<p>O presidente reeleito Jenilson Ciqueira, por meio de portarias, nomeou o poeta e jornalista Zacarias Martins como Rela\u00e7\u00f5es P\u00fablicas da AGL, bem como, os integrantes do Conselho Liter\u00e1rio, composto pelos escritores Ana M\u00e1rcia Barros, Jos\u00e9 Maciel de Brito, Roberto Jos\u00e9 Ribeiro, Paulo Albuquerque, Juraci Teles, Jos\u00e9 Ferreira de Nascimento, Jussara Barreira Silva Amorim, Pl\u00ednio Sabino S\u00e9lis, Jos\u00e9 Carlos Ribeiro da Silva e Eldinei da Silva Carneiro Neto.<\/p>\n","protected":false},"excerpt":{"rendered":"<p>Na tarde desta segunda-feira, na Biblioteca Municipal Deusina Martins Ribeiro, aconteceu o processo de elei\u00e7\u00e3o da diretoria da Academia Gurupiense de Letras (AGL) para o bi\u00eanio 2026\/2027. Este pleito contou com apenas uma chapa de consenso, encabe\u00e7ada pelo atual presidente, Jenilson Cirqueira, que concorria \u00e0 reelei\u00e7\u00e3o, tendo sido eleita com 28 votos dos 29 votantes. &hellip;<\/p>\n","protected":false},"author":5,"featured_media":11339,"comment_status":"open","ping_status":"open","sticky":false,"template":"","format":"standard","meta":{"footnotes":""},"categories":[38],"tags":[],"class_list":["post-11338","post","type-post","status-publish","format-standard","has-post-thumbnail","","category-gurupi"],"_links":{"self":[{"href":"https:\/\/focotocantinense.com.br\/index.php?rest_route=\/wp\/v2\/posts\/11338","targetHints":{"allow":["GET"]}}],"collection":[{"href":"https:\/\/focotocantinense.com.br\/index.php?rest_route=\/wp\/v2\/posts"}],"about":[{"href":"https:\/\/focotocantinense.com.br\/index.php?rest_route=\/wp\/v2\/types\/post"}],"author":[{"embeddable":true,"href":"https:\/\/focotocantinense.com.br\/index.php?rest_route=\/wp\/v2\/users\/5"}],"replies":[{"embeddable":true,"href":"https:\/\/focotocantinense.com.br\/index.php?rest_route=%2Fwp%2Fv2%2Fcomments&post=11338"}],"version-history":[{"count":2,"href":"https:\/\/focotocantinense.com.br\/index.php?rest_route=\/wp\/v2\/posts\/11338\/revisions"}],"predecessor-version":[{"id":11341,"href":"https:\/\/focotocantinense.com.br\/index.php?rest_route=\/wp\/v2\/posts\/11338\/revisions\/11341"}],"wp:featuredmedia":[{"embeddable":true,"href":"https:\/\/focotocantinense.com.br\/index.php?rest_route=\/wp\/v2\/media\/11339"}],"wp:attachment":[{"href":"https:\/\/focotocantinense.com.br\/index.php?rest_route=%2Fwp%2Fv2%2Fmedia&parent=11338"}],"wp:term":[{"taxonomy":"category","embeddable":true,"href":"https:\/\/focotocantinense.com.br\/index.php?rest_route=%2Fwp%2Fv2%2Fcategories&post=11338"},{"taxonomy":"post_tag","embeddable":true,"href":"https:\/\/focotocantinense.com.br\/index.php?rest_route=%2Fwp%2Fv2%2Ftags&post=11338"}],"curies":[{"name":"wp","href":"https:\/\/api.w.org\/{rel}","templated":true}]}}