{"id":11334,"date":"2025-11-10T08:29:01","date_gmt":"2025-11-10T11:29:01","guid":{"rendered":"https:\/\/focotocantinense.com.br\/?p=11334"},"modified":"2025-11-10T08:29:01","modified_gmt":"2025-11-10T11:29:01","slug":"governador-laurez-moreira-embarca-para-a-cop30-em-defesa-do-equilibrio-entre-producao-e-preservacao-ambiental","status":"publish","type":"post","link":"https:\/\/focotocantinense.com.br\/?p=11334","title":{"rendered":"Governador Laurez Moreira embarca para a COP30 em defesa do equil\u00edbrio entre produ\u00e7\u00e3o e preserva\u00e7\u00e3o ambiental"},"content":{"rendered":"\n<figure class=\"wp-block-image size-full is-resized\"><img loading=\"lazy\" decoding=\"async\" width=\"279\" height=\"181\" src=\"https:\/\/focotocantinense.com.br\/wp-content\/uploads\/2025\/11\/download-3.jpg\" alt=\"\" class=\"wp-image-11335\" style=\"width:325px;height:auto\"\/><\/figure>\n\n\n\n<p><em>Maior evento global para discuss\u00e3o e negocia\u00e7\u00f5es sobre mudan\u00e7as clim\u00e1ticas ocorre de 10 a 21 de novembro, em Bel\u00e9m\/PA<\/em><\/p>\n\n\n\n<figure class=\"wp-block-image size-large is-resized\"><img loading=\"lazy\" decoding=\"async\" width=\"1024\" height=\"585\" src=\"https:\/\/focotocantinense.com.br\/wp-content\/uploads\/2025\/11\/F1-Gov-Laurez-Moreira-Foto-Adilvan-Nogueira-GovTO-1024x585.jpg\" alt=\"\" class=\"wp-image-11336\" style=\"width:381px;height:auto\" srcset=\"https:\/\/focotocantinense.com.br\/wp-content\/uploads\/2025\/11\/F1-Gov-Laurez-Moreira-Foto-Adilvan-Nogueira-GovTO-1024x585.jpg 1024w, https:\/\/focotocantinense.com.br\/wp-content\/uploads\/2025\/11\/F1-Gov-Laurez-Moreira-Foto-Adilvan-Nogueira-GovTO-300x171.jpg 300w, https:\/\/focotocantinense.com.br\/wp-content\/uploads\/2025\/11\/F1-Gov-Laurez-Moreira-Foto-Adilvan-Nogueira-GovTO-768x439.jpg 768w, https:\/\/focotocantinense.com.br\/wp-content\/uploads\/2025\/11\/F1-Gov-Laurez-Moreira-Foto-Adilvan-Nogueira-GovTO-1536x878.jpg 1536w, https:\/\/focotocantinense.com.br\/wp-content\/uploads\/2025\/11\/F1-Gov-Laurez-Moreira-Foto-Adilvan-Nogueira-GovTO-2048x1170.jpg 2048w\" sizes=\"auto, (max-width: 1024px) 100vw, 1024px\" \/><\/figure>\n\n\n\n<p id=\"m_-8929190356515799867m_643880769069936666m_-6791850861161831088m_-7444084937929176586gmail-docs-internal-guid-c606395a-7fff-a775-693e-18e1f3c7f291\"><strong>Cr\u00e9dito da foto:<\/strong> Adilvan Nogueira\/Governo do Tocantins &#8211; Governador Laurez Moreira representa o Tocantins na COP30, maior evento global para discuss\u00e3o e negocia\u00e7\u00f5es sobre mudan\u00e7as clim\u00e1ticas<\/p>\n\n\n\n<p><strong>Governo do Tocantins<\/strong><\/p>\n\n\n\n<p>O governador Laurez Moreira embarcou neste domingo, 9, para Bel\u00e9m\/PA, onde representar\u00e1 o Tocantins na 30\u00aa Confer\u00eancia das Na\u00e7\u00f5es Unidas sobre as Mudan\u00e7as Clim\u00e1ticas (COP30), maior evento global para discuss\u00e3o e negocia\u00e7\u00f5es sobre mudan\u00e7as clim\u00e1ticas.<\/p>\n\n\n\n<p>Durante o evento, que ocorre entre os dias 10 e 21 de novembro, o chefe do Executivo estadual participar\u00e1 de pain\u00e9is oficiais na Blue Zone da Organiza\u00e7\u00e3o das Na\u00e7\u00f5es Unidas (ONU), ao lado dos demais governadores da Amaz\u00f4nia Legal, apresentando as pol\u00edticas p\u00fablicas que t\u00eam transformado o estado com equil\u00edbrio entre produ\u00e7\u00e3o e conserva\u00e7\u00e3o.<\/p>\n\n\n\n<p>A participa\u00e7\u00e3o do governador tamb\u00e9m inclui reuni\u00f5es bilaterais com organismos internacionais e investidores interessados em contribuir para o crescimento do Tocantins, com o objetivo de ampliar a capta\u00e7\u00e3o de recursos e impulsionar novas oportunidades para o estado.<\/p>\n\n\n\n<p>\u201cO Tocantins mostra ao mundo que \u00e9 poss\u00edvel produzir e preservar. Somos o elo entre a Amaz\u00f4nia e o Cerrado, e estamos provando que desenvolvimento e sustentabilidade n\u00e3o s\u00e3o caminhos opostos, s\u00e3o a mesma estrada percorrida com responsabilidade\u201d, ressalta o governador Laurez Moreira.<\/p>\n\n\n\n<p>Laurez Moreira levar\u00e1 \u00e0 COP30 a defesa de um novo pacto de justi\u00e7a clim\u00e1tica, no qual estados subnacionais possam acessar diretamente os recursos dos fundos internacionais voltados \u00e0 preserva\u00e7\u00e3o ambiental. \u201cO mundo cobra metas dos pa\u00edses tropicais e est\u00e1 certo em faz\u00ea-lo, mas \u00e9 preciso garantir que os recursos cheguem a quem protege a floresta e produz de forma respons\u00e1vel. O Tocantins n\u00e3o veio para prometer, veio para mostrar resultados\u201d, refor\u00e7a o governador.<\/p>\n\n\n\n<p><strong>Comitiva tocantinense<\/strong><\/p>\n\n\n\n<p>Al\u00e9m do governador Laurez Moreira e da primeira-dama e desembargadora, \u00c2ngela Prudente, comp\u00f5em a comitiva tocantinense o secret\u00e1rio de Estado do Meio Ambiente e Recursos H\u00eddricos, Divaldo Rezende; a secret\u00e1ria de Estado dos Povos Origin\u00e1rios e Tradicionais, Narubia Werreria; o presidente da Companhia Imobili\u00e1ria de Participa\u00e7\u00f5es, Investimentos e Parcerias (Tocantins Parcerias), Aleandro Lacerda; o presidente do Instituto Natureza do Tocantins (Naturatins), Cledson da Rocha Lima; o presidente da Ag\u00eancia Tocantinense de Saneamento (ATS), Paulo Ricardo Silva Machado; o secret\u00e1rio-chefe da Casa Militar, coronel Vitor Teles, al\u00e9m de equipe de t\u00e9cnicos da \u00e1rea, totalizando 16 pessoas.<\/p>\n\n\n\n<p><\/p>\n","protected":false},"excerpt":{"rendered":"<p>Cr\u00e9dito  da foto: Adilvan Nogueira\/Governo do Tocantins  &#8211;<br \/>\nGovernador Laurez Moreira representa o Tocantins na COP30, maior evento global para discuss\u00e3o e negocia\u00e7\u00f5es sobre mudan\u00e7as clim\u00e1ticas<\/p>\n","protected":false},"author":5,"featured_media":11336,"comment_status":"open","ping_status":"open","sticky":false,"template":"","format":"standard","meta":{"footnotes":""},"categories":[1],"tags":[],"class_list":["post-11334","post","type-post","status-publish","format-standard","has-post-thumbnail","","category-sem-categoria"],"_links":{"self":[{"href":"https:\/\/focotocantinense.com.br\/index.php?rest_route=\/wp\/v2\/posts\/11334","targetHints":{"allow":["GET"]}}],"collection":[{"href":"https:\/\/focotocantinense.com.br\/index.php?rest_route=\/wp\/v2\/posts"}],"about":[{"href":"https:\/\/focotocantinense.com.br\/index.php?rest_route=\/wp\/v2\/types\/post"}],"author":[{"embeddable":true,"href":"https:\/\/focotocantinense.com.br\/index.php?rest_route=\/wp\/v2\/users\/5"}],"replies":[{"embeddable":true,"href":"https:\/\/focotocantinense.com.br\/index.php?rest_route=%2Fwp%2Fv2%2Fcomments&post=11334"}],"version-history":[{"count":1,"href":"https:\/\/focotocantinense.com.br\/index.php?rest_route=\/wp\/v2\/posts\/11334\/revisions"}],"predecessor-version":[{"id":11337,"href":"https:\/\/focotocantinense.com.br\/index.php?rest_route=\/wp\/v2\/posts\/11334\/revisions\/11337"}],"wp:featuredmedia":[{"embeddable":true,"href":"https:\/\/focotocantinense.com.br\/index.php?rest_route=\/wp\/v2\/media\/11336"}],"wp:attachment":[{"href":"https:\/\/focotocantinense.com.br\/index.php?rest_route=%2Fwp%2Fv2%2Fmedia&parent=11334"}],"wp:term":[{"taxonomy":"category","embeddable":true,"href":"https:\/\/focotocantinense.com.br\/index.php?rest_route=%2Fwp%2Fv2%2Fcategories&post=11334"},{"taxonomy":"post_tag","embeddable":true,"href":"https:\/\/focotocantinense.com.br\/index.php?rest_route=%2Fwp%2Fv2%2Ftags&post=11334"}],"curies":[{"name":"wp","href":"https:\/\/api.w.org\/{rel}","templated":true}]}}