{"id":1133,"date":"2021-04-19T15:33:21","date_gmt":"2021-04-19T18:33:21","guid":{"rendered":"http:\/\/focotocantinense.com.br\/?p=1133"},"modified":"2021-04-19T15:35:04","modified_gmt":"2021-04-19T18:35:04","slug":"prefeita-josi-nunes-presta-contas-dos-100-dias-de-gestao-em-gurupi","status":"publish","type":"post","link":"https:\/\/focotocantinense.com.br\/?p=1133","title":{"rendered":"Prefeita Josi Nunes presta contas dos 100 dias de gest\u00e3o em Gurupi"},"content":{"rendered":"\n<p>Na manh\u00e3 desta segunda-feira (19), a Prefeita de Gurupi Josi Nunes realizou a apresenta\u00e7\u00e3o do relat\u00f3rio dos primeiros 100 dias da sua gest\u00e3o \u00e0 frente do munic\u00edpio, seguida de uma coletiva de imprensa. Com transmiss\u00e3o online, o evento contou com a participa\u00e7\u00e3o virtual de jornalistas, vereadores, secret\u00e1rios municipais e da comunidade.&nbsp;<\/p>\n\n\n\n<p>Durante o evento, foi apresentado, pela prefeita, um relat\u00f3rio contendo informa\u00e7\u00f5es sobre todos os servi\u00e7os e a\u00e7\u00f5es desenvolvidas por cada secretaria nestes primeiros meses de 2021, al\u00e9m das metas da gest\u00e3o para os pr\u00f3ximos anos. Veja relat\u00f3rio completo clicando<strong>&nbsp;<a href=\"http:\/\/gurupi.to.gov.br\/resources\/arquivos-publicados\/GABINETE_Informativo-190420211018.pdf\">aqui<\/a>. &nbsp;<\/strong><\/p>\n\n\n\n<p>Refor\u00e7ando seu compromisso de realizar uma gest\u00e3o participativa junto \u00e0 comunidade, a prefeita Josi Nunes frisou a import\u00e2ncia da transpar\u00eancia da administra\u00e7\u00e3o p\u00fablica municipal. \u201c\u00c9 um momento de presta\u00e7\u00e3o de contas, um dos nossos objetivos \u00e9 a transpar\u00eancia, mostrando para a comunidade o que estamos fazendo e o que ainda queremos realizar para este ano. Isso mostra nossa responsabilidade com a comunidade que est\u00e1 acompanhando todo o processo de gest\u00e3o\u201d, destacou.<\/p>\n\n\n\n<p><strong>Obras<\/strong><\/p>\n\n\n\n<p>Respondendo a algumas perguntas da imprensa, a prefeita esclareceu sobre alguns problemas como obras inacabadas ou inauguradas com alguns problemas estruturais como infiltra\u00e7\u00f5es e alagamentos, entre elas o Mercado Municipal, sede pr\u00f3pria do Instituto de Previd\u00eancia Social do Munic\u00edpio de Gurupi (Gurupiprev), pavimenta\u00e7\u00f5es asf\u00e1lticas, entre outras.<\/p>\n\n\n\n<p>\u201cTemos algumas obras que foram inauguradas recentemente, mas que j\u00e1 apresentam falhas estruturais, e obras inacabadas que teremos que concluir. Ser\u00e1 necess\u00e1rio um aporte financeiro para reparar estas obras e entreg\u00e1-las com garantia de qualidade para a popula\u00e7\u00e3o\u201d, respondeu a prefeita.&nbsp;<\/p>\n\n\n\n<p>Sobre os problemas encontrados na malha vi\u00e1ria da cidade, a prefeita explicou que a Secretaria de Infraestrutura est\u00e1 realizando opera\u00e7\u00e3o tapa buracos, priorizando pontos mais cr\u00edticos e de grande circula\u00e7\u00e3o de ve\u00edculos, mas que atender\u00e1 toda a cidade. Tamb\u00e9m est\u00e3o sendo feitos reparos em meios fios e cal\u00e7adas, al\u00e9m de mutir\u00f5es de ro\u00e7agem e limpeza.<\/p>\n\n\n\n<p><strong>Servidores<\/strong><\/p>\n\n\n\n<p>A prefeita tamb\u00e9m foi questionada durante a coletiva sobre valoriza\u00e7\u00e3o dos servidores. \u201cTemos como prioridade a implementa\u00e7\u00e3o do Plano de Cargos, Carreira e Remunera\u00e7\u00e3o (PCCR) dos nossos servidores e, para isso, j\u00e1 designamos uma comiss\u00e3o que j\u00e1 est\u00e1 estudando a situa\u00e7\u00e3o atual e uma proje\u00e7\u00e3o financeira para implementarmos o plano\u201d, garantiu.<\/p>\n\n\n\n<p>Ainda com rela\u00e7\u00e3o aos servidores, a prefeita falou sobre outra demanda da classe, que \u00e9 a retirada da cobran\u00e7a do plano de assist\u00eancia dos servidores (Ipasgu) no pagamento do 13\u00ba sal\u00e1rio, que a gest\u00e3o j\u00e1 est\u00e1 estudando para que neste ano n\u00e3o haja esta cobran\u00e7a. Al\u00e9m disso, frisou tamb\u00e9m que investir\u00e1 em capacita\u00e7\u00e3o para os servidores em todas as \u00e1reas.<\/p>\n\n\n\n<p><strong>Recursos e parcerias<\/strong><\/p>\n\n\n\n<p>Com rela\u00e7\u00e3o a recursos do Governo Federal destinados a Gurupi, Josi Nunes destacou que tem viajado constantemente a Bras\u00edlia-DF em busca de emendas e parcerias com o Governo Federal para realiza\u00e7\u00e3o de obras e projetos que beneficiem a popula\u00e7\u00e3o. Ela destacou que, embora Gurupi e Regi\u00e3o Sul n\u00e3o tenham um representante no congresso nacional, tem tido \u00eaxito e bom relacionamento na busca por recursos e citou parlamentares que t\u00eam sido parceiros da gest\u00e3o, como o Senador Eduardo Gomes e o Deputado Federal Carlos Gaguim, entre outros.<\/p>\n\n\n\n<p>A prefeita tamb\u00e9m lembrou a parceria com o Governador Mauro Carlesse, que tem resultado na efetiva\u00e7\u00e3o de benef\u00edcios para Gurupi, como a realiza\u00e7\u00e3o de projetos e entrega de ve\u00edculos e equipamentos para \u00e1reas da educa\u00e7\u00e3o, infraestrutura, agricultura familiar, entre outras.<\/p>\n\n\n\n<p><strong>Agricultura familiar<\/strong><\/p>\n\n\n\n<p>Sobre a Agricultura familiar, a prefeita destacou que est\u00e1 com projeto em andamento para dar uma funcionalidade efetiva a Central de Abastecimento (CEASA) de Gurupi, que atualmente funciona de forma prec\u00e1ria, com poucos permission\u00e1rios atuando no local. \u201cEstamos conversando com produtores, empres\u00e1rios e t\u00e9cnicos conceituados na \u00e1rea para que todos possam construir e participar deste projeto\u201d, refor\u00e7ou, lembrando que para a conclus\u00e3o e amplia\u00e7\u00e3o da Ceasa o munic\u00edpio j\u00e1 conta com aproximadamente R$ 5 milh\u00f5es, viabilizados pelo senador Eduardo Gomes.<\/p>\n\n\n\n<p>Sobre as feiras da Agricultura familiar e a tradicional Feira da Amizade, a prefeita destacou que ir\u00e1 aprimorar as suas estruturas atuais de funcionamento, permitindo melhor comodidade aos feirantes e usu\u00e1rios. E que para o pr\u00f3ximo ano, est\u00e1 previsto a realiza\u00e7\u00e3o de um projeto para constru\u00e7\u00e3o de um local fixo para a realiza\u00e7\u00e3o destas feiras com uma estrutura de melhor qualidade.<\/p>\n\n\n\n<p><strong>Sa\u00fade<\/strong><\/p>\n\n\n\n<p>Na \u00e1rea da sa\u00fade, o questionamento foi referente a estrutura f\u00edsica das Unidades B\u00e1sicas de Sa\u00fade (UBSs), onde algumas delas apresentam algumas falhas. \u201cRecebemos algumas Unidades B\u00e1sicas de Sa\u00fade com problemas no telhado e nas instala\u00e7\u00f5es el\u00e9tricas, infiltra\u00e7\u00f5es, entre outros, mas j\u00e1 foi feito um levantamento para que possamos reparar todos estes problemas, e esta manuten\u00e7\u00e3o ser\u00e1 realizada por meio da equipe da secretaria de infraestrutura\u201d, afirmou.<\/p>\n\n\n\n<p>Ainda na \u00e1rea da sa\u00fade, a prefeita destacou durante a transmiss\u00e3o as a\u00e7\u00f5es realizadas no combate a Covid-19. Entre elas as campanhas de vacina\u00e7\u00e3o contra a doen\u00e7a; desinfec\u00e7\u00e3o das ruas, locais de maior circula\u00e7\u00e3o de pessoas, hospitais e unidades de sa\u00fade; a contrata\u00e7\u00e3o de m\u00e9dicos plantonistas; campanhas de conscientiza\u00e7\u00e3o; amplia\u00e7\u00e3o de 02 para 05 unidades de atendimento para Covid-19; amplia\u00e7\u00e3o de 05 para 15 leitos Covid; amplia\u00e7\u00e3o da testagem para diagn\u00f3stico da doen\u00e7a; aquisi\u00e7\u00e3o de medicamentos e intensifica\u00e7\u00e3o da fiscaliza\u00e7\u00e3o para garantia do cumprimento das medidas.<\/p>\n\n\n\n<p>Todo o evento com a apresenta\u00e7\u00e3o e a coletiva de imprensa da Prefeita Josi Nunes pode ser conferido nas redes sociais da Prefeitura de Gurupi <strong>(<a href=\"https:\/\/www.facebook.com\/prefeituradegurupi\/videos\/320916186286493\">clique aqui<\/a>). \u00a0<\/strong><\/p>\n\n\n\n<figure class=\"wp-block-image\"><img decoding=\"async\" src=\"https:\/\/www.n1to.com.br\/img\/cache\/793x353\/80\/crop\/Imagem-faf052bfb76d2e5c8f58eb9af328c9ff.jpg\" alt=\"\"\/><\/figure>\n","protected":false},"excerpt":{"rendered":"<p>Na manh\u00e3 desta segunda-feira (19), a Prefeita de Gurupi Josi Nunes realizou a apresenta\u00e7\u00e3o do relat\u00f3rio dos primeiros 100 dias da sua gest\u00e3o \u00e0 frente do munic\u00edpio, seguida de uma coletiva de imprensa. Com transmiss\u00e3o online, o evento contou com a participa\u00e7\u00e3o virtual de jornalistas, vereadores, secret\u00e1rios municipais e da comunidade.&nbsp; Durante o evento, foi &hellip;<\/p>\n","protected":false},"author":5,"featured_media":1135,"comment_status":"open","ping_status":"open","sticky":false,"template":"","format":"standard","meta":{"footnotes":""},"categories":[38,1],"tags":[],"class_list":["post-1133","post","type-post","status-publish","format-standard","has-post-thumbnail","","category-gurupi","category-sem-categoria"],"_links":{"self":[{"href":"https:\/\/focotocantinense.com.br\/index.php?rest_route=\/wp\/v2\/posts\/1133","targetHints":{"allow":["GET"]}}],"collection":[{"href":"https:\/\/focotocantinense.com.br\/index.php?rest_route=\/wp\/v2\/posts"}],"about":[{"href":"https:\/\/focotocantinense.com.br\/index.php?rest_route=\/wp\/v2\/types\/post"}],"author":[{"embeddable":true,"href":"https:\/\/focotocantinense.com.br\/index.php?rest_route=\/wp\/v2\/users\/5"}],"replies":[{"embeddable":true,"href":"https:\/\/focotocantinense.com.br\/index.php?rest_route=%2Fwp%2Fv2%2Fcomments&post=1133"}],"version-history":[{"count":3,"href":"https:\/\/focotocantinense.com.br\/index.php?rest_route=\/wp\/v2\/posts\/1133\/revisions"}],"predecessor-version":[{"id":1137,"href":"https:\/\/focotocantinense.com.br\/index.php?rest_route=\/wp\/v2\/posts\/1133\/revisions\/1137"}],"wp:featuredmedia":[{"embeddable":true,"href":"https:\/\/focotocantinense.com.br\/index.php?rest_route=\/wp\/v2\/media\/1135"}],"wp:attachment":[{"href":"https:\/\/focotocantinense.com.br\/index.php?rest_route=%2Fwp%2Fv2%2Fmedia&parent=1133"}],"wp:term":[{"taxonomy":"category","embeddable":true,"href":"https:\/\/focotocantinense.com.br\/index.php?rest_route=%2Fwp%2Fv2%2Fcategories&post=1133"},{"taxonomy":"post_tag","embeddable":true,"href":"https:\/\/focotocantinense.com.br\/index.php?rest_route=%2Fwp%2Fv2%2Ftags&post=1133"}],"curies":[{"name":"wp","href":"https:\/\/api.w.org\/{rel}","templated":true}]}}