{"id":11327,"date":"2025-11-09T20:33:45","date_gmt":"2025-11-09T23:33:45","guid":{"rendered":"https:\/\/focotocantinense.com.br\/?p=11327"},"modified":"2025-11-09T20:39:19","modified_gmt":"2025-11-09T23:39:19","slug":"comite-de-cultura-no-tocantins-discute-realizacao-de-mais-uma-acao-em-gurupi","status":"publish","type":"post","link":"https:\/\/focotocantinense.com.br\/?p=11327","title":{"rendered":"Comit\u00ea de Cultura no Tocantins discute realiza\u00e7\u00e3o de mais uma a\u00e7\u00e3o em Gurupi"},"content":{"rendered":"\n<p><strong>Por Zacarias Martins<\/strong><\/p>\n\n\n\n<p>Integrantes da Comiss\u00e3o Executiva da Regional Sul-Sudeste do Comit\u00ea de Cultura no Tocantins, participaram de uma reuni\u00e3o de planejamento na manh\u00e3 deste s\u00e1bado, 08, em Gurupi, visando colocar em pr\u00e1tica mais \u00a0uma a\u00e7\u00e3o afirmativa\u00a0 que contempla a \u00a0tem\u00e1tica da Consci\u00eancia Negra, prevista para ocorrer no pr\u00f3ximo dia 26 de novembro.<\/p>\n\n\n\n<figure class=\"wp-block-image size-large is-resized\"><img loading=\"lazy\" decoding=\"async\" width=\"1024\" height=\"768\" src=\"https:\/\/focotocantinense.com.br\/wp-content\/uploads\/2025\/11\/IMG-20251108-WA0119-1024x768.jpg\" alt=\"\" class=\"wp-image-11328\" style=\"width:412px;height:auto\" srcset=\"https:\/\/focotocantinense.com.br\/wp-content\/uploads\/2025\/11\/IMG-20251108-WA0119-1024x768.jpg 1024w, https:\/\/focotocantinense.com.br\/wp-content\/uploads\/2025\/11\/IMG-20251108-WA0119-300x225.jpg 300w, https:\/\/focotocantinense.com.br\/wp-content\/uploads\/2025\/11\/IMG-20251108-WA0119-768x576.jpg 768w, https:\/\/focotocantinense.com.br\/wp-content\/uploads\/2025\/11\/IMG-20251108-WA0119.jpg 1280w\" sizes=\"auto, (max-width: 1024px) 100vw, 1024px\" \/><\/figure>\n\n\n\n<p><\/p>\n\n\n\n<p><strong>&nbsp;Realidade<\/strong><\/p>\n\n\n\n<p>A ativista cultural Maria do Socorro de Sousa, presidente da Associa\u00e7\u00e3o Gurupiense de Artes\u00e3os (AGA),&nbsp; e coordenadora regional do Comit\u00ea de Cultura para as regi\u00f5es &nbsp;&nbsp;sul e sudeste do Tocantins, explica que as &nbsp;pessoas negras representam, de acordo com o IBGE, a maior parte dos trabalhadores e trabalhadoras desocupados (64,2%) ou subutilizados \u2014&nbsp; subocupados por insufici\u00eancia de horas e for\u00e7a de trabalho potencial \u2014 (66,1%) no pa\u00eds. Al\u00e9m disso, ressalta Socorro, a informalidade atinge 47,3% das pessoas pretas e pardas no Brasil.&nbsp;<\/p>\n\n\n\n<p><strong>&nbsp;Racismo estrutural<\/strong><\/p>\n\n\n\n<p>\u201cEsses dados refletem o racismo estrutural da nossa sociedade e demonstram como \u00e9 importante que as organiza\u00e7\u00f5es se esforcem para mudar essa realidade. Por isso, n\u00f3s do Comit\u00ea de Cultura no Tocantins resolvemos tamb\u00e9m dar a nossa contribui\u00e7\u00e3o para que tenhamos uma sociedade &nbsp;mais igualit\u00e1ria, solid\u00e1ria e sem preconceitos raciais\u201d, concluiu Socorro.<\/p>\n\n\n\n<p><strong>Sobre o Comit\u00ea<\/strong><\/p>\n\n\n\n<p>O Comit\u00ea de Cultura no Tocantins \u00e9 coordenado pela Federa\u00e7\u00e3o Tocantinense de Artes C\u00eanicas &#8211; FETAC, contando com a parceria da Associa\u00e7\u00e3o Gurupiense de Artes\u00e3os (AGA) e do Instituto Cultural e Social Araguaia (ISCA). Essas institui\u00e7\u00f5es t\u00eam trabalhado juntas por meio de um termo de colabora\u00e7\u00e3o de dois anos firmado com o Minist\u00e9rio da Cultura &#8211; MinC, buscando implementar o Programa Nacional de Comit\u00eas de Cultura (PNCC), em diferentes regi\u00f5es do Estado.<\/p>\n\n\n\n<figure class=\"wp-block-image is-resized\"><a href=\"https:\/\/blogger.googleusercontent.com\/img\/b\/R29vZ2xl\/AVvXsEh5kXGgydHT7kOAbTaSVdmm6diDmgHnToHLSQ784_NJVoQ8ZRMe8n6tBtY2ZCuIBRsXXpqXk0quuBYgojCJLQ9n2C1cjmwdu4oc415MT-vYj1Tk7QgVjyjNW9v7mj9D1GDoGIr2lUuVeIHux9iQqzUu5uKj6FagznqHUO3g_U7HHLsPYegK7u5F8SpWXArQ\/s727\/SHOW%20DE%20HUMOR%20DE%20VINICIUS%20MARTINS.jpeg\"><img decoding=\"async\" src=\"https:\/\/blogger.googleusercontent.com\/img\/b\/R29vZ2xl\/AVvXsEh5kXGgydHT7kOAbTaSVdmm6diDmgHnToHLSQ784_NJVoQ8ZRMe8n6tBtY2ZCuIBRsXXpqXk0quuBYgojCJLQ9n2C1cjmwdu4oc415MT-vYj1Tk7QgVjyjNW9v7mj9D1GDoGIr2lUuVeIHux9iQqzUu5uKj6FagznqHUO3g_U7HHLsPYegK7u5F8SpWXArQ\/w561-h142\/SHOW%20DE%20HUMOR%20DE%20VINICIUS%20MARTINS.jpeg\" alt=\"\" style=\"width:840px;height:auto\"\/><\/a><\/figure>\n","protected":false},"excerpt":{"rendered":"<p>Por Zacarias Martins Integrantes da Comiss\u00e3o Executiva da Regional Sul-Sudeste do Comit\u00ea de Cultura no Tocantins, participaram de uma reuni\u00e3o de planejamento na manh\u00e3 deste s\u00e1bado, 08, em Gurupi, visando colocar em pr\u00e1tica mais \u00a0uma a\u00e7\u00e3o afirmativa\u00a0 que contempla a \u00a0tem\u00e1tica da Consci\u00eancia Negra, prevista para ocorrer no pr\u00f3ximo dia 26 de novembro. &nbsp;Realidade A &hellip;<\/p>\n","protected":false},"author":5,"featured_media":11328,"comment_status":"open","ping_status":"open","sticky":false,"template":"","format":"standard","meta":{"footnotes":""},"categories":[38],"tags":[],"class_list":["post-11327","post","type-post","status-publish","format-standard","has-post-thumbnail","","category-gurupi"],"_links":{"self":[{"href":"https:\/\/focotocantinense.com.br\/index.php?rest_route=\/wp\/v2\/posts\/11327","targetHints":{"allow":["GET"]}}],"collection":[{"href":"https:\/\/focotocantinense.com.br\/index.php?rest_route=\/wp\/v2\/posts"}],"about":[{"href":"https:\/\/focotocantinense.com.br\/index.php?rest_route=\/wp\/v2\/types\/post"}],"author":[{"embeddable":true,"href":"https:\/\/focotocantinense.com.br\/index.php?rest_route=\/wp\/v2\/users\/5"}],"replies":[{"embeddable":true,"href":"https:\/\/focotocantinense.com.br\/index.php?rest_route=%2Fwp%2Fv2%2Fcomments&post=11327"}],"version-history":[{"count":2,"href":"https:\/\/focotocantinense.com.br\/index.php?rest_route=\/wp\/v2\/posts\/11327\/revisions"}],"predecessor-version":[{"id":11332,"href":"https:\/\/focotocantinense.com.br\/index.php?rest_route=\/wp\/v2\/posts\/11327\/revisions\/11332"}],"wp:featuredmedia":[{"embeddable":true,"href":"https:\/\/focotocantinense.com.br\/index.php?rest_route=\/wp\/v2\/media\/11328"}],"wp:attachment":[{"href":"https:\/\/focotocantinense.com.br\/index.php?rest_route=%2Fwp%2Fv2%2Fmedia&parent=11327"}],"wp:term":[{"taxonomy":"category","embeddable":true,"href":"https:\/\/focotocantinense.com.br\/index.php?rest_route=%2Fwp%2Fv2%2Fcategories&post=11327"},{"taxonomy":"post_tag","embeddable":true,"href":"https:\/\/focotocantinense.com.br\/index.php?rest_route=%2Fwp%2Fv2%2Ftags&post=11327"}],"curies":[{"name":"wp","href":"https:\/\/api.w.org\/{rel}","templated":true}]}}