{"id":11320,"date":"2025-11-09T17:16:52","date_gmt":"2025-11-09T20:16:52","guid":{"rendered":"https:\/\/focotocantinense.com.br\/?p=11320"},"modified":"2025-11-09T17:18:41","modified_gmt":"2025-11-09T20:18:41","slug":"governador-laurez-moreira-participa-de-cavalgada-que-abre-a-16a-exposicao-agropecuaria-de-xambioa","status":"publish","type":"post","link":"https:\/\/focotocantinense.com.br\/?p=11320","title":{"rendered":"Governador Laurez Moreira participa de cavalgada que abre a 16\u00aa Exposi\u00e7\u00e3o Agropecu\u00e1ria de Xambio\u00e1"},"content":{"rendered":"\n<p><em>Evento integra as comemora\u00e7\u00f5es de anivers\u00e1rio de 67 anos do munic\u00edpio<\/em><\/p>\n\n\n\n<figure class=\"wp-block-image size-large is-resized\"><img loading=\"lazy\" decoding=\"async\" width=\"1024\" height=\"585\" src=\"https:\/\/focotocantinense.com.br\/wp-content\/uploads\/2025\/11\/F3-28a-Cavalgada-de-Xambioa-Foto-Ademir-dos-Anjos-GovTO-1024x585.jpg\" alt=\"\" class=\"wp-image-11321\" style=\"width:388px;height:auto\" srcset=\"https:\/\/focotocantinense.com.br\/wp-content\/uploads\/2025\/11\/F3-28a-Cavalgada-de-Xambioa-Foto-Ademir-dos-Anjos-GovTO-1024x585.jpg 1024w, https:\/\/focotocantinense.com.br\/wp-content\/uploads\/2025\/11\/F3-28a-Cavalgada-de-Xambioa-Foto-Ademir-dos-Anjos-GovTO-300x171.jpg 300w, https:\/\/focotocantinense.com.br\/wp-content\/uploads\/2025\/11\/F3-28a-Cavalgada-de-Xambioa-Foto-Ademir-dos-Anjos-GovTO-768x439.jpg 768w, https:\/\/focotocantinense.com.br\/wp-content\/uploads\/2025\/11\/F3-28a-Cavalgada-de-Xambioa-Foto-Ademir-dos-Anjos-GovTO.jpg 1280w\" sizes=\"auto, (max-width: 1024px) 100vw, 1024px\" \/><\/figure>\n\n\n\n<p>Cavalgada reuniu mais de 16 comitivas e centenas de cavaleiros e amazonas de diversos munic\u00edpios<\/p>\n\n\n\n<p><strong>Rafael de Oliveira\/Governo do Tocantins<\/strong><\/p>\n\n\n\n<p>O governador do Tocantins, Laurez Moreira, participou neste domingo, 9, da tradicional cavalgada que marca a abertura da 16\u00aa Exposi\u00e7\u00e3o Agropecu\u00e1ria de Xambio\u00e1, realizada no parque de exposi\u00e7\u00f5es da cidade. O evento integra a programa\u00e7\u00e3o dos 67 anos do munic\u00edpio, comemorado oficialmente no dia 14 de novembro.<\/p>\n\n\n\n<p>Durante o evento, Laurez Moreira destacou a import\u00e2ncia da cavalgada e da exposi\u00e7\u00e3o para o fortalecimento econ\u00f4mico local e a valoriza\u00e7\u00e3o das tradi\u00e7\u00f5es regionais. \u201c\u00c9 um momento muito importante de integra\u00e7\u00e3o e que comp\u00f5e as comemora\u00e7\u00f5es do anivers\u00e1rio de 67 anos de Xambio\u00e1. A popula\u00e7\u00e3o \u00e9 muito receptiva, o turismo \u00e9 forte e queremos fortalecer cada vez mais esse potencial. Vamos trabalhar em conjunto\u201d, enfatizou.<\/p>\n\n\n\n<p>Em sua 28\u00aa edi\u00e7\u00e3o, a cavalgada reuniu mais de 16 comitivas e centenas de cavaleiros e amazonas de diversos munic\u00edpios. O desfile percorreu as principais ruas da cidade, acompanhado por moradores e visitantes at\u00e9 o parque de exposi\u00e7\u00f5es.<\/p>\n\n\n\n<p>O prefeito de Xambio\u00e1, Mayck C\u00e2mara, ressaltou que a programa\u00e7\u00e3o foi planejada para integrar as principais festividades do munic\u00edpio. \u201cConcentramos a cavalgada e exposi\u00e7\u00e3o, que s\u00e3o duas festas tradicionais e juntamos as comemora\u00e7\u00f5es com o anivers\u00e1rio da cidade. O povo de Xambio\u00e1 \u00e9 muito festivo e alegre, ent\u00e3o este \u00e9 um momento muito aguardado pela popula\u00e7\u00e3o, que re\u00fane as pessoas e fomenta a economia. Estou muito satisfeito com a parceria com o governo, que \u00e9 muito importante. Agrade\u00e7o a presen\u00e7a do governador Laurez Moreira\u201d, pontuou.<\/p>\n\n\n\n<figure class=\"wp-block-image size-large\"><img loading=\"lazy\" decoding=\"async\" width=\"1024\" height=\"585\" src=\"https:\/\/focotocantinense.com.br\/wp-content\/uploads\/2025\/11\/F2-28a-Cavalgada-de-Xambioa-Foto-Ademir-dos-Anjos-GovTO-1024x585.jpg\" alt=\"\" class=\"wp-image-11325\" srcset=\"https:\/\/focotocantinense.com.br\/wp-content\/uploads\/2025\/11\/F2-28a-Cavalgada-de-Xambioa-Foto-Ademir-dos-Anjos-GovTO-1024x585.jpg 1024w, https:\/\/focotocantinense.com.br\/wp-content\/uploads\/2025\/11\/F2-28a-Cavalgada-de-Xambioa-Foto-Ademir-dos-Anjos-GovTO-300x171.jpg 300w, https:\/\/focotocantinense.com.br\/wp-content\/uploads\/2025\/11\/F2-28a-Cavalgada-de-Xambioa-Foto-Ademir-dos-Anjos-GovTO-768x439.jpg 768w, https:\/\/focotocantinense.com.br\/wp-content\/uploads\/2025\/11\/F2-28a-Cavalgada-de-Xambioa-Foto-Ademir-dos-Anjos-GovTO.jpg 1235w\" sizes=\"auto, (max-width: 1024px) 100vw, 1024px\" \/><\/figure>\n\n\n\n<p>Tradicional cavalgada marcou a abertura da 16\u00aa Exposi\u00e7\u00e3o Agropecu\u00e1ria de Xambio\u00e1<\/p>\n\n\n\n<p>A cavaleira Ingrid Rocha, da Comitiva Fazenda Nossa Senhora Aparecida, de Xambio\u00e1, compartilhou o orgulho em participar mais uma vez e manter viva uma tradi\u00e7\u00e3o familiar que atravessa gera\u00e7\u00f5es. \u201cParticipamos todos os anos da cavalgada; \u00e9 uma hist\u00f3ria que ultrapassa gera\u00e7\u00f5es. Estamos orgulhosos por reunir tantos cavaleiros e amazonas. Essa tradi\u00e7\u00e3o come\u00e7ou com meu av\u00f4, que faleceu h\u00e1 dois anos, e hoje nossa fam\u00edlia continua o legado. Nunca vi a cavalgada reunir tanta gente e nos enche de alegria fazer parte tamb\u00e9m da exposi\u00e7\u00e3o\u201d, declarou.<\/p>\n\n\n\n<p><strong>Exposi\u00e7\u00e3o Agropecu\u00e1ria de Xambio\u00e1<\/strong><\/p>\n\n\n\n<p>Com apoio do Governo do Tocantins, por meio das secretarias de Estado da Ind\u00fastria, Com\u00e9rcio e Servi\u00e7os (Sics) e do Turismo (Setur), a exposi\u00e7\u00e3o agropecu\u00e1ria \u00e9 realizada em parceria entre o Sindicato Rural de Xambio\u00e1, o Sistema Faet\/Senar e a prefeitura municipal.<\/p>\n\n\n\n<p>O evento re\u00fane a\u00e7\u00f5es voltadas ao fortalecimento do agroneg\u00f3cio e ao incentivo \u00e0 agricultura familiar, com palestras educativas, atividades de capacita\u00e7\u00e3o, al\u00e9m da Feira da Colheita, dedicada \u00e0 valoriza\u00e7\u00e3o dos pequenos produtores e \u00e0 comercializa\u00e7\u00e3o de produtos locais.<\/p>\n\n\n\n<p>A expectativa da organiza\u00e7\u00e3o \u00e9 de que mais de 30 mil pessoas participem da exposi\u00e7\u00e3o ao longo do evento, que \u00e9 a maior de todas as edi\u00e7\u00f5es j\u00e1 realizadas. \u201c\u00c9 um sentimento de muita alegria, resultado de muito trabalho. \u00c9 gratificante ver o envolvimento da comunidade e dos produtores rurais nesta grande edi\u00e7\u00e3o, que mant\u00e9m viva uma tradi\u00e7\u00e3o importante para Xambio\u00e1\u201d, salientou o presidente do Sindicato Rural de Xambio\u00e1, Luiz Maranh\u00e3o.<\/p>\n","protected":false},"excerpt":{"rendered":"<p>Governador Laurez Moreira enfatizou a import\u00e2ncia dos eventos para o fortalecimento econ\u00f4mico e valoriza\u00e7\u00e3o das tradi\u00e7\u00f5es regionais<\/p>\n","protected":false},"author":5,"featured_media":11322,"comment_status":"open","ping_status":"open","sticky":false,"template":"","format":"standard","meta":{"footnotes":""},"categories":[1],"tags":[],"class_list":["post-11320","post","type-post","status-publish","format-standard","has-post-thumbnail","","category-sem-categoria"],"_links":{"self":[{"href":"https:\/\/focotocantinense.com.br\/index.php?rest_route=\/wp\/v2\/posts\/11320","targetHints":{"allow":["GET"]}}],"collection":[{"href":"https:\/\/focotocantinense.com.br\/index.php?rest_route=\/wp\/v2\/posts"}],"about":[{"href":"https:\/\/focotocantinense.com.br\/index.php?rest_route=\/wp\/v2\/types\/post"}],"author":[{"embeddable":true,"href":"https:\/\/focotocantinense.com.br\/index.php?rest_route=\/wp\/v2\/users\/5"}],"replies":[{"embeddable":true,"href":"https:\/\/focotocantinense.com.br\/index.php?rest_route=%2Fwp%2Fv2%2Fcomments&post=11320"}],"version-history":[{"count":2,"href":"https:\/\/focotocantinense.com.br\/index.php?rest_route=\/wp\/v2\/posts\/11320\/revisions"}],"predecessor-version":[{"id":11326,"href":"https:\/\/focotocantinense.com.br\/index.php?rest_route=\/wp\/v2\/posts\/11320\/revisions\/11326"}],"wp:featuredmedia":[{"embeddable":true,"href":"https:\/\/focotocantinense.com.br\/index.php?rest_route=\/wp\/v2\/media\/11322"}],"wp:attachment":[{"href":"https:\/\/focotocantinense.com.br\/index.php?rest_route=%2Fwp%2Fv2%2Fmedia&parent=11320"}],"wp:term":[{"taxonomy":"category","embeddable":true,"href":"https:\/\/focotocantinense.com.br\/index.php?rest_route=%2Fwp%2Fv2%2Fcategories&post=11320"},{"taxonomy":"post_tag","embeddable":true,"href":"https:\/\/focotocantinense.com.br\/index.php?rest_route=%2Fwp%2Fv2%2Ftags&post=11320"}],"curies":[{"name":"wp","href":"https:\/\/api.w.org\/{rel}","templated":true}]}}