{"id":11312,"date":"2025-11-07T13:22:12","date_gmt":"2025-11-07T16:22:12","guid":{"rendered":"https:\/\/focotocantinense.com.br\/?p=11312"},"modified":"2025-11-07T13:32:08","modified_gmt":"2025-11-07T16:32:08","slug":"roda-de-conversa-com-o-escritor-jose-benilson-movimenta-o-centro-educacional-cefya-frei-antonio-em-tocantinia","status":"publish","type":"post","link":"https:\/\/focotocantinense.com.br\/?p=11312","title":{"rendered":"Roda de conversa com o escritor Jos\u00e9 Benilson movimenta \u00a0o Centro Educacional CEFYA Frei Ant\u00f4nio, em Tocant\u00ednia"},"content":{"rendered":"\n<p><strong>Por Zacarias Martins<\/strong><\/p>\n\n\n\n<p>Tocantinense de Filad\u00e9lfia, no norte do estado, o escritor e professor Jos\u00e9 Benilson foi o convidado especial da roda de conversa liter\u00e1ria promovida pelo Projeto Poetas do Xod\u00f3, &nbsp;coordenado pelo professor Andr\u00e9 Goveia, &nbsp;do CEFYA &nbsp;&#8211; Centro Educacional F\u00e9 e Alegria Frei Ant\u00f4nio, em Tocant\u00ednia. O evento foi realizado na tarde desta quarta-feira, 06 de novembro, e reuniu alunos, professores e admiradores da literatura regional, fortalecendo ainda mais o v\u00ednculo entre a escrita, identidade cultural e protagonismo estudantil.<\/p>\n\n\n\n<figure class=\"wp-block-image size-large is-resized\"><img loading=\"lazy\" decoding=\"async\" width=\"1024\" height=\"768\" src=\"https:\/\/focotocantinense.com.br\/wp-content\/uploads\/2025\/11\/1-Professor-e-escritor-Jose-Benilson-em-Roda-de-Conversa-em-Tocantinia-1024x768.jpeg\" alt=\"\" class=\"wp-image-11313\" style=\"width:407px;height:auto\" srcset=\"https:\/\/focotocantinense.com.br\/wp-content\/uploads\/2025\/11\/1-Professor-e-escritor-Jose-Benilson-em-Roda-de-Conversa-em-Tocantinia-1024x768.jpeg 1024w, https:\/\/focotocantinense.com.br\/wp-content\/uploads\/2025\/11\/1-Professor-e-escritor-Jose-Benilson-em-Roda-de-Conversa-em-Tocantinia-300x225.jpeg 300w, https:\/\/focotocantinense.com.br\/wp-content\/uploads\/2025\/11\/1-Professor-e-escritor-Jose-Benilson-em-Roda-de-Conversa-em-Tocantinia-768x576.jpeg 768w, https:\/\/focotocantinense.com.br\/wp-content\/uploads\/2025\/11\/1-Professor-e-escritor-Jose-Benilson-em-Roda-de-Conversa-em-Tocantinia-1536x1152.jpeg 1536w, https:\/\/focotocantinense.com.br\/wp-content\/uploads\/2025\/11\/1-Professor-e-escritor-Jose-Benilson-em-Roda-de-Conversa-em-Tocantinia.jpeg 1600w\" sizes=\"auto, (max-width: 1024px) 100vw, 1024px\" \/><\/figure>\n\n\n\n<p><br><strong>Compartilhamento<\/strong><\/p>\n\n\n\n<p>Jos\u00e9 Benilson compartilhou com os estudantes um pouco de sua trajet\u00f3ria de vida e suas inspira\u00e7\u00f5es liter\u00e1rias. Durante sua fala, destacou suas obras mais conhecidas, entre elas \u201cBarraria\u201d e \u201cFlor de L\u00f3tus\u201d, publicadas pela Editora Veloso. O autor tamb\u00e9m comentou sobre processos de cria\u00e7\u00e3o, personagens, cen\u00e1rios e temas que permeiam seus livros, ressaltando, ainda, sobre a import\u00e2ncia de valorizar a literatura tocantinense e de incentivar jovens talentos na leitura e na escrita.<\/p>\n\n\n\n<figure class=\"wp-block-image size-large\"><img loading=\"lazy\" decoding=\"async\" width=\"1024\" height=\"768\" src=\"https:\/\/focotocantinense.com.br\/wp-content\/uploads\/2025\/11\/2-Professor-e-escritor-Jose-Benilson-em-Roda-de-Conversa-em-Tocantinia-1024x768.jpeg\" alt=\"\" class=\"wp-image-11318\" srcset=\"https:\/\/focotocantinense.com.br\/wp-content\/uploads\/2025\/11\/2-Professor-e-escritor-Jose-Benilson-em-Roda-de-Conversa-em-Tocantinia-1024x768.jpeg 1024w, https:\/\/focotocantinense.com.br\/wp-content\/uploads\/2025\/11\/2-Professor-e-escritor-Jose-Benilson-em-Roda-de-Conversa-em-Tocantinia-300x225.jpeg 300w, https:\/\/focotocantinense.com.br\/wp-content\/uploads\/2025\/11\/2-Professor-e-escritor-Jose-Benilson-em-Roda-de-Conversa-em-Tocantinia-768x576.jpeg 768w, https:\/\/focotocantinense.com.br\/wp-content\/uploads\/2025\/11\/2-Professor-e-escritor-Jose-Benilson-em-Roda-de-Conversa-em-Tocantinia-1536x1152.jpeg 1536w, https:\/\/focotocantinense.com.br\/wp-content\/uploads\/2025\/11\/2-Professor-e-escritor-Jose-Benilson-em-Roda-de-Conversa-em-Tocantinia.jpeg 1600w\" sizes=\"auto, (max-width: 1024px) 100vw, 1024px\" \/><\/figure>\n\n\n\n<p><\/p>\n\n\n\n<p><strong>Apresenta\u00e7\u00f5es musicais<\/strong><\/p>\n\n\n\n<p>A visita foi marcada por momentos de grande sensibilidade art\u00edstica. Os Poetas do Xod\u00f3 apresentaram m\u00fasicas autorais como \u201cVem escrever, vem rimar\u201d, \u201cOutra estrada, outro lugar\u201d e o hino art\u00edstico \u201cOs Poetas do Xod\u00f3 chegaram para brilhar\u201d. As apresenta\u00e7\u00f5es emocionaram o escritor, que demonstrou entusiasmo com a criatividade e o potencial liter\u00e1rio dos estudantes. Al\u00e9m disso, os alunos recitaram poesias em coro, refor\u00e7ando o esp\u00edrito coletivo e a for\u00e7a do movimento liter\u00e1rio dentro da escola.<br><br><\/p>\n\n\n\n<p><strong>Evento produtivo<\/strong><\/p>\n\n\n\n<figure class=\"wp-block-image size-large\"><img loading=\"lazy\" decoding=\"async\" width=\"1024\" height=\"768\" src=\"https:\/\/focotocantinense.com.br\/wp-content\/uploads\/2025\/11\/3-professor-Andre-Goveia-e-professor-Jose-Benilson-1024x768.jpeg\" alt=\"\" class=\"wp-image-11316\" srcset=\"https:\/\/focotocantinense.com.br\/wp-content\/uploads\/2025\/11\/3-professor-Andre-Goveia-e-professor-Jose-Benilson-1024x768.jpeg 1024w, https:\/\/focotocantinense.com.br\/wp-content\/uploads\/2025\/11\/3-professor-Andre-Goveia-e-professor-Jose-Benilson-300x225.jpeg 300w, https:\/\/focotocantinense.com.br\/wp-content\/uploads\/2025\/11\/3-professor-Andre-Goveia-e-professor-Jose-Benilson-768x576.jpeg 768w, https:\/\/focotocantinense.com.br\/wp-content\/uploads\/2025\/11\/3-professor-Andre-Goveia-e-professor-Jose-Benilson-1536x1152.jpeg 1536w, https:\/\/focotocantinense.com.br\/wp-content\/uploads\/2025\/11\/3-professor-Andre-Goveia-e-professor-Jose-Benilson.jpeg 1600w\" sizes=\"auto, (max-width: 1024px) 100vw, 1024px\" \/><\/figure>\n\n\n\n<p><strong><em>Professor e poeta\u00a0 Andr\u00e9 Goveia comemorou o sucessor da Roda liter\u00e1ria com o escritor Jos\u00e9 Benilson, de Filad\u00e9lfia<\/em><\/strong><\/p>\n\n\n\n<p>Para o coordenador do projeto, professor Andr\u00e9 Goveia, o di\u00e1logo com o escritor Jos\u00e9 Ben\u00edcio foi aberto e produtivo. V\u00e1rios estudantes fizeram perguntas sobre os livros, o processo de escrita, desafios da carreira e motiva\u00e7\u00f5es pessoais do escritor\u201d, afirmou Goveia, ressaltando que a conversa fluiu de forma leve, motivadora e inspiradora, proporcionando aos jovens uma experi\u00eancia real de intera\u00e7\u00e3o com a literatura viva do Tocantins.<\/p>\n\n\n\n<p><strong><br>Forma\u00e7\u00e3o de leitores<\/strong><br>Andr\u00e9 Goveia enfatiza, tamb\u00e9m, que a presen\u00e7a de Jos\u00e9 Benilson na unidade escolar &nbsp;representa um marco significativo na forma\u00e7\u00e3o de novos leitores e escritores. \u201cEncontros como esse reafirmam o compromisso da escola com a educa\u00e7\u00e3o liter\u00e1ria, a valoriza\u00e7\u00e3o da cultura local e o est\u00edmulo ao protagonismo estudantil.&nbsp;O evento refor\u00e7a a miss\u00e3o do CEFYA Frei Ant\u00f4nio e do Projeto Poetas do Xod\u00f3: transformar vidas por meio da poesia, da leitura e da pot\u00eancia criativa de cada estudante\u201d, concluiu o professor Andr\u00e9 Goveia.<\/p>\n\n\n\n<figure class=\"wp-block-image size-full is-resized\"><img loading=\"lazy\" decoding=\"async\" width=\"727\" height=\"184\" src=\"https:\/\/focotocantinense.com.br\/wp-content\/uploads\/2025\/11\/SHOW-DE-HUMOR-DE-VINICIUS-MARTINS.jpeg\" alt=\"\" class=\"wp-image-11297\" style=\"width:840px;height:auto\" srcset=\"https:\/\/focotocantinense.com.br\/wp-content\/uploads\/2025\/11\/SHOW-DE-HUMOR-DE-VINICIUS-MARTINS.jpeg 727w, https:\/\/focotocantinense.com.br\/wp-content\/uploads\/2025\/11\/SHOW-DE-HUMOR-DE-VINICIUS-MARTINS-300x76.jpeg 300w\" sizes=\"auto, (max-width: 727px) 100vw, 727px\" \/><\/figure>\n","protected":false},"excerpt":{"rendered":"<p>Por Zacarias Martins Tocantinense de Filad\u00e9lfia, no norte do estado, o escritor e professor Jos\u00e9 Benilson foi o convidado especial da roda de conversa liter\u00e1ria promovida pelo Projeto Poetas do Xod\u00f3, &nbsp;coordenado pelo professor Andr\u00e9 Goveia, &nbsp;do CEFYA &nbsp;&#8211; Centro Educacional F\u00e9 e Alegria Frei Ant\u00f4nio, em Tocant\u00ednia. O evento foi realizado na tarde desta &hellip;<\/p>\n","protected":false},"author":5,"featured_media":11313,"comment_status":"open","ping_status":"open","sticky":false,"template":"","format":"standard","meta":{"footnotes":""},"categories":[104,38],"tags":[],"class_list":["post-11312","post","type-post","status-publish","format-standard","has-post-thumbnail","","category-cultura","category-gurupi"],"_links":{"self":[{"href":"https:\/\/focotocantinense.com.br\/index.php?rest_route=\/wp\/v2\/posts\/11312","targetHints":{"allow":["GET"]}}],"collection":[{"href":"https:\/\/focotocantinense.com.br\/index.php?rest_route=\/wp\/v2\/posts"}],"about":[{"href":"https:\/\/focotocantinense.com.br\/index.php?rest_route=\/wp\/v2\/types\/post"}],"author":[{"embeddable":true,"href":"https:\/\/focotocantinense.com.br\/index.php?rest_route=\/wp\/v2\/users\/5"}],"replies":[{"embeddable":true,"href":"https:\/\/focotocantinense.com.br\/index.php?rest_route=%2Fwp%2Fv2%2Fcomments&post=11312"}],"version-history":[{"count":3,"href":"https:\/\/focotocantinense.com.br\/index.php?rest_route=\/wp\/v2\/posts\/11312\/revisions"}],"predecessor-version":[{"id":11319,"href":"https:\/\/focotocantinense.com.br\/index.php?rest_route=\/wp\/v2\/posts\/11312\/revisions\/11319"}],"wp:featuredmedia":[{"embeddable":true,"href":"https:\/\/focotocantinense.com.br\/index.php?rest_route=\/wp\/v2\/media\/11313"}],"wp:attachment":[{"href":"https:\/\/focotocantinense.com.br\/index.php?rest_route=%2Fwp%2Fv2%2Fmedia&parent=11312"}],"wp:term":[{"taxonomy":"category","embeddable":true,"href":"https:\/\/focotocantinense.com.br\/index.php?rest_route=%2Fwp%2Fv2%2Fcategories&post=11312"},{"taxonomy":"post_tag","embeddable":true,"href":"https:\/\/focotocantinense.com.br\/index.php?rest_route=%2Fwp%2Fv2%2Ftags&post=11312"}],"curies":[{"name":"wp","href":"https:\/\/api.w.org\/{rel}","templated":true}]}}