{"id":11308,"date":"2025-11-06T22:14:11","date_gmt":"2025-11-07T01:14:11","guid":{"rendered":"https:\/\/focotocantinense.com.br\/?p=11308"},"modified":"2025-11-06T22:14:11","modified_gmt":"2025-11-07T01:14:11","slug":"paulo-albuquerque-prepara-show-musicas-em-letras-um-tributo-a-poesia-tocantinense-contemplado-pela-aldir-blanc","status":"publish","type":"post","link":"https:\/\/focotocantinense.com.br\/?p=11308","title":{"rendered":"\u00a0Paulo Albuquerque prepara show \u201cM\u00fasicas e(m) Letras: Um Tributo \u00e0 Poesia Tocantinense\u201d, contemplado pela Aldir Blanc"},"content":{"rendered":"\n<p><\/p>\n\n\n\n<p><br>O jornalista, cantor e compositor Paulo Albuquerque est\u00e1 preparando o show de lan\u00e7amento do seu mais novo projeto, \u201cM\u00fasicas e(m) Letras: Um Tributo \u00e0 Poesia Tocantinense\u201d, contemplado pelo edital da Lei Aldir Blanc\/2024, do Governo do Tocantins.<\/p>\n\n\n\n<figure class=\"wp-block-image size-large is-resized\"><img loading=\"lazy\" decoding=\"async\" width=\"768\" height=\"1024\" src=\"https:\/\/focotocantinense.com.br\/wp-content\/uploads\/2025\/11\/Paulo-Albuquerque-prepara-show-1-768x1024.jpeg\" alt=\"\" class=\"wp-image-11309\" style=\"width:413px;height:auto\" srcset=\"https:\/\/focotocantinense.com.br\/wp-content\/uploads\/2025\/11\/Paulo-Albuquerque-prepara-show-1-768x1024.jpeg 768w, https:\/\/focotocantinense.com.br\/wp-content\/uploads\/2025\/11\/Paulo-Albuquerque-prepara-show-1-225x300.jpeg 225w, https:\/\/focotocantinense.com.br\/wp-content\/uploads\/2025\/11\/Paulo-Albuquerque-prepara-show-1-1152x1536.jpeg 1152w, https:\/\/focotocantinense.com.br\/wp-content\/uploads\/2025\/11\/Paulo-Albuquerque-prepara-show-1.jpeg 1200w\" sizes=\"auto, (max-width: 768px) 100vw, 768px\" \/><\/figure>\n\n\n\n<p><br><br>O projeto prop\u00f5e a produ\u00e7\u00e3o de quatro videoclipes, que j\u00e1 est\u00e3o em produ\u00e7\u00e3o, que celebram as parcerias de Paulo com poetas tocantinenses, e a realiza\u00e7\u00e3o de dois shows abertos ao p\u00fablico. O primeiro ser\u00e1 apresentado no dia 14 de novembro, a partir das 20h30, no palco externo do Centro Cultural, integrando a programa\u00e7\u00e3o oficial do anivers\u00e1rio da cidade.<br><br>No repert\u00f3rio, o p\u00fablico poder\u00e1 conferir m\u00fasicas in\u00e9ditas como \u201cA Sorte e o Destino\u201d (Gilson Cavalcante\/Paulo Albuquerque), \u201cTerra dos Benjamim\u201d (Paulo Albuquerque e Roberto Jos\u00e9 Ribeiro), \u201cDeserto\u201d (Gilson Cavalcante e Paulo Albuquerque) e \u201cAlgo em Comum\u201d (Chico Chokolate, Paulo Albuquerque e Roveroni). Al\u00e9m das novas composi\u00e7\u00f5es, o artista tamb\u00e9m incluir\u00e1 duas can\u00e7\u00f5es j\u00e1 gravadas e conhecidas pelo p\u00fablico.<br><br>De acordo com Paulo Albuquerque, o show \u201cM\u00fasicas e(m) Letras\u201d \u00e9 uma celebra\u00e7\u00e3o da identidade cultural tocantinense e da import\u00e2ncia da poesia na forma\u00e7\u00e3o hist\u00f3rica e social do Estado. \u201cAs can\u00e7\u00f5es exploram as experi\u00eancias humanas e hist\u00f3ricas do Tocantins, conectando diferentes gera\u00e7\u00f5es atrav\u00e9s da arte e da palavra. \u00c9 uma homenagem \u00e0 nossa poesia e aos poetas que traduzem o Tocantins em versos\u201d, destacou o artista.<br><br>O projeto foi aprovado no Edital da Lei Aldir Blanc\/2024, do Governo Federal, por meio do Minist\u00e9rio da Cultura, e \u00e9 operacionalizado pelo Governo do Tocantins, atrav\u00e9s da Secretaria de Cultura.<br><br><strong>Perfil<\/strong><br><br>Natural de Cruz Alta (RS), Paulo Albuquerque chegou ao Tocantins em setembro de 1989, motivado pela cria\u00e7\u00e3o do novo Estado. Atuou como advogado e professor em Gurupi at\u00e9 1996, mas foi na m\u00fasica e na composi\u00e7\u00e3o que encontrou seu principal meio de express\u00e3o art\u00edstica, tornando-se um dos nomes mais reconhecidos da cena cultural tocantinense.<br><br>Idealizador do FESC \u2013 Festival da Can\u00e7\u00e3o (1990), primeiro festival tocantinense a registrar seus vencedores em vinil e CD, e do FUC \u2013 Festival Universit\u00e1rio da Can\u00e7\u00e3o (2001), criado enquanto era assessor de imprensa da Faculdade UnirG. Paulo tamb\u00e9m se destacou como pesquisador da cultura regional, em 2019, lan\u00e7ou o livro \u201cCanto em Si \u2013 Identidade Tocantinense.<\/p>\n\n\n\n<figure class=\"wp-block-image size-full is-resized\"><img loading=\"lazy\" decoding=\"async\" width=\"727\" height=\"184\" src=\"https:\/\/focotocantinense.com.br\/wp-content\/uploads\/2025\/11\/SHOW-DE-HUMOR-DE-VINICIUS-MARTINS.jpeg\" alt=\"\" class=\"wp-image-11297\" style=\"width:840px;height:auto\" srcset=\"https:\/\/focotocantinense.com.br\/wp-content\/uploads\/2025\/11\/SHOW-DE-HUMOR-DE-VINICIUS-MARTINS.jpeg 727w, https:\/\/focotocantinense.com.br\/wp-content\/uploads\/2025\/11\/SHOW-DE-HUMOR-DE-VINICIUS-MARTINS-300x76.jpeg 300w\" sizes=\"auto, (max-width: 727px) 100vw, 727px\" \/><\/figure>\n","protected":false},"excerpt":{"rendered":"<p>O jornalista, cantor e compositor Paulo Albuquerque est\u00e1 preparando o show de lan\u00e7amento do seu mais novo projeto, \u201cM\u00fasicas e(m) Letras: Um Tributo \u00e0 Poesia Tocantinense\u201d, contemplado pelo edital da Lei Aldir Blanc\/2024, do Governo do Tocantins. O projeto prop\u00f5e a produ\u00e7\u00e3o de quatro videoclipes, que j\u00e1 est\u00e3o em produ\u00e7\u00e3o, que celebram as parcerias de &hellip;<\/p>\n","protected":false},"author":5,"featured_media":11309,"comment_status":"open","ping_status":"open","sticky":false,"template":"","format":"standard","meta":{"footnotes":""},"categories":[1],"tags":[],"class_list":["post-11308","post","type-post","status-publish","format-standard","has-post-thumbnail","","category-sem-categoria"],"_links":{"self":[{"href":"https:\/\/focotocantinense.com.br\/index.php?rest_route=\/wp\/v2\/posts\/11308","targetHints":{"allow":["GET"]}}],"collection":[{"href":"https:\/\/focotocantinense.com.br\/index.php?rest_route=\/wp\/v2\/posts"}],"about":[{"href":"https:\/\/focotocantinense.com.br\/index.php?rest_route=\/wp\/v2\/types\/post"}],"author":[{"embeddable":true,"href":"https:\/\/focotocantinense.com.br\/index.php?rest_route=\/wp\/v2\/users\/5"}],"replies":[{"embeddable":true,"href":"https:\/\/focotocantinense.com.br\/index.php?rest_route=%2Fwp%2Fv2%2Fcomments&post=11308"}],"version-history":[{"count":1,"href":"https:\/\/focotocantinense.com.br\/index.php?rest_route=\/wp\/v2\/posts\/11308\/revisions"}],"predecessor-version":[{"id":11310,"href":"https:\/\/focotocantinense.com.br\/index.php?rest_route=\/wp\/v2\/posts\/11308\/revisions\/11310"}],"wp:featuredmedia":[{"embeddable":true,"href":"https:\/\/focotocantinense.com.br\/index.php?rest_route=\/wp\/v2\/media\/11309"}],"wp:attachment":[{"href":"https:\/\/focotocantinense.com.br\/index.php?rest_route=%2Fwp%2Fv2%2Fmedia&parent=11308"}],"wp:term":[{"taxonomy":"category","embeddable":true,"href":"https:\/\/focotocantinense.com.br\/index.php?rest_route=%2Fwp%2Fv2%2Fcategories&post=11308"},{"taxonomy":"post_tag","embeddable":true,"href":"https:\/\/focotocantinense.com.br\/index.php?rest_route=%2Fwp%2Fv2%2Ftags&post=11308"}],"curies":[{"name":"wp","href":"https:\/\/api.w.org\/{rel}","templated":true}]}}