{"id":11300,"date":"2025-11-06T21:18:57","date_gmt":"2025-11-07T00:18:57","guid":{"rendered":"https:\/\/focotocantinense.com.br\/?p=11300"},"modified":"2025-11-06T21:26:58","modified_gmt":"2025-11-07T00:26:58","slug":"sesc-gurupi-recebe-roda-de-conversa-com-o-poeta-e-escritor-zacarias-martins","status":"publish","type":"post","link":"https:\/\/focotocantinense.com.br\/?p=11300","title":{"rendered":"Sesc Gurupi recebe Roda de Conversa com o poeta e escritor Zacarias Martins"},"content":{"rendered":"\n<p><br>Titular da Academia Tocantinense de Letras (ATL) e da Academia Gurupiense de Letras (AGL), o escritor, poeta,&nbsp;&nbsp;jornalista e produtor cultural Zacarias Martins participou de uma movimentada&nbsp;&nbsp;Roda de Conversa&nbsp;&nbsp;Liter\u00e1ria na manh\u00e3&nbsp;&nbsp;de quarta-feira, 05, no&nbsp;&nbsp;Cine Teatro do Sesc, em Gurupi, e que teve como p\u00fablico-alvo, os participantes do Grupo Vida Ativa, iniciativa do Sesc que colabora no resgate social da pessoa idosa promovendo socializa\u00e7\u00e3o, autonomia e o exerc\u00edcio da cidadania.<\/p>\n\n\n\n<figure class=\"wp-block-image is-resized\"><a href=\"https:\/\/blogger.googleusercontent.com\/img\/b\/R29vZ2xl\/AVvXsEhWBHgT5iWo63aUSAv1US6155VxHARwMltDI-BUFhxZ7u5yPruf-TWKoIsUg639_KBYjpq3ce2SSD_Kk13pZshiy-HHxXwGkG0pGTN0bTqBPd278CB_mqYNt8chAqM1SrT3QVef5Xs6WbPRIYlbfXSpzAo9RfLm_Isv6Jj4eUqt5gW6xA47Tmd-X17qNuj2\/s1024\/1%20-%20Zacarias%20Martins%20no%20Sesc%20em%20Gurupi.jpeg\"><img decoding=\"async\" src=\"https:\/\/blogger.googleusercontent.com\/img\/b\/R29vZ2xl\/AVvXsEhWBHgT5iWo63aUSAv1US6155VxHARwMltDI-BUFhxZ7u5yPruf-TWKoIsUg639_KBYjpq3ce2SSD_Kk13pZshiy-HHxXwGkG0pGTN0bTqBPd278CB_mqYNt8chAqM1SrT3QVef5Xs6WbPRIYlbfXSpzAo9RfLm_Isv6Jj4eUqt5gW6xA47Tmd-X17qNuj2\/w442-h589\/1%20-%20Zacarias%20Martins%20no%20Sesc%20em%20Gurupi.jpeg\" alt=\"\" style=\"width:388px;height:auto\"\/><\/a><\/figure>\n\n\n\n<p><\/p>\n\n\n\n<p><strong>Trajet\u00f3ria<\/strong><\/p>\n\n\n\n<p>Num bate-papo animado com a plateia, Zacarias Martins falou de forma bem humorada, sobre o seu encontro com o universo das letras e a sua trajet\u00f3ria de dedica\u00e7\u00e3o que o brindou com in\u00fameras premia\u00e7\u00f5es, t\u00edtulos e homenagens.<\/p>\n\n\n\n<p>O escritor tamb\u00e9m destacou algumas curiosidades de sua obra: \u201cHist\u00f3rias da hist\u00f3ria de Gurupi\u201d, publicado pela Editora veloso e que se encontra na sua quinta edi\u00e7\u00e3o, j\u00e1 tendo sido adotado por duas vezes no exame vestibular da Universidade de Gurupi (UnirG), despertando o interesse e conquistando boas gargalhadas da plateia&nbsp;&nbsp;&nbsp;com os inusitados fatos.<\/p>\n\n\n\n<p>Demonstrando sua versatilidade no universo da literatura, Martins realizou um recital de seus poemas mais populares que&nbsp;&nbsp;encantou a todos.<\/p>\n\n\n\n<figure class=\"wp-block-image is-resized\"><a href=\"https:\/\/blogger.googleusercontent.com\/img\/b\/R29vZ2xl\/AVvXsEiWWDyW_4GlUGh9ZJBJmSnDwkcl0NXzczrfo5GuIx2UEH1P-aV7C4D6-ggZRT3VXs4svfbJHG6Hhhi3KvRLaP0QvkzyKnuU1OJjFdH67_gd8wYRReki-92TF0_UlRaIx-Y5A9u_E77vxDrQ2Lfj20nWAySWITaiAOtjwTxHlPVkrmu8WwdsJ_aEAd0Uk2pN\/s1024\/3%20%20Zacarias%20Martins%20no%20Sesc%20em%20Gurupi.jpeg\"><img decoding=\"async\" src=\"https:\/\/blogger.googleusercontent.com\/img\/b\/R29vZ2xl\/AVvXsEiWWDyW_4GlUGh9ZJBJmSnDwkcl0NXzczrfo5GuIx2UEH1P-aV7C4D6-ggZRT3VXs4svfbJHG6Hhhi3KvRLaP0QvkzyKnuU1OJjFdH67_gd8wYRReki-92TF0_UlRaIx-Y5A9u_E77vxDrQ2Lfj20nWAySWITaiAOtjwTxHlPVkrmu8WwdsJ_aEAd0Uk2pN\/w420-h560\/3%20%20Zacarias%20Martins%20no%20Sesc%20em%20Gurupi.jpeg\" alt=\"\" style=\"width:840px;height:auto\"\/><\/a><\/figure>\n\n\n\n<p><\/p>\n\n\n\n<p><strong>Sorteio de livros<\/strong><\/p>\n\n\n\n<p>Ao final de sua apresenta\u00e7\u00e3o, Zacarias Martins sorteou&nbsp;&nbsp;exemplares de livros de sua autoria e que&nbsp;&nbsp;cuja publica\u00e7\u00e3o foi contemplada&nbsp;&nbsp;num projeto apoiado pela PNAB &#8211; Pol\u00edtica Nacional Aldir Blanc\/2024, com recursos do Minist\u00e9rio da Cultura (MinC) e operacionalizados pela Secretaria de Cultura do Tocantins (Secult),<\/p>\n\n\n\n<figure class=\"wp-block-image is-resized\"><a href=\"https:\/\/blogger.googleusercontent.com\/img\/b\/R29vZ2xl\/AVvXsEjCCff0i-kPadmK9wOmIxbrklvdNnTROcy21sErHExopHMVXIGLk6mRextSlcFZduqFLRzMO1PP9jctBSiJOEBc10c5somV2AbedeEyfzk4LIcoXIzdQ1hqBq6-nXXvi5LVKlhRwRqxAvXh2lQ9BxLmON8oOlKKY-qDJmDXnoQrrOPkv9fk6hxaCFr2fpKf\/s1024\/4%20%20%20Zacarias%20Martins%20no%20Sesc%20em%20Gurupi.jpeg\"><img decoding=\"async\" src=\"https:\/\/blogger.googleusercontent.com\/img\/b\/R29vZ2xl\/AVvXsEjCCff0i-kPadmK9wOmIxbrklvdNnTROcy21sErHExopHMVXIGLk6mRextSlcFZduqFLRzMO1PP9jctBSiJOEBc10c5somV2AbedeEyfzk4LIcoXIzdQ1hqBq6-nXXvi5LVKlhRwRqxAvXh2lQ9BxLmON8oOlKKY-qDJmDXnoQrrOPkv9fk6hxaCFr2fpKf\/w423-h564\/4%20%20%20Zacarias%20Martins%20no%20Sesc%20em%20Gurupi.jpeg\" alt=\"\" style=\"width:839px;height:auto\"\/><\/a><\/figure>\n\n\n\n<p><\/p>\n\n\n\n<figure class=\"wp-block-image size-full\"><img loading=\"lazy\" decoding=\"async\" width=\"1024\" height=\"768\" src=\"https:\/\/focotocantinense.com.br\/wp-content\/uploads\/2025\/11\/2-Zacarias-Martins-no-Sesc-em-Gurupi.jpeg\" alt=\"\" class=\"wp-image-11301\" srcset=\"https:\/\/focotocantinense.com.br\/wp-content\/uploads\/2025\/11\/2-Zacarias-Martins-no-Sesc-em-Gurupi.jpeg 1024w, https:\/\/focotocantinense.com.br\/wp-content\/uploads\/2025\/11\/2-Zacarias-Martins-no-Sesc-em-Gurupi-300x225.jpeg 300w, https:\/\/focotocantinense.com.br\/wp-content\/uploads\/2025\/11\/2-Zacarias-Martins-no-Sesc-em-Gurupi-768x576.jpeg 768w\" sizes=\"auto, (max-width: 1024px) 100vw, 1024px\" \/><\/figure>\n\n\n\n<p><\/p>\n\n\n\n<p><strong>Legado<\/strong><\/p>\n\n\n\n<p>A assistente social do Sesc em Gurupi, Elza Rodrigues, comemorou&nbsp;&nbsp;o sucesso da realiza\u00e7\u00e3o da Roda de Conversa Liter\u00e1ria de Zacarias Martins, e disse estar&nbsp;&nbsp;honrada pela a oportunidade&nbsp;&nbsp;de assistir a apresenta\u00e7\u00e3o de um dos maiores nomes da literatura&nbsp;&nbsp;contempor\u00e2nea tocantinense.<\/p>\n\n\n\n<figure class=\"wp-block-image is-resized\"><a href=\"https:\/\/blogger.googleusercontent.com\/img\/b\/R29vZ2xl\/AVvXsEgsMhYj7pvZ5UhkazQw1ADRqSH05HgB21b7pRSa1l78NxnorrXMbZvhJOOMRzuXZrJY0t72PTC-e1FvNnh1YFv-M7cMrU0_vQB1og48qdMH90LMDbcq9e27o9etbZDEJ1Cm8GU7prrvx_peH2vcbMYWFEhcWWpdV_3hgMqIYB_e6qgeNGFToka6TYvoW0_Y\/s1024\/6%20%20%20Zacarias%20Martins%20no%20Sesc%20em%20Gurupi.jpeg\"><img decoding=\"async\" src=\"https:\/\/blogger.googleusercontent.com\/img\/b\/R29vZ2xl\/AVvXsEgsMhYj7pvZ5UhkazQw1ADRqSH05HgB21b7pRSa1l78NxnorrXMbZvhJOOMRzuXZrJY0t72PTC-e1FvNnh1YFv-M7cMrU0_vQB1og48qdMH90LMDbcq9e27o9etbZDEJ1Cm8GU7prrvx_peH2vcbMYWFEhcWWpdV_3hgMqIYB_e6qgeNGFToka6TYvoW0_Y\/w432-h576\/6%20%20%20Zacarias%20Martins%20no%20Sesc%20em%20Gurupi.jpeg\" alt=\"\" style=\"width:840px;height:auto\"\/><\/a><\/figure>\n\n\n\n<p><\/p>\n\n\n\n<p>\u201cZacarias Martins faz essa atividade&nbsp;&nbsp;com muito amor e dedica\u00e7\u00e3o e, por isso, entendo que faz parte do seu legado promover essa troca de conhecimentos liter\u00e1rios que, por fim, contribui para ampliar a vis\u00e3o cultural de quem participa de seu trabalho\u201d, concluiu.<\/p>\n\n\n\n<figure class=\"wp-block-image is-resized\"><a href=\"https:\/\/blogger.googleusercontent.com\/img\/b\/R29vZ2xl\/AVvXsEiKFZLdpDDE7PSb-o9fRbASz3IZqRkvhVRwA1Oc_I7zIZpxMVTXrPCYnATUTCIhnCapOR2SGlexCxt4nHuti2fIjqATscsGEt-vXtKluwRdyFmP268hvWKCzk_uUr_tHzpwX83eFJz9RjjWiHgZHGNXMamzEIR0J0gvfcXlxYs7T9VtxvwGGBFllFiBpcV-\/s1024\/5%20%20Zacarias%20Martins%20no%20Sesc%20em%20Gurupi.jpeg\"><img decoding=\"async\" src=\"https:\/\/blogger.googleusercontent.com\/img\/b\/R29vZ2xl\/AVvXsEiKFZLdpDDE7PSb-o9fRbASz3IZqRkvhVRwA1Oc_I7zIZpxMVTXrPCYnATUTCIhnCapOR2SGlexCxt4nHuti2fIjqATscsGEt-vXtKluwRdyFmP268hvWKCzk_uUr_tHzpwX83eFJz9RjjWiHgZHGNXMamzEIR0J0gvfcXlxYs7T9VtxvwGGBFllFiBpcV-\/w420-h560\/5%20%20Zacarias%20Martins%20no%20Sesc%20em%20Gurupi.jpeg\" alt=\"\" style=\"width:840px;height:auto\"\/><\/a><\/figure>\n\n\n\n<p><\/p>\n\n\n\n<p><strong>Credenciais do autor<\/strong><\/p>\n\n\n\n<p>Zacarias Martins \u00e9 poeta, cronista e jornalista associado \u00e0 Federa\u00e7\u00e3o Brasileira de Jornalistas e Comunicadores de Turismo \u2013 Febtur\/Seccional Tocantins). Autor de seis livros de poesias publicados, al\u00e9m de uma obra voltada ao p\u00fablico infantil.&nbsp; J\u00e1 o seu livro de cr\u00f4nicas, \u201cHist\u00f3rias da Hist\u00f3ria de Gurupi\u201d foi indicado por duas vezes para o vestibular da Universidade de Gurupi (UnirG) e seus textos integram diversas antologias liter\u00e1rias. Ele tamb\u00e9m \u00e9 membro-fundador da Academia Tocantinense de Letras (ATL) e da Academia Gurupiense de Letras (AGL). Mant\u00e9m diariamente o quadro das Curiosidades do Dia pela R\u00e1dio Master FM de Gurupi e \u00e9 assessor de comunica\u00e7\u00e3o da regional Sul\/Sudeste do Comit\u00ea de Cultura no Tocantins.<\/p>\n\n\n\n<figure class=\"wp-block-image is-resized\"><a href=\"https:\/\/blogger.googleusercontent.com\/img\/b\/R29vZ2xl\/AVvXsEhXsMCG4ekHjeICnJzHfTOlEw-SYMvCRIDJj7Bg64MVpzccu8fVGq7Vcshr5lR7bdZZJuaD4qcA1geDJmHio6849LoS-xUSfZKS8jhS7vSixSz6_BYTULMs5_RzB-g1SZx-2nnm_mnsNLScIOEVsS5Z0wToLzvKTG8XiULTXwu4aMkPrPB_CWVnRFuNK4ab\/s1024\/8%20%20%20Zacarias%20Martins%20no%20Sesc%20em%20Gurupi.jpeg\"><img decoding=\"async\" src=\"https:\/\/blogger.googleusercontent.com\/img\/b\/R29vZ2xl\/AVvXsEhXsMCG4ekHjeICnJzHfTOlEw-SYMvCRIDJj7Bg64MVpzccu8fVGq7Vcshr5lR7bdZZJuaD4qcA1geDJmHio6849LoS-xUSfZKS8jhS7vSixSz6_BYTULMs5_RzB-g1SZx-2nnm_mnsNLScIOEVsS5Z0wToLzvKTG8XiULTXwu4aMkPrPB_CWVnRFuNK4ab\/w452-h602\/8%20%20%20Zacarias%20Martins%20no%20Sesc%20em%20Gurupi.jpeg\" alt=\"\" style=\"width:840px;height:auto\"\/><\/a><\/figure>\n\n\n\n<p><\/p>\n\n\n\n<figure class=\"wp-block-image is-resized\"><a href=\"https:\/\/blogger.googleusercontent.com\/img\/b\/R29vZ2xl\/AVvXsEi_1nw-TkFtK3rTgIRrhu-OyptLfcQs0yUtZSm14MV2CqprEY7UjpW9aT6yhKayFUe5aPrBZmUga3SoyQyAeUBC-m4WPJ3JlP-XHuBcIVn0nVXrSng8cMDLTWHTL_N5orMJMRSmj6kfM0qHk-umkV3EM9brLzvnCEBYXYJcwJJndaFZNX2GqIiPXsz0S5MA\/s1024\/7%20%20%20Zacarias%20Martins%20no%20Sesc%20em%20Gurupi.jpeg\"><img decoding=\"async\" src=\"https:\/\/blogger.googleusercontent.com\/img\/b\/R29vZ2xl\/AVvXsEi_1nw-TkFtK3rTgIRrhu-OyptLfcQs0yUtZSm14MV2CqprEY7UjpW9aT6yhKayFUe5aPrBZmUga3SoyQyAeUBC-m4WPJ3JlP-XHuBcIVn0nVXrSng8cMDLTWHTL_N5orMJMRSmj6kfM0qHk-umkV3EM9brLzvnCEBYXYJcwJJndaFZNX2GqIiPXsz0S5MA\/w440-h587\/7%20%20%20Zacarias%20Martins%20no%20Sesc%20em%20Gurupi.jpeg\" alt=\"\" style=\"width:840px;height:auto\"\/><\/a><\/figure>\n\n\n\n<p><\/p>\n\n\n\n<figure class=\"wp-block-image is-resized\"><a href=\"https:\/\/blogger.googleusercontent.com\/img\/b\/R29vZ2xl\/AVvXsEifWVuyQ944BUJNnYLxB1abCkOfae54UL6KCsZt-kmUvQb2G8ahYxzWwRII3W4TFD1YP29Pbf8tAgmo7lP_sS6-_AkpWJzzm-KXuNwp1WYYRCujEJHXvBhyphenhyphenQfQVfHFzk6aJRtzf5LrCvq6kD4OXMqObCpKdJtzfZtXZoEEuoiMX7wZCb0utRNHDkS_1GYs8\/s1024\/9%20%20Zacarias%20Martins%20no%20Sesc%20em%20Gurupi.jpeg\"><img decoding=\"async\" src=\"https:\/\/blogger.googleusercontent.com\/img\/b\/R29vZ2xl\/AVvXsEifWVuyQ944BUJNnYLxB1abCkOfae54UL6KCsZt-kmUvQb2G8ahYxzWwRII3W4TFD1YP29Pbf8tAgmo7lP_sS6-_AkpWJzzm-KXuNwp1WYYRCujEJHXvBhyphenhyphenQfQVfHFzk6aJRtzf5LrCvq6kD4OXMqObCpKdJtzfZtXZoEEuoiMX7wZCb0utRNHDkS_1GYs8\/w485-h646\/9%20%20Zacarias%20Martins%20no%20Sesc%20em%20Gurupi.jpeg\" alt=\"\" style=\"width:840px;height:auto\"\/><\/a><\/figure>\n\n\n\n<p><\/p>\n\n\n\n<p><\/p>\n\n\n\n<p><\/p>\n\n\n\n<figure class=\"wp-block-image size-full is-resized\"><img loading=\"lazy\" decoding=\"async\" width=\"727\" height=\"184\" src=\"https:\/\/focotocantinense.com.br\/wp-content\/uploads\/2025\/11\/SHOW-DE-HUMOR-DE-VINICIUS-MARTINS.jpeg\" alt=\"\" class=\"wp-image-11297\" style=\"width:840px;height:auto\" srcset=\"https:\/\/focotocantinense.com.br\/wp-content\/uploads\/2025\/11\/SHOW-DE-HUMOR-DE-VINICIUS-MARTINS.jpeg 727w, https:\/\/focotocantinense.com.br\/wp-content\/uploads\/2025\/11\/SHOW-DE-HUMOR-DE-VINICIUS-MARTINS-300x76.jpeg 300w\" sizes=\"auto, (max-width: 727px) 100vw, 727px\" \/><\/figure>\n","protected":false},"excerpt":{"rendered":"<p>Titular da Academia Tocantinense de Letras (ATL) e da Academia Gurupiense de Letras (AGL), o escritor, poeta,&nbsp;&nbsp;jornalista e produtor cultural Zacarias Martins participou de uma movimentada&nbsp;&nbsp;Roda de Conversa&nbsp;&nbsp;Liter\u00e1ria na manh\u00e3&nbsp;&nbsp;de quarta-feira, 05, no&nbsp;&nbsp;Cine Teatro do Sesc, em Gurupi, e que teve como p\u00fablico-alvo, os participantes do Grupo Vida Ativa, iniciativa do Sesc que colabora no &hellip;<\/p>\n","protected":false},"author":5,"featured_media":11301,"comment_status":"open","ping_status":"open","sticky":false,"template":"","format":"standard","meta":{"footnotes":""},"categories":[38],"tags":[],"class_list":["post-11300","post","type-post","status-publish","format-standard","has-post-thumbnail","","category-gurupi"],"_links":{"self":[{"href":"https:\/\/focotocantinense.com.br\/index.php?rest_route=\/wp\/v2\/posts\/11300","targetHints":{"allow":["GET"]}}],"collection":[{"href":"https:\/\/focotocantinense.com.br\/index.php?rest_route=\/wp\/v2\/posts"}],"about":[{"href":"https:\/\/focotocantinense.com.br\/index.php?rest_route=\/wp\/v2\/types\/post"}],"author":[{"embeddable":true,"href":"https:\/\/focotocantinense.com.br\/index.php?rest_route=\/wp\/v2\/users\/5"}],"replies":[{"embeddable":true,"href":"https:\/\/focotocantinense.com.br\/index.php?rest_route=%2Fwp%2Fv2%2Fcomments&post=11300"}],"version-history":[{"count":4,"href":"https:\/\/focotocantinense.com.br\/index.php?rest_route=\/wp\/v2\/posts\/11300\/revisions"}],"predecessor-version":[{"id":11307,"href":"https:\/\/focotocantinense.com.br\/index.php?rest_route=\/wp\/v2\/posts\/11300\/revisions\/11307"}],"wp:featuredmedia":[{"embeddable":true,"href":"https:\/\/focotocantinense.com.br\/index.php?rest_route=\/wp\/v2\/media\/11301"}],"wp:attachment":[{"href":"https:\/\/focotocantinense.com.br\/index.php?rest_route=%2Fwp%2Fv2%2Fmedia&parent=11300"}],"wp:term":[{"taxonomy":"category","embeddable":true,"href":"https:\/\/focotocantinense.com.br\/index.php?rest_route=%2Fwp%2Fv2%2Fcategories&post=11300"},{"taxonomy":"post_tag","embeddable":true,"href":"https:\/\/focotocantinense.com.br\/index.php?rest_route=%2Fwp%2Fv2%2Ftags&post=11300"}],"curies":[{"name":"wp","href":"https:\/\/api.w.org\/{rel}","templated":true}]}}