{"id":11294,"date":"2025-11-06T11:57:12","date_gmt":"2025-11-06T14:57:12","guid":{"rendered":"https:\/\/focotocantinense.com.br\/?p=11294"},"modified":"2025-11-06T11:58:09","modified_gmt":"2025-11-06T14:58:09","slug":"gurupi-se-destaca-no-ranking-de-competitividade-dos-municipios-2025-com-um-dos-melhores-indicadores-de-qualidade-e-acesso-a-saude-da-regiao-norte","status":"publish","type":"post","link":"https:\/\/focotocantinense.com.br\/?p=11294","title":{"rendered":"Gurupi se destaca no Ranking de Competitividade dos Munic\u00edpios 2025 com um dos melhores indicadores de Qualidade e Acesso a Sa\u00fade da Regi\u00e3o Norte"},"content":{"rendered":"\n<figure class=\"wp-block-image size-full is-resized\"><img loading=\"lazy\" decoding=\"async\" width=\"760\" height=\"565\" src=\"https:\/\/focotocantinense.com.br\/wp-content\/uploads\/2025\/11\/aaaaaaaaaaaaaa.jpg\" alt=\"\" class=\"wp-image-11295\" style=\"width:385px;height:auto\" srcset=\"https:\/\/focotocantinense.com.br\/wp-content\/uploads\/2025\/11\/aaaaaaaaaaaaaa.jpg 760w, https:\/\/focotocantinense.com.br\/wp-content\/uploads\/2025\/11\/aaaaaaaaaaaaaa-300x223.jpg 300w\" sizes=\"auto, (max-width: 760px) 100vw, 760px\" \/><\/figure>\n\n\n\n<p><\/p>\n\n\n\n<p>O munic\u00edpio de Gurupi se destacou no cen\u00e1rio nacional de gest\u00e3o p\u00fablica ao figurar na 4\u00aa posi\u00e7\u00e3o da Regi\u00e3o Norte nos pilares de Qualidade da Sa\u00fade e Acesso \u00e0 Sa\u00fade no Ranking de Competitividade dos Munic\u00edpios 2025. No Tocantins, o munic\u00edpio ocupa o primeiro lugar no ranking. A avalia\u00e7\u00e3o \u00e9 realizada pelo Centro de Lideran\u00e7a P\u00fablica (CLP) e analisa a capacidade dos entes federativos em gerar bem-estar \u00e0 popula\u00e7\u00e3o.<\/p>\n\n\n\n<p>O levantamento, realizado pelo Centro de Lideran\u00e7a P\u00fablica (CLP), mostra que, no cen\u00e1rio nacional, Gurupi ocupa a 126\u00aa posi\u00e7\u00e3o geral, representando um salto de 155 posi\u00e7\u00f5es em rela\u00e7\u00e3o a 2023, quando o munic\u00edpio ocupava o 281\u00ba lugar no ranking.<\/p>\n\n\n\n<p>O Ranking do CLP analisou 418 munic\u00edpios brasileiros com popula\u00e7\u00e3o acima de 80 mil habitantes, utilizando dados oficiais. Nos dois pilares avaliados, &nbsp;Qualidade da Sa\u00fade e Acesso \u00e0 Sa\u00fade, Gurupi se destacou entre os melhores munic\u00edpios da Regi\u00e3o Norte, ocupando o 4\u00ba lugar. Os resultados refletem o compromisso da gest\u00e3o municipal em oferecer uma sa\u00fade p\u00fablica eficiente, humanizada e resolutiva, com foco tanto na amplia\u00e7\u00e3o da oferta quanto na qualidade do atendimento prestado \u00e0 popula\u00e7\u00e3o.<\/p>\n\n\n\n<p><strong>Reconhecimento e Compromisso da Gest\u00e3o Municipal<\/strong><\/p>\n\n\n\n<p>A Prefeita Josi Nunes celebrou a conquista, lembrando que a gest\u00e3o tem buscado investir em melhorias na sa\u00fade, como reformas e amplia\u00e7\u00e3o das Unidades de Sa\u00fade e valoriza\u00e7\u00e3o dos servidores. \u201cEsse reconhecimento \u00e9 motivo de muito orgulho para todos n\u00f3s. Gurupi vem mostrando que gest\u00e3o p\u00fablica se faz com planejamento, compromisso e cuidado com as pessoas. Estamos investindo na estrutura da sa\u00fade, e tamb\u00e9m na valoriza\u00e7\u00e3o de quem est\u00e1 na ponta e faz tudo funcionar, que s\u00e3o os nossos servidores\u201d, destacou a prefeita Josi Nunes.<\/p>\n\n\n\n<p>A secret\u00e1ria de Sa\u00fade, Luana Nunes, tamb\u00e9m comemorou o resultado e ressaltou que o bom desempenho \u00e9 fruto de um trabalho coletivo, pautado na confian\u00e7a e na valoriza\u00e7\u00e3o dos servidores. \u201cEsse destaque mostra que estamos no caminho certo. A gest\u00e3o Josi Nunes tem investido n\u00e3o apenas em estrutura, mas tamb\u00e9m em capacita\u00e7\u00e3o e bem-estar dos profissionais. Temos servidores contemplados com bolsas de mestrado por meio do conv\u00eanio com a UnirG, estamos implementando um projeto de premia\u00e7\u00e3o por produtividade e seguimos com o Projeto Cuidar, que oferece acompanhamento psiqui\u00e1trico e a\u00e7\u00f5es voltadas \u00e0 sa\u00fade mental de nossos colaboradores\u201d, explicou a secret\u00e1ria.<\/p>\n\n\n\n<p>A valoriza\u00e7\u00e3o dos servidores da sa\u00fade de Gurupi tem sido realizada por meio de reajustes salariais (como o da data-base de 2025)&nbsp;<a href=\"https:\/\/gurupi.to.gov.br\/2024\/03\/prefeitura-de-gurupi-anuncia-beneficios-aos-servidores-da-saude\/\" target=\"_blank\" rel=\"noreferrer noopener\">reajustes em plant\u00f5es extras<\/a>,&nbsp;<a href=\"https:\/\/gurupi.to.gov.br\/2024\/04\/em-gurupi-agentescomunitarios-de-saude-sao-efetivados-e-prefeitura-anuncia-pagamento-do-piso-salarial-nacional\/\" target=\"_blank\" rel=\"noreferrer noopener\">efetiva\u00e7\u00e3o de categorias como Agentes Comunit\u00e1rios de Sa\u00fade e de Combate as Endemias<\/a>. Al\u00e9m disso, a Secretaria de Sa\u00fade implementou esse ano o &#8221;&nbsp;<a href=\"https:\/\/gurupi.to.gov.br\/2025\/01\/prefeitura-de-gurupi-da-inicio-as-atividades-do-projeto-cuidar-fortalecimento-da-saude-mental-dos-servidores-da-secretaria-desaude\/\" target=\"_blank\" rel=\"noreferrer noopener\">Projeto Cuidar<\/a>&#8220;, focado na sa\u00fade mental e bem-estar dos servidores.<\/p>\n\n\n\n<p>Al\u00e9m dos destaques na sa\u00fade, o Munic\u00edpio de Gurupi tamb\u00e9m obteve classifica\u00e7\u00e3o de relev\u00e2ncia no indicador de capital humano, alcan\u00e7ando a 17\u00aa posi\u00e7\u00e3o entre os munic\u00edpios da Regi\u00e3o Norte no pilar de Servidores P\u00fablicos Mais Qualificados.<\/p>\n\n\n\n<p>Confira os dados em&nbsp;<a href=\"https:\/\/rankingdecompetitividade.org.br\/municipios\/\" target=\"_blank\" rel=\"noreferrer noopener\">https:\/\/rankingdecompetitividade.org.br\/municipios\/<\/a><\/p>\n\n\n\n<p><\/p>\n\n\n\n<figure class=\"wp-block-image size-full is-resized is-style-default\"><img loading=\"lazy\" decoding=\"async\" width=\"727\" height=\"184\" src=\"https:\/\/focotocantinense.com.br\/wp-content\/uploads\/2025\/11\/SHOW-DE-HUMOR-DE-VINICIUS-MARTINS.jpeg\" alt=\"\" class=\"wp-image-11297\" style=\"width:840px;height:auto\" srcset=\"https:\/\/focotocantinense.com.br\/wp-content\/uploads\/2025\/11\/SHOW-DE-HUMOR-DE-VINICIUS-MARTINS.jpeg 727w, https:\/\/focotocantinense.com.br\/wp-content\/uploads\/2025\/11\/SHOW-DE-HUMOR-DE-VINICIUS-MARTINS-300x76.jpeg 300w\" sizes=\"auto, (max-width: 727px) 100vw, 727px\" \/><\/figure>\n","protected":false},"excerpt":{"rendered":"<p>O munic\u00edpio de Gurupi se destacou no cen\u00e1rio nacional de gest\u00e3o p\u00fablica ao figurar na 4\u00aa posi\u00e7\u00e3o da Regi\u00e3o Norte nos pilares de Qualidade da Sa\u00fade e Acesso \u00e0 Sa\u00fade no Ranking de Competitividade dos Munic\u00edpios 2025. No Tocantins, o munic\u00edpio ocupa o primeiro lugar no ranking. A avalia\u00e7\u00e3o \u00e9 realizada pelo Centro de Lideran\u00e7a &hellip;<\/p>\n","protected":false},"author":5,"featured_media":11295,"comment_status":"open","ping_status":"open","sticky":false,"template":"","format":"standard","meta":{"footnotes":""},"categories":[38],"tags":[],"class_list":["post-11294","post","type-post","status-publish","format-standard","has-post-thumbnail","","category-gurupi"],"_links":{"self":[{"href":"https:\/\/focotocantinense.com.br\/index.php?rest_route=\/wp\/v2\/posts\/11294","targetHints":{"allow":["GET"]}}],"collection":[{"href":"https:\/\/focotocantinense.com.br\/index.php?rest_route=\/wp\/v2\/posts"}],"about":[{"href":"https:\/\/focotocantinense.com.br\/index.php?rest_route=\/wp\/v2\/types\/post"}],"author":[{"embeddable":true,"href":"https:\/\/focotocantinense.com.br\/index.php?rest_route=\/wp\/v2\/users\/5"}],"replies":[{"embeddable":true,"href":"https:\/\/focotocantinense.com.br\/index.php?rest_route=%2Fwp%2Fv2%2Fcomments&post=11294"}],"version-history":[{"count":3,"href":"https:\/\/focotocantinense.com.br\/index.php?rest_route=\/wp\/v2\/posts\/11294\/revisions"}],"predecessor-version":[{"id":11299,"href":"https:\/\/focotocantinense.com.br\/index.php?rest_route=\/wp\/v2\/posts\/11294\/revisions\/11299"}],"wp:featuredmedia":[{"embeddable":true,"href":"https:\/\/focotocantinense.com.br\/index.php?rest_route=\/wp\/v2\/media\/11295"}],"wp:attachment":[{"href":"https:\/\/focotocantinense.com.br\/index.php?rest_route=%2Fwp%2Fv2%2Fmedia&parent=11294"}],"wp:term":[{"taxonomy":"category","embeddable":true,"href":"https:\/\/focotocantinense.com.br\/index.php?rest_route=%2Fwp%2Fv2%2Fcategories&post=11294"},{"taxonomy":"post_tag","embeddable":true,"href":"https:\/\/focotocantinense.com.br\/index.php?rest_route=%2Fwp%2Fv2%2Ftags&post=11294"}],"curies":[{"name":"wp","href":"https:\/\/api.w.org\/{rel}","templated":true}]}}