{"id":11289,"date":"2025-11-05T21:53:23","date_gmt":"2025-11-06T00:53:23","guid":{"rendered":"https:\/\/focotocantinense.com.br\/?p=11289"},"modified":"2025-11-05T21:53:43","modified_gmt":"2025-11-06T00:53:43","slug":"prefeitura-de-gurupi-inicia-atendimentos-do-refis-2025-no-centro-cultural-mauro-cunha","status":"publish","type":"post","link":"https:\/\/focotocantinense.com.br\/?p=11289","title":{"rendered":"Prefeitura de Gurupi inicia atendimentos do Refis 2025 no Centro Cultural Mauro Cunha"},"content":{"rendered":"\n<p><br>A Prefeitura de Gurupi deu in\u00edcio na manh\u00e3 desta segunda-feira, 03, ao Refis 2025 \u2013 Mutir\u00e3o de Negocia\u00e7\u00f5es, no Centro Cultural Mauro Cunha. A a\u00e7\u00e3o segue at\u00e9 o domingo, 09, com atendimentos di\u00e1rios, das 08h \u00e0s 18h, oferecendo aos contribuintes condi\u00e7\u00f5es especiais para regularizar d\u00e9bitos com o munic\u00edpio.<\/p>\n\n\n\n<p>O evento \u00e9 uma parceria entre a Secretaria Municipal de Planejamento e Finan\u00e7as e o Tribunal de Justi\u00e7a do Tocantins (TJTO), por meio do Programa Nacional de Governan\u00e7a das Execu\u00e7\u00f5es Fiscais do Conselho Nacional de Justi\u00e7a (CNJ). Toda a estrutura de guich\u00eas de atendimento administrativo e judicial foi montada no local, reunindo em um s\u00f3 espa\u00e7o os servi\u00e7os da Prefeitura, Tribunal de Justi\u00e7a, Defensoria P\u00fablica, Procuradoria do Munic\u00edpio e Cart\u00f3rio de Protesto, para que o cidad\u00e3o possa resolver tudo de forma r\u00e1pida e pr\u00e1tica.<\/p>\n\n\n\n<p>O programa oferece descontos de at\u00e9 100% nas multas e juros para pagamentos \u00e0 vista e parcelamento em at\u00e9 96 vezes, conforme as condi\u00e7\u00f5es previstas. Os contribuintes podem quitar d\u00edvidas relacionadas a tributos municipais como IPTU, ISS e taxas diversas, sejam elas judiciais, inscritas ou n\u00e3o em d\u00edvida ativa, ajuizadas, sentenciadas ou em fase de cobran\u00e7a ativa.<\/p>\n\n\n\n<figure class=\"wp-block-image size-large is-resized\"><img loading=\"lazy\" decoding=\"async\" width=\"1024\" height=\"726\" src=\"https:\/\/focotocantinense.com.br\/wp-content\/uploads\/2025\/11\/Inicio-Refis-Gurupi-1-1024x726.jpg\" alt=\"\" class=\"wp-image-11290\" style=\"width:381px;height:auto\" srcset=\"https:\/\/focotocantinense.com.br\/wp-content\/uploads\/2025\/11\/Inicio-Refis-Gurupi-1-1024x726.jpg 1024w, https:\/\/focotocantinense.com.br\/wp-content\/uploads\/2025\/11\/Inicio-Refis-Gurupi-1-300x213.jpg 300w, https:\/\/focotocantinense.com.br\/wp-content\/uploads\/2025\/11\/Inicio-Refis-Gurupi-1-768x544.jpg 768w, https:\/\/focotocantinense.com.br\/wp-content\/uploads\/2025\/11\/Inicio-Refis-Gurupi-1.jpg 1443w\" sizes=\"auto, (max-width: 1024px) 100vw, 1024px\" \/><\/figure>\n\n\n\n<p><\/p>\n\n\n\n<p>O secret\u00e1rio municipal de Planejamento e Finan\u00e7as, Lucas Lemes, ressaltou que o Refis 2025 \u00e9 uma excelente oportunidade para quem quer ficar em dia com o munic\u00edpio. \u201c\u00c9 uma oportunidade de ouro para o contribuinte que tem algum d\u00e9bito com a Prefeitura. Estamos aqui no Centro Cultural Mauro Cunha, de hoje at\u00e9 o domingo, dia 09, das 8h \u00e0s 18h, oferecendo condi\u00e7\u00f5es facilitadas, com at\u00e9 100% de desconto em juros e multas e parcelamento em at\u00e9 96 vezes. Agradecemos ao Tribunal de Justi\u00e7a pela parceria, que tem sido fundamental para levar esse benef\u00edcio aos cidad\u00e3os. Tudo est\u00e1 concentrado em um s\u00f3 lugar, facilitando o atendimento e dando celeridade aos processos\u201d, destacou Lucas.<\/p>\n\n\n\n<p><strong>Parceria com o TJTO<\/strong><\/p>\n\n\n\n<p>A coordenadora da Central de Execu\u00e7\u00e3o Fiscal do F\u00f3rum de Gurupi, Marinna Lima, destacou a import\u00e2ncia da parceria entre o Poder Executivo e o Judici\u00e1rio na execu\u00e7\u00e3o do programa. \u201cEsse mutir\u00e3o \u00e9 resultado de um projeto do CNJ, em parceria com o Tribunal de Justi\u00e7a e a Prefeitura. Aqui o contribuinte pode resolver tudo: quest\u00f5es judiciais e administrativas. Temos a Procuradoria, Defensoria e Cart\u00f3rio de Protesto trabalhando juntos, para que o cidad\u00e3o j\u00e1 saia com sua certid\u00e3o negativa em m\u00e3os. \u00c9 uma iniciativa que traz agilidade e efici\u00eancia no atendimento \u00e0 popula\u00e7\u00e3o\u201d, afirmou Marinna.<\/p>\n\n\n\n<p><strong>Vice-prefeito refor\u00e7a compromisso da gest\u00e3o<\/strong><\/p>\n\n\n\n<p>Representando a prefeita Josi Nunes, o vice-prefeito Adailton Fonseca ressaltou que a a\u00e7\u00e3o demonstra o compromisso da gest\u00e3o em facilitar a regulariza\u00e7\u00e3o fiscal dos cidad\u00e3os. \u201cO objetivo da gest\u00e3o Josi Nunes \u00e9 dar condi\u00e7\u00f5es justas e equilibradas para que o contribuinte possa se regularizar. Aqui, tudo \u00e9 resolvido em um s\u00f3 lugar. O cidad\u00e3o chega com o problema e pode sair com tudo resolvido, at\u00e9 com a certid\u00e3o negativa de d\u00e9bito. S\u00e3o 80 pessoas trabalhando todos os dias, sem interrup\u00e7\u00e3o, at\u00e9 domingo, para que o contribuinte possa aproveitar essa oportunidade e ajudar Gurupi a continuar crescendo\u201d, refor\u00e7ou Adailton.<\/p>\n\n\n\n<p><strong>Contribuintes aproveitam a oportunidade e aprovam a iniciativa<\/strong><\/p>\n\n\n\n<p>Logo nas primeiras horas do mutir\u00e3o, o movimento j\u00e1 era intenso no Centro Cultural Mauro Cunha. Muitos contribuintes aproveitaram o primeiro dia para negociar seus d\u00e9bitos e enalteceram a a\u00e7\u00e3o da Prefeitura e do Tribunal de Justi\u00e7a.<\/p>\n\n\n\n<p>A aposentada Maria Vieira Barbosa foi uma das primeiras a ser atendida e elogiou a iniciativa. \u201cAchei \u00f3timo, vim logo no primeiro dia para j\u00e1 resolver tudo rapidinho. Parab\u00e9ns \u00e0 Prefeitura e ao Judici\u00e1rio por trazerem essa oportunidade para n\u00f3s. \u00c9 muito bom poder resolver tudo em um s\u00f3 lugar, com facilidade e atendimento r\u00e1pido\u201d, disse.<\/p>\n\n\n\n<p>A auxiliar de servi\u00e7os gerais Creuzeli Solano tamb\u00e9m aproveitou o Refis para regularizar sua situa\u00e7\u00e3o. \u201cGostei demais dessa forma de atendimento, pois facilita muito. Espero sair com tudo resolvido e sem precisar ir em v\u00e1rios lugares diferentes. Est\u00e1 tudo bem organizado e d\u00e1 pra ver que pensaram mesmo em facilitar a vida da gente\u201d, comentou.<\/p>\n\n\n\n<p>O Refis 2025 segue at\u00e9 o pr\u00f3ximo domingo, 09 de novembro, no Centro Cultural Mauro Cunha, com atendimentos das 08h \u00e0s 18h, sem interrup\u00e7\u00e3o para almo\u00e7o.<\/p>\n\n\n\n<figure class=\"wp-block-image is-resized\"><img decoding=\"async\" src=\"http:\/\/n1to.com.br\/img\/uploads\/SHOW_DE_HUMOR_DE_VINICIUS_MARTINS_125.jpeg\" alt=\"\" style=\"width:840px;height:auto\"\/><\/figure>\n","protected":false},"excerpt":{"rendered":"<p>A Prefeitura de Gurupi deu in\u00edcio na manh\u00e3 desta segunda-feira, 03, ao Refis 2025 \u2013 Mutir\u00e3o de Negocia\u00e7\u00f5es, no Centro Cultural Mauro Cunha. A a\u00e7\u00e3o segue at\u00e9 o domingo, 09, com atendimentos di\u00e1rios, das 08h \u00e0s 18h, oferecendo aos contribuintes condi\u00e7\u00f5es especiais para regularizar d\u00e9bitos com o munic\u00edpio. O evento \u00e9 uma parceria entre a &hellip;<\/p>\n","protected":false},"author":5,"featured_media":11290,"comment_status":"open","ping_status":"open","sticky":false,"template":"","format":"standard","meta":{"footnotes":""},"categories":[38],"tags":[],"class_list":["post-11289","post","type-post","status-publish","format-standard","has-post-thumbnail","","category-gurupi"],"_links":{"self":[{"href":"https:\/\/focotocantinense.com.br\/index.php?rest_route=\/wp\/v2\/posts\/11289","targetHints":{"allow":["GET"]}}],"collection":[{"href":"https:\/\/focotocantinense.com.br\/index.php?rest_route=\/wp\/v2\/posts"}],"about":[{"href":"https:\/\/focotocantinense.com.br\/index.php?rest_route=\/wp\/v2\/types\/post"}],"author":[{"embeddable":true,"href":"https:\/\/focotocantinense.com.br\/index.php?rest_route=\/wp\/v2\/users\/5"}],"replies":[{"embeddable":true,"href":"https:\/\/focotocantinense.com.br\/index.php?rest_route=%2Fwp%2Fv2%2Fcomments&post=11289"}],"version-history":[{"count":2,"href":"https:\/\/focotocantinense.com.br\/index.php?rest_route=\/wp\/v2\/posts\/11289\/revisions"}],"predecessor-version":[{"id":11292,"href":"https:\/\/focotocantinense.com.br\/index.php?rest_route=\/wp\/v2\/posts\/11289\/revisions\/11292"}],"wp:featuredmedia":[{"embeddable":true,"href":"https:\/\/focotocantinense.com.br\/index.php?rest_route=\/wp\/v2\/media\/11290"}],"wp:attachment":[{"href":"https:\/\/focotocantinense.com.br\/index.php?rest_route=%2Fwp%2Fv2%2Fmedia&parent=11289"}],"wp:term":[{"taxonomy":"category","embeddable":true,"href":"https:\/\/focotocantinense.com.br\/index.php?rest_route=%2Fwp%2Fv2%2Fcategories&post=11289"},{"taxonomy":"post_tag","embeddable":true,"href":"https:\/\/focotocantinense.com.br\/index.php?rest_route=%2Fwp%2Fv2%2Ftags&post=11289"}],"curies":[{"name":"wp","href":"https:\/\/api.w.org\/{rel}","templated":true}]}}