{"id":11285,"date":"2025-11-05T06:39:21","date_gmt":"2025-11-05T09:39:21","guid":{"rendered":"https:\/\/focotocantinense.com.br\/?p=11285"},"modified":"2025-11-05T06:39:21","modified_gmt":"2025-11-05T09:39:21","slug":"em-brasilia-governador-laurez-moreira-reune-se-com-bancada-federal-e-apresenta-prioridades-do-tocantins","status":"publish","type":"post","link":"https:\/\/focotocantinense.com.br\/?p=11285","title":{"rendered":"Em Bras\u00edlia, governador Laurez Moreira re\u00fane-se com bancada federal e apresenta prioridades do Tocantins"},"content":{"rendered":"\n<p><em>Reuni\u00e3o teve como pautas o fortalecimento do sistema de sa\u00fade, conclus\u00e3o de hospitais regionais, investimentos em rodovias e melhorias na infraestrutura da educa\u00e7\u00e3o<\/em><\/p>\n\n\n\n<figure class=\"wp-block-image size-large is-resized\"><img loading=\"lazy\" decoding=\"async\" width=\"1024\" height=\"585\" src=\"https:\/\/focotocantinense.com.br\/wp-content\/uploads\/2025\/11\/F2-Articulacao-entre-o-Governo-do-Tocantins-e-a-bancada-federal-Foto-Vinicius-Santa-Rosa-GovTO-1024x585.jpg\" alt=\"\" class=\"wp-image-11286\" style=\"width:363px;height:auto\" srcset=\"https:\/\/focotocantinense.com.br\/wp-content\/uploads\/2025\/11\/F2-Articulacao-entre-o-Governo-do-Tocantins-e-a-bancada-federal-Foto-Vinicius-Santa-Rosa-GovTO-1024x585.jpg 1024w, https:\/\/focotocantinense.com.br\/wp-content\/uploads\/2025\/11\/F2-Articulacao-entre-o-Governo-do-Tocantins-e-a-bancada-federal-Foto-Vinicius-Santa-Rosa-GovTO-300x171.jpg 300w, https:\/\/focotocantinense.com.br\/wp-content\/uploads\/2025\/11\/F2-Articulacao-entre-o-Governo-do-Tocantins-e-a-bancada-federal-Foto-Vinicius-Santa-Rosa-GovTO-768x439.jpg 768w, https:\/\/focotocantinense.com.br\/wp-content\/uploads\/2025\/11\/F2-Articulacao-entre-o-Governo-do-Tocantins-e-a-bancada-federal-Foto-Vinicius-Santa-Rosa-GovTO-1536x878.jpg 1536w, https:\/\/focotocantinense.com.br\/wp-content\/uploads\/2025\/11\/F2-Articulacao-entre-o-Governo-do-Tocantins-e-a-bancada-federal-Foto-Vinicius-Santa-Rosa-GovTO.jpg 2048w\" sizes=\"auto, (max-width: 1024px) 100vw, 1024px\" \/><\/figure>\n\n\n\n<p><strong>Lidieth Sanchez \/Governo do Tocantins<\/strong><\/p>\n\n\n\n<p>O governador Laurez Moreira reuniu-se nesta ter\u00e7a-feira, 4, em Bras\u00edlia\/DF, com a bancada federal do Tocantins para discutir as principais prioridades do estado. As pautas de destaque inclu\u00edram a sa\u00fade p\u00fablica, infraestrutura rodovi\u00e1ria e investimentos em educa\u00e7\u00e3o. As propostas apresentadas foram elaboradas com base em crit\u00e9rios t\u00e9cnicos de impacto social e econ\u00f4mico, priorizando investimentos que garantem retorno direto \u00e0 popula\u00e7\u00e3o e fortalecem o desenvolvimento regional sustent\u00e1vel.<\/p>\n\n\n\n<p>Durante o encontro, o governador ressaltou que a sa\u00fade do Tocantins enfrenta um cen\u00e1rio de grandes desafios, com d\u00edvidas acumuladas e necessidade urgente de novos recursos. O Governo apresentou \u00e0 bancada uma proposta de R$ 300 milh\u00f5es em emendas para o setor, distribu\u00eddos entre o incremento tempor\u00e1rio do teto de M\u00e9dia e Alta Complexidade (MAC), no valor de R$ 200 milh\u00f5es, e a execu\u00e7\u00e3o das etapas subsequentes dos Hospitais Gerais de Aragua\u00edna e Gurupi, com R$ 50 milh\u00f5es destinados a cada unidade.<\/p>\n\n\n\n<p>O governador Laurez Moreira refor\u00e7ou que o governo est\u00e1 empenhado em reorganizar o sistema de sa\u00fade e concluir obras que h\u00e1 anos aguardam solu\u00e7\u00e3o definitiva, garantindo mais qualidade e efici\u00eancia no atendimento aos tocantinenses. \u201cA bancada federal est\u00e1 atuando em alinhamento com o Governo do Estado, apresentando demandas e solicitando apoio para a emenda de bancada destinada a enfrentar os graves problemas do sistema de sa\u00fade. Seguimos firmes, trabalhando juntos pelo Tocantins\u201d, afirmou o governador.&nbsp;<\/p>\n\n\n\n<figure class=\"wp-block-image size-large is-resized\"><img loading=\"lazy\" decoding=\"async\" width=\"1024\" height=\"585\" src=\"https:\/\/focotocantinense.com.br\/wp-content\/uploads\/2025\/11\/F1-Governador-Laurez-Moreira-e-bancada-federal-Foto-Vinicius-Santa-Rosa-GovTO-1024x585.jpg\" alt=\"\" class=\"wp-image-11287\" style=\"width:743px;height:auto\" srcset=\"https:\/\/focotocantinense.com.br\/wp-content\/uploads\/2025\/11\/F1-Governador-Laurez-Moreira-e-bancada-federal-Foto-Vinicius-Santa-Rosa-GovTO-1024x585.jpg 1024w, https:\/\/focotocantinense.com.br\/wp-content\/uploads\/2025\/11\/F1-Governador-Laurez-Moreira-e-bancada-federal-Foto-Vinicius-Santa-Rosa-GovTO-300x171.jpg 300w, https:\/\/focotocantinense.com.br\/wp-content\/uploads\/2025\/11\/F1-Governador-Laurez-Moreira-e-bancada-federal-Foto-Vinicius-Santa-Rosa-GovTO-768x439.jpg 768w, https:\/\/focotocantinense.com.br\/wp-content\/uploads\/2025\/11\/F1-Governador-Laurez-Moreira-e-bancada-federal-Foto-Vinicius-Santa-Rosa-GovTO-1536x878.jpg 1536w, https:\/\/focotocantinense.com.br\/wp-content\/uploads\/2025\/11\/F1-Governador-Laurez-Moreira-e-bancada-federal-Foto-Vinicius-Santa-Rosa-GovTO.jpg 2048w\" sizes=\"auto, (max-width: 1024px) 100vw, 1024px\" \/><\/figure>\n\n\n\n<p>A senadora Professora Dorinha Seabra destacou a import\u00e2ncia da atua\u00e7\u00e3o conjunta entre o Governo do Estado e a bancada federal para fortalecer o Tocantins. \u201cNosso compromisso \u00e9 garantir que os recursos cheguem onde a popula\u00e7\u00e3o mais precisa. A uni\u00e3o de esfor\u00e7os entre o Governo do Estado e a bancada \u00e9 fundamental para que possamos avan\u00e7ar nas \u00e1reas essenciais, especialmente na sa\u00fade, que hoje demanda a\u00e7\u00f5es urgentes e estruturantes\u201d, enfatizou a parlamentar.<\/p>\n\n\n\n<p><strong>Infraestrutura e Educa\u00e7\u00e3o&nbsp;<\/strong><\/p>\n\n\n\n<p>Al\u00e9m da sa\u00fade, o governador apresentou demandas estrat\u00e9gicas nas \u00e1reas de infraestrutura e educa\u00e7\u00e3o. Na pauta rodovi\u00e1ria, foram destacadas a duplica\u00e7\u00e3o da BR-010, entre Porto Nacional e Palmas, em um trecho de 43,5 km, com investimento estimado em R$ 87 milh\u00f5es, e a pavimenta\u00e7\u00e3o da BR-235, entre Pedro Afonso e a divisa com o Maranh\u00e3o, corredor log\u00edstico do Matopiba, fundamental para a integra\u00e7\u00e3o do Tocantins com o Nordeste, com previs\u00e3o de R$ 320 milh\u00f5es em recursos.<\/p>\n\n\n\n<p>Na \u00e1rea da educa\u00e7\u00e3o, a proposta prev\u00ea R$ 200 milh\u00f5es em investimentos voltados \u00e0 amplia\u00e7\u00e3o de unidades escolares, com foco na expans\u00e3o das escolas em tempo integral e profissionalizantes, ampliando o acesso e a qualidade do ensino em todo o estado.<\/p>\n\n\n\n<p>O encontro refor\u00e7ou a import\u00e2ncia da uni\u00e3o entre o Governo do Estado e a bancada federal para viabilizar recursos e acelerar obras estruturantes que impactam diretamente a vida da popula\u00e7\u00e3o tocantinense. Com trabalho integrado, responsabilidade e planejamento, o Tocantins avan\u00e7a na supera\u00e7\u00e3o de desafios hist\u00f3ricos nas \u00e1reas da sa\u00fade, infraestrutura e educa\u00e7\u00e3o, promovendo mais qualidade de vida, oportunidades e melhorias estruturais.<\/p>\n\n\n\n<p>A reuni\u00e3o foi articulada pela senadora Professora Dorinha Seabra e contou com a presen\u00e7a dos senadores Eduardo Gomes e Iraj\u00e1; al\u00e9m dos deputados federais Carlos Gaguim; Ricardo Ayres; Vicentinho J\u00fanior; Thiago Dimas; Toinho Andrade; e Eli Borges. Tamb\u00e9m participaram os secret\u00e1rios de Estado da Sa\u00fade, V\u00e2nio Rodrigues;&nbsp; e do Planejamento e Or\u00e7amento, Ronaldo Dimas; e o subprocurador do Tocantins em Bras\u00edlia e atual respons\u00e1vel interino pela Secretaria Extraordin\u00e1ria de Representa\u00e7\u00e3o em Bras\u00edlia (Serb), Elfas Cavalcante.<\/p>\n","protected":false},"excerpt":{"rendered":"<p>Reuni\u00e3o teve como pautas o fortalecimento do sistema de sa\u00fade, conclus\u00e3o de hospitais regionais, investimentos em rodovias e melhorias na infraestrutura da educa\u00e7\u00e3o Lidieth Sanchez \/Governo do Tocantins O governador Laurez Moreira reuniu-se nesta ter\u00e7a-feira, 4, em Bras\u00edlia\/DF, com a bancada federal do Tocantins para discutir as principais prioridades do estado. As pautas de destaque &hellip;<\/p>\n","protected":false},"author":5,"featured_media":11287,"comment_status":"open","ping_status":"open","sticky":false,"template":"","format":"standard","meta":{"footnotes":""},"categories":[1],"tags":[],"class_list":["post-11285","post","type-post","status-publish","format-standard","has-post-thumbnail","","category-sem-categoria"],"_links":{"self":[{"href":"https:\/\/focotocantinense.com.br\/index.php?rest_route=\/wp\/v2\/posts\/11285","targetHints":{"allow":["GET"]}}],"collection":[{"href":"https:\/\/focotocantinense.com.br\/index.php?rest_route=\/wp\/v2\/posts"}],"about":[{"href":"https:\/\/focotocantinense.com.br\/index.php?rest_route=\/wp\/v2\/types\/post"}],"author":[{"embeddable":true,"href":"https:\/\/focotocantinense.com.br\/index.php?rest_route=\/wp\/v2\/users\/5"}],"replies":[{"embeddable":true,"href":"https:\/\/focotocantinense.com.br\/index.php?rest_route=%2Fwp%2Fv2%2Fcomments&post=11285"}],"version-history":[{"count":1,"href":"https:\/\/focotocantinense.com.br\/index.php?rest_route=\/wp\/v2\/posts\/11285\/revisions"}],"predecessor-version":[{"id":11288,"href":"https:\/\/focotocantinense.com.br\/index.php?rest_route=\/wp\/v2\/posts\/11285\/revisions\/11288"}],"wp:featuredmedia":[{"embeddable":true,"href":"https:\/\/focotocantinense.com.br\/index.php?rest_route=\/wp\/v2\/media\/11287"}],"wp:attachment":[{"href":"https:\/\/focotocantinense.com.br\/index.php?rest_route=%2Fwp%2Fv2%2Fmedia&parent=11285"}],"wp:term":[{"taxonomy":"category","embeddable":true,"href":"https:\/\/focotocantinense.com.br\/index.php?rest_route=%2Fwp%2Fv2%2Fcategories&post=11285"},{"taxonomy":"post_tag","embeddable":true,"href":"https:\/\/focotocantinense.com.br\/index.php?rest_route=%2Fwp%2Fv2%2Ftags&post=11285"}],"curies":[{"name":"wp","href":"https:\/\/api.w.org\/{rel}","templated":true}]}}