{"id":11278,"date":"2025-11-03T11:59:39","date_gmt":"2025-11-03T14:59:39","guid":{"rendered":"https:\/\/focotocantinense.com.br\/?p=11278"},"modified":"2025-11-03T12:01:45","modified_gmt":"2025-11-03T15:01:45","slug":"novo-livro-do-tocantinense-vinicius-martins-e-lancado-em-escola-municipal-de-gurupi","status":"publish","type":"post","link":"https:\/\/focotocantinense.com.br\/?p=11278","title":{"rendered":"Novo livro do tocantinense Vin\u00edcius Martins \u00e9 lan\u00e7ado em escola municipal de Gurupi"},"content":{"rendered":"\n<p>mmmm<\/p>\n\n\n\n<figure class=\"wp-block-image size-full is-resized\"><img loading=\"lazy\" decoding=\"async\" width=\"480\" height=\"521\" src=\"https:\/\/focotocantinense.com.br\/wp-content\/uploads\/2025\/11\/IMG-20251103-WA0241.jpg\" alt=\"\" class=\"wp-image-11280\" style=\"width:395px;height:auto\" srcset=\"https:\/\/focotocantinense.com.br\/wp-content\/uploads\/2025\/11\/IMG-20251103-WA0241.jpg 480w, https:\/\/focotocantinense.com.br\/wp-content\/uploads\/2025\/11\/IMG-20251103-WA0241-276x300.jpg 276w\" sizes=\"auto, (max-width: 480px) 100vw, 480px\" \/><\/figure>\n\n\n\n<p><\/p>\n\n\n\n<p>Na manh\u00e3 desta segunda-feira, dia 3,&nbsp; o poeta e produtor cultural Vin\u00edcius Martins promoveu o lan\u00e7amento&nbsp; do seu segundo livro de poesias, intitulado de \u201cEmo\u00e7\u00f5es em Versos\u201d, na&nbsp; Escola Municipal Ilsa Borges Vieira, com direito a uma&nbsp; animada roda de conversa liter\u00e1ria.&nbsp; A obra vem \u00e0 lume pelo selo da Editora Veloso. Na oportunidade, o escritor sorteou exemplares de seu livro entre os alunos e fez doa\u00e7\u00e3o para refor\u00e7ar o acervo da Biblioteca Escolar.<\/p>\n\n\n\n<p><strong>Apoio<\/strong><\/p>\n\n\n\n<p>A iniciativa faz parte de um projeto apoiado pela PNAB &#8211; Pol\u00edtica Nacional Aldir Blanc\/2024, com recursos do Minist\u00e9rio da Cultura (MinC) e operacionalizados pela Secretaria de Cultura do Tocantins (Secult),<\/p>\n\n\n\n<figure class=\"wp-block-image\"><a href=\"https:\/\/blogger.googleusercontent.com\/img\/b\/R29vZ2xl\/AVvXsEjgYka7Xvjwn7-2nzFSBx_YLh7lSElF1j2WPcQDmgiyKiwHRMIDjoOfhVuuDCCqcSjmDmNjjDfr67kRe-5kXGCG5iAvD7n1BscMc7j76Gpz8sonsatW4e0TCIqHJt-5E_Y8ucjv-4owL0DKv6KaaSMrQQPW4g12wmhBZvWsgXTaM_hhkY0dtHKMTha1QOsn\/s1280\/5%20-%20%20Vinbicius%20Martins%20%20lan%C3%A7a%20%20novo%20livro%20em%20Gurupi%20-%20Foto%20Zacarias%20Martins.jpeg\"><img decoding=\"async\" src=\"https:\/\/blogger.googleusercontent.com\/img\/b\/R29vZ2xl\/AVvXsEjgYka7Xvjwn7-2nzFSBx_YLh7lSElF1j2WPcQDmgiyKiwHRMIDjoOfhVuuDCCqcSjmDmNjjDfr67kRe-5kXGCG5iAvD7n1BscMc7j76Gpz8sonsatW4e0TCIqHJt-5E_Y8ucjv-4owL0DKv6KaaSMrQQPW4g12wmhBZvWsgXTaM_hhkY0dtHKMTha1QOsn\/w516-h290\/5%20-%20%20Vinbicius%20Martins%20%20lan%C3%A7a%20%20novo%20livro%20em%20Gurupi%20-%20Foto%20Zacarias%20Martins.jpeg\" alt=\"\"\/><\/a><\/figure>\n\n\n\n<p><\/p>\n\n\n\n<p><strong>Linguajar vibr\u00e1til<\/strong><\/p>\n\n\n\n<p>Prefaciado pelo escritor e te\u00f3logo Jo\u00e3o Gomes da Silva, titular da Academia Gurupiense de Letras (AGL),&nbsp; essa obra de Vin\u00edcius Martins se destaca&nbsp; por reunir uma sele\u00e7\u00e3o especial de versos di\u00e1fanos e cristalinos onde, segundo o prefaciador, o autor&nbsp; vai destrinchando uma s\u00e9rie de emo\u00e7\u00f5es num&nbsp; linguajar vibr\u00e1til e multiforme, sem pseudos intelectualismos.<\/p>\n\n\n\n<figure class=\"wp-block-image\"><a href=\"https:\/\/blogger.googleusercontent.com\/img\/b\/R29vZ2xl\/AVvXsEhaVeCzITl6ueyEcf-_asoI6dX2PBwsIiX9cj4nNKzAxKN8XXgNb1aa_owvDgefO8OvuEFmHHTy4sujeT1nBVEN9j5wIm5xo7R1bM7-byyDMcklZ_LJa24e2v0mK20qg9T9LPIIsghZB05Yz56qG1mNzsxl3mPGpzyVbh-7aGEvkCeaKWrVxQTK6sJO9-SC\/s1280\/5%20%20Vinbicius%20Martins%20%20lan%C3%A7a%20%20novo%20livro%20em%20Gurupi%20-%20Foto%20Zacarias%20Martins.jpg\"><img decoding=\"async\" src=\"https:\/\/blogger.googleusercontent.com\/img\/b\/R29vZ2xl\/AVvXsEhaVeCzITl6ueyEcf-_asoI6dX2PBwsIiX9cj4nNKzAxKN8XXgNb1aa_owvDgefO8OvuEFmHHTy4sujeT1nBVEN9j5wIm5xo7R1bM7-byyDMcklZ_LJa24e2v0mK20qg9T9LPIIsghZB05Yz56qG1mNzsxl3mPGpzyVbh-7aGEvkCeaKWrVxQTK6sJO9-SC\/w494-h278\/5%20%20Vinbicius%20Martins%20%20lan%C3%A7a%20%20novo%20livro%20em%20Gurupi%20-%20Foto%20Zacarias%20Martins.jpg\" alt=\"\"\/><\/a><\/figure>\n\n\n\n<p><\/p>\n\n\n\n<p><strong>Exteriorizando sentimentos<\/strong><\/p>\n\n\n\n<p>\u201cO poeta est\u00e1 firmemente comprometido em exteriorizar sentimentos em forma de poesia, bem como, em levar&nbsp; a sua mensagem a quem dela tenha interesse em conhecer e, assim, se deleitar com suas belas mensagens po\u00e9ticas\u201d, garante Jo\u00e3o Gomes.<\/p>\n\n\n\n<figure class=\"wp-block-image\"><a href=\"https:\/\/blogger.googleusercontent.com\/img\/b\/R29vZ2xl\/AVvXsEif65KTeLxST6x4heBbycofDxuN06ZxCZiyhVvaNFhrPfYQ-PmEyYQj1jaJw3o_roFfn-VDd8nCASLVfkL9kocqc-FkAGeSXWjyD3GUJRUk1cPa4IinhKAGEAOx38dm4eqRcS9FvFj69owhDqxzt7q3K29P1D3v31qlWYaMMrLM_Xhy-lbqPOIBl7TPnCGj\/s1280\/6%20-%20%20Vinbicius%20Martins%20%20lan%C3%A7a%20%20novo%20livro%20em%20Gurupi%20-%20Foto%20Zacarias%20Martins.jpeg\"><img decoding=\"async\" src=\"https:\/\/blogger.googleusercontent.com\/img\/b\/R29vZ2xl\/AVvXsEif65KTeLxST6x4heBbycofDxuN06ZxCZiyhVvaNFhrPfYQ-PmEyYQj1jaJw3o_roFfn-VDd8nCASLVfkL9kocqc-FkAGeSXWjyD3GUJRUk1cPa4IinhKAGEAOx38dm4eqRcS9FvFj69owhDqxzt7q3K29P1D3v31qlWYaMMrLM_Xhy-lbqPOIBl7TPnCGj\/w501-h282\/6%20-%20%20Vinbicius%20Martins%20%20lan%C3%A7a%20%20novo%20livro%20em%20Gurupi%20-%20Foto%20Zacarias%20Martins.jpeg\" alt=\"\"\/><\/a><\/figure>\n\n\n\n<p><\/p>\n\n\n\n<p><strong>Ferramenta de transforma\u00e7\u00e3o<\/strong><\/p>\n\n\n\n<p>\u201cEstimular o gosto pela leitura \u00e9 essencial para a constru\u00e7\u00e3o de um pensamento cr\u00edtico e reflexivo. Nosso objetivo com essa a\u00e7\u00e3o&nbsp; \u00e9 incentivar os jovens a enxergarem os livros como fonte de conhecimento e questionamento, tornando-os leitores mais atentos e conscientes\u201d, assevera o autor.<\/p>\n\n\n\n<figure class=\"wp-block-image\"><a href=\"https:\/\/blogger.googleusercontent.com\/img\/b\/R29vZ2xl\/AVvXsEgB75sT9RfJUHX3gpIsm6_hpfZdWY1n6pGcslXqL82la0TifDWZheKkv_YqqBwkYon1ESNe6pT5aPKQLGEM32gOP1RleQy9rmJ4LSyZ0pjCZDqgYXqjl73Vc1ZBsXfRj3ydtc8MAUgEcCNbN_5Ab0OBAmIL0fNzQlpCSlInmrxRVl27FS1ShH1adzte6M6-\/s1280\/4%20-%20O%20poeta%20sorteou%20sua%20obra%20entre%20os%20alunos%20-%20Foto%20Zacarias%20Martins.jpeg\"><img decoding=\"async\" src=\"https:\/\/blogger.googleusercontent.com\/img\/b\/R29vZ2xl\/AVvXsEgB75sT9RfJUHX3gpIsm6_hpfZdWY1n6pGcslXqL82la0TifDWZheKkv_YqqBwkYon1ESNe6pT5aPKQLGEM32gOP1RleQy9rmJ4LSyZ0pjCZDqgYXqjl73Vc1ZBsXfRj3ydtc8MAUgEcCNbN_5Ab0OBAmIL0fNzQlpCSlInmrxRVl27FS1ShH1adzte6M6-\/w485-h273\/4%20-%20O%20poeta%20sorteou%20sua%20obra%20entre%20os%20alunos%20-%20Foto%20Zacarias%20Martins.jpeg\" alt=\"\"\/><\/a><\/figure>\n\n\n\n<p><\/p>\n\n\n\n<p><strong>Credenciais do autor<\/strong><\/p>\n\n\n\n<p>Al\u00e9m de poeta e ativista cultural, Vin\u00edcius Martins \u00e9&nbsp; ator profissional, bem como Gestor P\u00fablico e Empreendedor Digital. Tamb\u00e9m atua ativamente na \u00e1rea da comunica\u00e7\u00e3o. No campo liter\u00e1rio,&nbsp; \u00e9 autor do livro \u201cPeda\u00e7os de Esperan\u00e7a\u201d (2004), publicado&nbsp; pela Editora Veloso, que est\u00e1 na sua segunda&nbsp; edi\u00e7\u00e3o. Participou do \u201cAnu\u00e1rio de Poetas e Escritores do Tocantins\u201d nos anos de&nbsp; 2017 e 2018. Recebeu Men\u00e7\u00e3o Honrosa no Concurso Liter\u00e1rio do 9\u00ba Pr\u00eamio das Miss\u00f5es, com o poema \u201cAinda\u201d, realizado no Rio Grande do Sul, em 2006. Foi vencedor&nbsp; do 1\u00ba Concurso UnirG de Poesia Falada (2019), na categoria int\u00e9rprete, e segundo colocado na categoria de texto. Na \u00e1rea das artes c\u00eanicas, j\u00e1 participou e dirigiu v\u00e1rios espet\u00e1culos teatrais e shows de humor.<\/p>\n\n\n\n<figure class=\"wp-block-image size-large\"><img loading=\"lazy\" decoding=\"async\" width=\"1024\" height=\"576\" src=\"https:\/\/focotocantinense.com.br\/wp-content\/uploads\/2025\/11\/JORNAL-DAQUI-1024x576.jpg\" alt=\"\" class=\"wp-image-11283\" srcset=\"https:\/\/focotocantinense.com.br\/wp-content\/uploads\/2025\/11\/JORNAL-DAQUI-1024x576.jpg 1024w, https:\/\/focotocantinense.com.br\/wp-content\/uploads\/2025\/11\/JORNAL-DAQUI-300x169.jpg 300w, https:\/\/focotocantinense.com.br\/wp-content\/uploads\/2025\/11\/JORNAL-DAQUI-768x432.jpg 768w, https:\/\/focotocantinense.com.br\/wp-content\/uploads\/2025\/11\/JORNAL-DAQUI.jpg 1280w\" sizes=\"auto, (max-width: 1024px) 100vw, 1024px\" \/><\/figure>\n","protected":false},"excerpt":{"rendered":"<p>mmmm Na manh\u00e3 desta segunda-feira, dia 3,&nbsp; o poeta e produtor cultural Vin\u00edcius Martins promoveu o lan\u00e7amento&nbsp; do seu segundo livro de poesias, intitulado de \u201cEmo\u00e7\u00f5es em Versos\u201d, na&nbsp; Escola Municipal Ilsa Borges Vieira, com direito a uma&nbsp; animada roda de conversa liter\u00e1ria.&nbsp; A obra vem \u00e0 lume pelo selo da Editora Veloso. Na oportunidade, &hellip;<\/p>\n","protected":false},"author":5,"featured_media":11279,"comment_status":"open","ping_status":"open","sticky":false,"template":"","format":"standard","meta":{"footnotes":""},"categories":[38],"tags":[],"class_list":["post-11278","post","type-post","status-publish","format-standard","has-post-thumbnail","","category-gurupi"],"_links":{"self":[{"href":"https:\/\/focotocantinense.com.br\/index.php?rest_route=\/wp\/v2\/posts\/11278","targetHints":{"allow":["GET"]}}],"collection":[{"href":"https:\/\/focotocantinense.com.br\/index.php?rest_route=\/wp\/v2\/posts"}],"about":[{"href":"https:\/\/focotocantinense.com.br\/index.php?rest_route=\/wp\/v2\/types\/post"}],"author":[{"embeddable":true,"href":"https:\/\/focotocantinense.com.br\/index.php?rest_route=\/wp\/v2\/users\/5"}],"replies":[{"embeddable":true,"href":"https:\/\/focotocantinense.com.br\/index.php?rest_route=%2Fwp%2Fv2%2Fcomments&post=11278"}],"version-history":[{"count":3,"href":"https:\/\/focotocantinense.com.br\/index.php?rest_route=\/wp\/v2\/posts\/11278\/revisions"}],"predecessor-version":[{"id":11284,"href":"https:\/\/focotocantinense.com.br\/index.php?rest_route=\/wp\/v2\/posts\/11278\/revisions\/11284"}],"wp:featuredmedia":[{"embeddable":true,"href":"https:\/\/focotocantinense.com.br\/index.php?rest_route=\/wp\/v2\/media\/11279"}],"wp:attachment":[{"href":"https:\/\/focotocantinense.com.br\/index.php?rest_route=%2Fwp%2Fv2%2Fmedia&parent=11278"}],"wp:term":[{"taxonomy":"category","embeddable":true,"href":"https:\/\/focotocantinense.com.br\/index.php?rest_route=%2Fwp%2Fv2%2Fcategories&post=11278"},{"taxonomy":"post_tag","embeddable":true,"href":"https:\/\/focotocantinense.com.br\/index.php?rest_route=%2Fwp%2Fv2%2Ftags&post=11278"}],"curies":[{"name":"wp","href":"https:\/\/api.w.org\/{rel}","templated":true}]}}