{"id":11268,"date":"2025-10-31T06:30:17","date_gmt":"2025-10-31T09:30:17","guid":{"rendered":"https:\/\/focotocantinense.com.br\/?p=11268"},"modified":"2025-10-31T06:47:43","modified_gmt":"2025-10-31T09:47:43","slug":"participante-do-projeto-poetas-do-xodo-em-tocantinia-vence-premio-internacional","status":"publish","type":"post","link":"https:\/\/focotocantinense.com.br\/?p=11268","title":{"rendered":"Participante do Projeto Poetas do Xod\u00f3, em Tocant\u00ednia, vence Pr\u00eamio Internacional"},"content":{"rendered":"\n<p>A jovem Dorisneide Duity de Sousa Xerente, de apenas 15 anos, aluna do Centro Educacional F\u00e9 e Alegria Frei Ant\u00f4nio, localizado na cidade de Tocant\u00ednia, conquistou o primeiro lugar no Pr\u00eamio Internacional do Movimento de Educa\u00e7\u00e3o Popular Integral e Promo\u00e7\u00e3o Social F\u00e9 e Alegria. O concurso reuniu estudantes de 20 pa\u00edses onde o movimento atua, premiando produ\u00e7\u00f5es liter\u00e1rias que expressam a cultura, os sonhos e as realidades das juventudes atendidas pela rede.<\/p>\n\n\n\n<figure class=\"wp-block-image\"><a href=\"https:\/\/blogger.googleusercontent.com\/img\/b\/R29vZ2xl\/AVvXsEiylAmqsj3Bd67m7X08JFsSy9R8RU9CpRl8WKVW_o14cpTtKV7lyk22h8dNuQnmBMj03vDDMGj-wLDKYcIuiB7qsLAE3fPab2MWma4LdtevFESiqJYs2tI2lxPstGC-4dJtvpV5fEkFJiwMBNI5GxPxiSvjpryhh1qBioZUkym7iYhBpZ-bdf7U95RvcQnT\/s1600\/3%20Educanda%20do%20Projeto%20Poetas%20do%20Xod%C3%B3,%20em%20Tocant%C3%ADnia,%20vence%20Pr%C3%AAmio%20Internacional.jpeg\"><img decoding=\"async\" src=\"https:\/\/blogger.googleusercontent.com\/img\/b\/R29vZ2xl\/AVvXsEiylAmqsj3Bd67m7X08JFsSy9R8RU9CpRl8WKVW_o14cpTtKV7lyk22h8dNuQnmBMj03vDDMGj-wLDKYcIuiB7qsLAE3fPab2MWma4LdtevFESiqJYs2tI2lxPstGC-4dJtvpV5fEkFJiwMBNI5GxPxiSvjpryhh1qBioZUkym7iYhBpZ-bdf7U95RvcQnT\/w388-h689\/3%20Educanda%20do%20Projeto%20Poetas%20do%20Xod%C3%B3,%20em%20Tocant%C3%ADnia,%20vence%20Pr%C3%AAmio%20Internacional.jpeg\" alt=\"\"\/><\/a><\/figure>\n\n\n\n<p><\/p>\n\n\n\n<p>Representando o Brasil, Dorisneide venceu na categoria \u201cContos\u201d, com um texto que retrata a realidade de muitas estudantes ind\u00edgenas que deixam suas aldeias para estudar na cidade, enfrentando desafios culturais, emocionais e sociais, mas tamb\u00e9m descobrindo novas possibilidades de futuro.<\/p>\n\n\n\n<p>A estudante, que cursa o 8\u00ba ano do Ensino Fundamental, mora na Aldeia Salto, do povo Xerente, e participa do Projeto Poetas do Xod\u00f3, uma iniciativa idealizada pelo professor e poeta Andr\u00e9 Goveia,&nbsp; e&nbsp; busca formar novos leitores e escritores por meio da poesia, da literatura e da valoriza\u00e7\u00e3o da identidade cultural.<\/p>\n\n\n\n<p>\u201cEu nunca imaginei que poderia ganhar um pr\u00eamio internacional. Muitos alunos ind\u00edgenas n\u00e3o acreditam que podem escrever contos, poesias ou outros g\u00eaneros liter\u00e1rios. Eu tamb\u00e9m n\u00e3o acreditava, mas quando entrei no Projeto Poetas do Xod\u00f3, com o incentivo do professor Andr\u00e9 Goveia, comecei a sonhar mais alto e a acreditar em mim\u201d, contou emocionada a jovem escritora.<\/p>\n\n\n\n<figure class=\"wp-block-image is-resized\"><a href=\"https:\/\/blogger.googleusercontent.com\/img\/b\/R29vZ2xl\/AVvXsEjXljxSGhjsOqHQmXZ0w02YmQFTMzXwtM2LSRN2MfW4vwdFqC0aNzA2JFarn3CkKIh8ckrJg0f6qf-hfmlBqgk6kpHiUAbWrZH3MkzQOWGNUFoicGEarUucmxlEcS3IC4ie0vigOl9FDlHoQ-8p44NHx9ytA8YzzpZLzT7IJH8d4ke-PyKeiXVSZs_TxzRu\/s1600\/2%20Educanda%20do%20Projeto%20Poetas%20do%20Xod%C3%B3,%20em%20Tocant%C3%ADnia,%20vence%20Pr%C3%AAmio%20Internacional.jpeg\"><img decoding=\"async\" src=\"https:\/\/blogger.googleusercontent.com\/img\/b\/R29vZ2xl\/AVvXsEjXljxSGhjsOqHQmXZ0w02YmQFTMzXwtM2LSRN2MfW4vwdFqC0aNzA2JFarn3CkKIh8ckrJg0f6qf-hfmlBqgk6kpHiUAbWrZH3MkzQOWGNUFoicGEarUucmxlEcS3IC4ie0vigOl9FDlHoQ-8p44NHx9ytA8YzzpZLzT7IJH8d4ke-PyKeiXVSZs_TxzRu\/w434-h244\/2%20Educanda%20do%20Projeto%20Poetas%20do%20Xod%C3%B3,%20em%20Tocant%C3%ADnia,%20vence%20Pr%C3%AAmio%20Internacional.jpeg\" alt=\"\" style=\"width:840px;height:auto\"\/><\/a><\/figure>\n\n\n\n<p><\/p>\n\n\n\n<p>Dorisneide destacou ainda que o projeto foi um divisor de \u00e1guas em sua trajet\u00f3ria escolar. Al\u00e9m de escrever o conto premiado, ela participa ativamente das produ\u00e7\u00f5es liter\u00e1rias e est\u00e1 prestes a lan\u00e7ar um livro coletivo, do qual \u00e9 uma das autoras.<\/p>\n\n\n\n<figure class=\"wp-block-image size-large\"><img loading=\"lazy\" decoding=\"async\" width=\"1024\" height=\"768\" src=\"https:\/\/focotocantinense.com.br\/wp-content\/uploads\/2025\/10\/1-Educanda-do-Projeto-Poetas-do-Xodo-em-Tocantinia-vence-Premio-Internacional-1024x768.jpeg\" alt=\"\" class=\"wp-image-11271\" srcset=\"https:\/\/focotocantinense.com.br\/wp-content\/uploads\/2025\/10\/1-Educanda-do-Projeto-Poetas-do-Xodo-em-Tocantinia-vence-Premio-Internacional-1024x768.jpeg 1024w, https:\/\/focotocantinense.com.br\/wp-content\/uploads\/2025\/10\/1-Educanda-do-Projeto-Poetas-do-Xodo-em-Tocantinia-vence-Premio-Internacional-300x225.jpeg 300w, https:\/\/focotocantinense.com.br\/wp-content\/uploads\/2025\/10\/1-Educanda-do-Projeto-Poetas-do-Xodo-em-Tocantinia-vence-Premio-Internacional-768x576.jpeg 768w, https:\/\/focotocantinense.com.br\/wp-content\/uploads\/2025\/10\/1-Educanda-do-Projeto-Poetas-do-Xodo-em-Tocantinia-vence-Premio-Internacional-1536x1152.jpeg 1536w, https:\/\/focotocantinense.com.br\/wp-content\/uploads\/2025\/10\/1-Educanda-do-Projeto-Poetas-do-Xodo-em-Tocantinia-vence-Premio-Internacional.jpeg 1600w\" sizes=\"auto, (max-width: 1024px) 100vw, 1024px\" \/><\/figure>\n\n\n\n<p><\/p>\n\n\n\n<p>O Projeto Poetas do Xod\u00f3, idealizado e coordenado pelo professor e poeta Andr\u00e9 Goveia e desenvolvido no Centro Educacional F\u00e9 e Alegria Frei Ant\u00f4nio, tem transformado a rela\u00e7\u00e3o dos alunos com a leitura e a escrita, valorizando a cultura regional e o protagonismo estudantil. Por meio de oficinas, saraus e produ\u00e7\u00f5es autorais, o projeto tem revelado talentos e incentivado jovens a acreditarem em seu potencial criativo.<\/p>\n\n\n\n<figure class=\"wp-block-image is-resized\"><a href=\"https:\/\/blogger.googleusercontent.com\/img\/b\/R29vZ2xl\/AVvXsEjijr5cJ6bnGIixf57gIKvzxC_6yyjlnC5LafIm0TIbiqtGTD50pWVCp1A_MDt7QvekuWx9PSER06EoJ4YCLTRjHFEZzdYUiCIpcF1zLWqq_2l4qCsVVJ-yJs9gxmRNs02IC4nukkyK6BVh4_ai80H3koKh167j3F3kwjRZnDH6C26_JfRRT756FvGcNkJx\/s1600\/4%20Educanda%20do%20Projeto%20Poetas%20do%20Xod%C3%B3,%20em%20Tocant%C3%ADnia,%20vence%20Pr%C3%AAmio%20Internacional.jpeg\"><img decoding=\"async\" src=\"https:\/\/blogger.googleusercontent.com\/img\/b\/R29vZ2xl\/AVvXsEjijr5cJ6bnGIixf57gIKvzxC_6yyjlnC5LafIm0TIbiqtGTD50pWVCp1A_MDt7QvekuWx9PSER06EoJ4YCLTRjHFEZzdYUiCIpcF1zLWqq_2l4qCsVVJ-yJs9gxmRNs02IC4nukkyK6BVh4_ai80H3koKh167j3F3kwjRZnDH6C26_JfRRT756FvGcNkJx\/w503-h283\/4%20Educanda%20do%20Projeto%20Poetas%20do%20Xod%C3%B3,%20em%20Tocant%C3%ADnia,%20vence%20Pr%C3%AAmio%20Internacional.jpeg\" alt=\"\" style=\"width:840px;height:auto\"\/><\/a><\/figure>\n\n\n\n<p><\/p>\n\n\n\n<p>A conquista de Dorisneide simboliza n\u00e3o apenas o talento individual, mas tamb\u00e9m a for\u00e7a da educa\u00e7\u00e3o popular, da literatura como ferramenta de inclus\u00e3o social e do resgate da voz dos povos ind\u00edgenas, que cada vez mais se fazem presentes nos espa\u00e7os de produ\u00e7\u00e3o cultural e acad\u00eamica.<\/p>\n\n\n\n<p>\u201cVer uma educanda ind\u00edgena ser reconhecida internacionalmente mostra o poder da educa\u00e7\u00e3o com afeto, da leitura com significado e da escrita como instrumento de transforma\u00e7\u00e3o\u201d, ressaltou o professor Andr\u00e9 Goveia.<\/p>\n\n\n\n<figure class=\"wp-block-image size-full is-resized\"><img loading=\"lazy\" decoding=\"async\" width=\"727\" height=\"184\" src=\"https:\/\/focotocantinense.com.br\/wp-content\/uploads\/2025\/10\/SHOW-DE-HUMOR-DE-VINICIUS-MARTINS-6.jpeg\" alt=\"\" class=\"wp-image-11270\" style=\"width:840px;height:auto\" srcset=\"https:\/\/focotocantinense.com.br\/wp-content\/uploads\/2025\/10\/SHOW-DE-HUMOR-DE-VINICIUS-MARTINS-6.jpeg 727w, https:\/\/focotocantinense.com.br\/wp-content\/uploads\/2025\/10\/SHOW-DE-HUMOR-DE-VINICIUS-MARTINS-6-300x76.jpeg 300w\" sizes=\"auto, (max-width: 727px) 100vw, 727px\" \/><\/figure>\n","protected":false},"excerpt":{"rendered":"<p>A jovem Dorisneide Duity de Sousa Xerente, de apenas 15 anos, aluna do Centro Educacional F\u00e9 e Alegria Frei Ant\u00f4nio, localizado na cidade de Tocant\u00ednia, conquistou o primeiro lugar no Pr\u00eamio Internacional do Movimento de Educa\u00e7\u00e3o Popular Integral e Promo\u00e7\u00e3o Social F\u00e9 e Alegria. O concurso reuniu estudantes de 20 pa\u00edses onde o movimento atua, &hellip;<\/p>\n","protected":false},"author":5,"featured_media":11269,"comment_status":"open","ping_status":"open","sticky":false,"template":"","format":"standard","meta":{"footnotes":""},"categories":[78],"tags":[],"class_list":["post-11268","post","type-post","status-publish","format-standard","has-post-thumbnail","","category-tocantinia"],"_links":{"self":[{"href":"https:\/\/focotocantinense.com.br\/index.php?rest_route=\/wp\/v2\/posts\/11268","targetHints":{"allow":["GET"]}}],"collection":[{"href":"https:\/\/focotocantinense.com.br\/index.php?rest_route=\/wp\/v2\/posts"}],"about":[{"href":"https:\/\/focotocantinense.com.br\/index.php?rest_route=\/wp\/v2\/types\/post"}],"author":[{"embeddable":true,"href":"https:\/\/focotocantinense.com.br\/index.php?rest_route=\/wp\/v2\/users\/5"}],"replies":[{"embeddable":true,"href":"https:\/\/focotocantinense.com.br\/index.php?rest_route=%2Fwp%2Fv2%2Fcomments&post=11268"}],"version-history":[{"count":3,"href":"https:\/\/focotocantinense.com.br\/index.php?rest_route=\/wp\/v2\/posts\/11268\/revisions"}],"predecessor-version":[{"id":11275,"href":"https:\/\/focotocantinense.com.br\/index.php?rest_route=\/wp\/v2\/posts\/11268\/revisions\/11275"}],"wp:featuredmedia":[{"embeddable":true,"href":"https:\/\/focotocantinense.com.br\/index.php?rest_route=\/wp\/v2\/media\/11269"}],"wp:attachment":[{"href":"https:\/\/focotocantinense.com.br\/index.php?rest_route=%2Fwp%2Fv2%2Fmedia&parent=11268"}],"wp:term":[{"taxonomy":"category","embeddable":true,"href":"https:\/\/focotocantinense.com.br\/index.php?rest_route=%2Fwp%2Fv2%2Fcategories&post=11268"},{"taxonomy":"post_tag","embeddable":true,"href":"https:\/\/focotocantinense.com.br\/index.php?rest_route=%2Fwp%2Fv2%2Ftags&post=11268"}],"curies":[{"name":"wp","href":"https:\/\/api.w.org\/{rel}","templated":true}]}}