{"id":11259,"date":"2025-10-30T20:57:52","date_gmt":"2025-10-30T23:57:52","guid":{"rendered":"https:\/\/focotocantinense.com.br\/?p=11259"},"modified":"2025-10-30T21:00:45","modified_gmt":"2025-10-31T00:00:45","slug":"governo-do-tocantins-adere-ao-programa-acredita-e-marca-avanco-na-geracao-de-empregos-estimulo-ao-empreendedorismo-e-qualificacao-profissional","status":"publish","type":"post","link":"https:\/\/focotocantinense.com.br\/?p=11259","title":{"rendered":"Governo do Tocantins adere ao programa Acredita e marca avan\u00e7o na gera\u00e7\u00e3o de empregos, est\u00edmulo ao empreendedorismo e qualifica\u00e7\u00e3o profissional"},"content":{"rendered":"\n<p>O Governo do Tocantins aderiu, nesta quinta-feira, 30, ao programa&nbsp;<em>Acredita no Primeiro Passo &#8211; Acredita Tocantins<\/em>, uma iniciativa do Minist\u00e9rio do Desenvolvimento e Assist\u00eancia Social, Fam\u00edlia e Combate \u00e0 Fome (MDS) que objetiva ampliar as oportunidades de inclus\u00e3o produtiva e gera\u00e7\u00e3o de renda para fam\u00edlias inscritas no Cadastro \u00danico (Cad\u00danico). A parceria foi oficializada pelo governador Laurez Moreira e pelo ministro Wellington Dias, por meio da assinatura do protocolo de inten\u00e7\u00f5es, que ocorreu no Pal\u00e1cio Araguaia Governador Jos\u00e9 Wilson Siqueira Campos, em Palmas, com a presen\u00e7a de secret\u00e1rios de Estado e de outras autoridades.<\/p>\n\n\n\n<p><\/p>\n\n\n\n<p>O programa&nbsp;<em>Acredita Tocantins&nbsp;<\/em>vai oferecer cursos de qualifica\u00e7\u00e3o profissional, apoio para inser\u00e7\u00e3o no mercado de trabalho e orienta\u00e7\u00e3o a quem deseja empreender, com acesso a microcr\u00e9dito de baixo custo e mentoria especializada. A iniciativa prev\u00ea cerca de R$ 2 milh\u00f5es para capacita\u00e7\u00e3o de pequenos empreendedores, enquanto as linhas de cr\u00e9dito somam aproximadamente R$ 7 milh\u00f5es pela Caixa Econ\u00f4mica e mais R$ 2 milh\u00f5es pelo Banco da Amaz\u00f4nia (Basa).<\/p>\n\n\n\n<p>Na ocasi\u00e3o, o governador Laurez Moreira destacou a import\u00e2ncia do investimento em capacita\u00e7\u00e3o e do acesso ao cr\u00e9dito como instrumentos de desenvolvimento socioecon\u00f4mico. \u201cProgramas como este s\u00e3o exatamente para dar a essas pessoas a oportunidade de crescer, profissionalizar seus neg\u00f3cios e garantir mais qualidade de vida\u201d, ressaltou.<\/p>\n\n\n\n<p>O ministro do Desenvolvimento e Assist\u00eancia Social, Fam\u00edlia e Combate \u00e0 Fome, Wellington Dias, enfatizou que o programa fortalece as pol\u00edticas sociais por meio da uni\u00e3o de diferentes a\u00e7\u00f5es. \u201cO objetivo \u00e9 trabalhar de forma integrada para a supera\u00e7\u00e3o da pobreza. Por isso, o governo federal ampliou os valores dispon\u00edveis de microcr\u00e9dito e criou o fundo garantidor, assegurando efici\u00eancia e assist\u00eancia aos pequenos empreendedores. Esse recurso chega para fortalecer a prote\u00e7\u00e3o social por meio de um trabalho integrado, fruto da parceria entre o governo federal e os estados. Queremos um pa\u00eds mais igualit\u00e1rio e um Tocantins cada vez mais desenvolvido. Quando apoiamos a produ\u00e7\u00e3o e a inclus\u00e3o produtiva, transformamos o cr\u00e9dito e a capacita\u00e7\u00e3o em instrumentos multiplicadores\u201d, salientou.<\/p>\n\n\n\n<p>A titular da Secretaria de Estado do Trabalho e Desenvolvimento Social (Setas), Ana Carina Souto, explicou que a secretaria ser\u00e1 respons\u00e1vel por articular os munic\u00edpios e coordenar as a\u00e7\u00f5es do programa no Tocantins, em parceria com o governo federal. \u201cA Setas vai mobilizar todos os munic\u00edpios para alcan\u00e7ar as fam\u00edlias inscritas no Cadastro \u00danico e garantir que recebam a orienta\u00e7\u00e3o adequada. Esse trabalho envolve mobiliza\u00e7\u00e3o e qualifica\u00e7\u00e3o, para que as pessoas compreendam as oportunidades de empreendedorismo e inser\u00e7\u00e3o no mercado de trabalho. Nossa meta \u00e9 que todas as fam\u00edlias cadastradas conhe\u00e7am o programa e desenvolvam seu potencial para acessar o cr\u00e9dito e aplic\u00e1-lo da melhor forma, promovendo autonomia e dignidade\u201d, refor\u00e7ou.<\/p>\n\n\n\n<p>O momento tamb\u00e9m foi marcado pela assinatura de ades\u00e3o de pequenos empreendedores \u00e0s diferentes linhas de cr\u00e9dito oferecidas pelo programa. Um dos atendidos foi Wesley Rodrigues de Sousa, serralheiro da regi\u00e3o de Taquaralto, que comemorou a oportunidade. \u201cEsse microcr\u00e9dito vai me ajudar muito com mat\u00e9ria-prima, compra de ferramentas e na manuten\u00e7\u00e3o da serralheria, na qual trabalho h\u00e1 mais de 16 anos\u201d, expressou.<\/p>\n\n\n\n<p>\u201cEste momento representa um grande passo para o desenvolvimento do Tocantins. A parceria com as institui\u00e7\u00f5es financeiras tamb\u00e9m \u00e9 importante para oferecer microcr\u00e9dito e incentivar quem deseja empreender. Agradecemos a todos os envolvidos nesta iniciativa\u201d, evidenciou o prefeito de Palmas, Eduardo Siqueira Campos.<\/p>\n\n\n\n<p><strong>Desenvolvimento social e inclus\u00e3o produtiva<\/strong><\/p>\n\n\n\n<p>Na oportunidade, tamb\u00e9m foi lan\u00e7ado o programa&nbsp;<em>Territ\u00f3rio de Desenvolvimento Social e Inclus\u00e3o Produtiva<\/em>, desenvolvido pelo Minist\u00e9rio do Desenvolvimento e Assist\u00eancia Social, Fam\u00edlia e Combate \u00e0 Fome (MDS) em parceria com a Universidade Federal do Tocantins (UFT). O projeto integra a\u00e7\u00f5es voltadas \u00e0 autonomia das fam\u00edlias, ao est\u00edmulo da gera\u00e7\u00e3o de renda e ao fortalecimento da seguran\u00e7a alimentar, com base em uma abordagem territorial e sustent\u00e1vel.<\/p>\n\n\n\n<p>A reitora da UFT, Maria Santana, reafirmou o compromisso da universidade com a pesquisa, a inova\u00e7\u00e3o e o desenvolvimento das comunidades. \u201cS\u00e3o projetos extremamente importantes. Eu sei que o ministro [Wellington Dias] conhece muito bem as universidades p\u00fablicas. N\u00f3s temos um papel crucial dentro da sociedade, que \u00e9 realmente lan\u00e7ar luz sobre os problemas que essa comunidade tem. E os nossos professores, a partir da pesquisa, da extens\u00e3o e da inova\u00e7\u00e3o, t\u00eam esse papel\u201d, salientou a reitora.<\/p>\n\n\n\n<figure class=\"wp-block-image size-large\"><img loading=\"lazy\" decoding=\"async\" width=\"1024\" height=\"585\" src=\"https:\/\/focotocantinense.com.br\/wp-content\/uploads\/2025\/10\/CCCCCCCCCCCCCCCCCCCCCCCCCCCC-1024x585.jpeg\" alt=\"\" class=\"wp-image-11266\" srcset=\"https:\/\/focotocantinense.com.br\/wp-content\/uploads\/2025\/10\/CCCCCCCCCCCCCCCCCCCCCCCCCCCC-1024x585.jpeg 1024w, https:\/\/focotocantinense.com.br\/wp-content\/uploads\/2025\/10\/CCCCCCCCCCCCCCCCCCCCCCCCCCCC-300x171.jpeg 300w, https:\/\/focotocantinense.com.br\/wp-content\/uploads\/2025\/10\/CCCCCCCCCCCCCCCCCCCCCCCCCCCC-768x439.jpeg 768w, https:\/\/focotocantinense.com.br\/wp-content\/uploads\/2025\/10\/CCCCCCCCCCCCCCCCCCCCCCCCCCCC-1536x878.jpeg 1536w, https:\/\/focotocantinense.com.br\/wp-content\/uploads\/2025\/10\/CCCCCCCCCCCCCCCCCCCCCCCCCCCC-2048x1170.jpeg 2048w\" sizes=\"auto, (max-width: 1024px) 100vw, 1024px\" \/><\/figure>\n\n\n\n<p><strong>Visita institucional<\/strong><\/p>\n\n\n\n<p>O governador Laurez Moreira e o ministro Wellington Dias tamb\u00e9m realizaram uma visita institucional ao prefeito de Palmas, Eduardo Siqueira Campos, na manh\u00e3 desta quinta-feira, 30. O encontro, que ocorreu no gabinete do gestor, teve como objetivo discutir pautas conjuntas entre Estado, munic\u00edpio e governo federal voltadas \u00e0 amplia\u00e7\u00e3o de pol\u00edticas sociais, incentivo ao empreendedorismo e \u00e0 reintegra\u00e7\u00e3o de egressos do sistema prisional.<\/p>\n\n\n\n<p><\/p>\n\n\n\n<p><\/p>\n\n\n\n<figure class=\"wp-block-image size-full is-resized\"><img loading=\"lazy\" decoding=\"async\" width=\"727\" height=\"184\" src=\"https:\/\/focotocantinense.com.br\/wp-content\/uploads\/2025\/10\/SHOW-DE-HUMOR-DE-VINICIUS-MARTINS-5.jpeg\" alt=\"\" class=\"wp-image-11261\" style=\"width:840px;height:auto\" srcset=\"https:\/\/focotocantinense.com.br\/wp-content\/uploads\/2025\/10\/SHOW-DE-HUMOR-DE-VINICIUS-MARTINS-5.jpeg 727w, https:\/\/focotocantinense.com.br\/wp-content\/uploads\/2025\/10\/SHOW-DE-HUMOR-DE-VINICIUS-MARTINS-5-300x76.jpeg 300w\" sizes=\"auto, (max-width: 727px) 100vw, 727px\" \/><\/figure>\n","protected":false},"excerpt":{"rendered":"<p>O Governo do Tocantins aderiu, nesta quinta-feira, 30, ao programa&nbsp;Acredita no Primeiro Passo &#8211; Acredita Tocantins, uma iniciativa do Minist\u00e9rio do Desenvolvimento e Assist\u00eancia Social, Fam\u00edlia e Combate \u00e0 Fome (MDS) que objetiva ampliar as oportunidades de inclus\u00e3o produtiva e gera\u00e7\u00e3o de renda para fam\u00edlias inscritas no Cadastro \u00danico (Cad\u00danico). A parceria foi oficializada pelo &hellip;<\/p>\n","protected":false},"author":5,"featured_media":11260,"comment_status":"open","ping_status":"open","sticky":false,"template":"","format":"standard","meta":{"footnotes":""},"categories":[38],"tags":[],"class_list":["post-11259","post","type-post","status-publish","format-standard","has-post-thumbnail","","category-gurupi"],"_links":{"self":[{"href":"https:\/\/focotocantinense.com.br\/index.php?rest_route=\/wp\/v2\/posts\/11259","targetHints":{"allow":["GET"]}}],"collection":[{"href":"https:\/\/focotocantinense.com.br\/index.php?rest_route=\/wp\/v2\/posts"}],"about":[{"href":"https:\/\/focotocantinense.com.br\/index.php?rest_route=\/wp\/v2\/types\/post"}],"author":[{"embeddable":true,"href":"https:\/\/focotocantinense.com.br\/index.php?rest_route=\/wp\/v2\/users\/5"}],"replies":[{"embeddable":true,"href":"https:\/\/focotocantinense.com.br\/index.php?rest_route=%2Fwp%2Fv2%2Fcomments&post=11259"}],"version-history":[{"count":3,"href":"https:\/\/focotocantinense.com.br\/index.php?rest_route=\/wp\/v2\/posts\/11259\/revisions"}],"predecessor-version":[{"id":11267,"href":"https:\/\/focotocantinense.com.br\/index.php?rest_route=\/wp\/v2\/posts\/11259\/revisions\/11267"}],"wp:featuredmedia":[{"embeddable":true,"href":"https:\/\/focotocantinense.com.br\/index.php?rest_route=\/wp\/v2\/media\/11260"}],"wp:attachment":[{"href":"https:\/\/focotocantinense.com.br\/index.php?rest_route=%2Fwp%2Fv2%2Fmedia&parent=11259"}],"wp:term":[{"taxonomy":"category","embeddable":true,"href":"https:\/\/focotocantinense.com.br\/index.php?rest_route=%2Fwp%2Fv2%2Fcategories&post=11259"},{"taxonomy":"post_tag","embeddable":true,"href":"https:\/\/focotocantinense.com.br\/index.php?rest_route=%2Fwp%2Fv2%2Ftags&post=11259"}],"curies":[{"name":"wp","href":"https:\/\/api.w.org\/{rel}","templated":true}]}}