{"id":11238,"date":"2025-10-25T19:42:01","date_gmt":"2025-10-25T22:42:01","guid":{"rendered":"https:\/\/focotocantinense.com.br\/?p=11238"},"modified":"2025-10-25T19:51:42","modified_gmt":"2025-10-25T22:51:42","slug":"vereador-napoleao-dionisio-esta-de-volta-a-camara-municipal-de-lagoa-da-confusao","status":"publish","type":"post","link":"https:\/\/focotocantinense.com.br\/?p=11238","title":{"rendered":"Vereador Napole\u00e3o Dion\u00edsio est\u00e1 de volta \u00e0 C\u00e2mara Municipal de Lagoa da Confus\u00e3o"},"content":{"rendered":"\n<p><strong>Por Zacarias Martins<\/strong><\/p>\n\n\n\n<figure class=\"wp-block-image size-full is-resized\"><img loading=\"lazy\" decoding=\"async\" width=\"709\" height=\"571\" src=\"https:\/\/focotocantinense.com.br\/wp-content\/uploads\/2025\/10\/1-NAPO-COSTAS.jpeg\" alt=\"\" class=\"wp-image-11239\" style=\"width:385px;height:auto\" srcset=\"https:\/\/focotocantinense.com.br\/wp-content\/uploads\/2025\/10\/1-NAPO-COSTAS.jpeg 709w, https:\/\/focotocantinense.com.br\/wp-content\/uploads\/2025\/10\/1-NAPO-COSTAS-300x242.jpeg 300w\" sizes=\"auto, (max-width: 709px) 100vw, 709px\" \/><\/figure>\n\n\n\n<p><\/p>\n\n\n\n<p>Durante a sess\u00e3o da C\u00e2mara Municipal de Lagoa da Confus\u00e3o realizada na noite de sexta-feira, 24, o suplente de vereador Napole\u00e3o Dion\u00edsio (PDT), foi al\u00e7ado ao posto de vereador, no lugar da vereadora Raiza Guimar\u00e3es (PDT), &nbsp;que se licenciou da verean\u00e7a para assumir a fun\u00e7\u00e3o de&nbsp;Secret\u00e1ria Executiva na Secretaria Estadual de Turismo do Tocantins, atendendo ao convite do governador Laurez Moreira (PDT).<\/p>\n\n\n\n<figure class=\"wp-block-image size-large is-resized\"><img loading=\"lazy\" decoding=\"async\" width=\"576\" height=\"1024\" src=\"https:\/\/focotocantinense.com.br\/wp-content\/uploads\/2025\/10\/9-NAPO-COSTA.jpeg-576x1024.jpg\" alt=\"\" class=\"wp-image-11241\" style=\"width:406px;height:auto\" srcset=\"https:\/\/focotocantinense.com.br\/wp-content\/uploads\/2025\/10\/9-NAPO-COSTA.jpeg-576x1024.jpg 576w, https:\/\/focotocantinense.com.br\/wp-content\/uploads\/2025\/10\/9-NAPO-COSTA.jpeg-169x300.jpg 169w, https:\/\/focotocantinense.com.br\/wp-content\/uploads\/2025\/10\/9-NAPO-COSTA.jpeg.jpg 720w\" sizes=\"auto, (max-width: 576px) 100vw, 576px\" \/><\/figure>\n\n\n\n<p><\/p>\n\n\n\n<p><strong>Perfil<\/strong><\/p>\n\n\n\n<p>Vereador aguerrido, que assume &nbsp;o seu segundo mandato na C\u00e2mara Municipal de Lagoa da Confus\u00e3o, Napole\u00e3o Dion\u00edsio, na legislatura passada, se destacou&nbsp; pela defesa intransigente&nbsp; dos interesses da popula\u00e7\u00e3o Lagoense,&nbsp; sendo autor&nbsp; de v\u00e1rias proposituras de grande alcance social.<\/p>\n\n\n\n<figure class=\"wp-block-image size-full is-resized\"><img loading=\"lazy\" decoding=\"async\" width=\"717\" height=\"455\" src=\"https:\/\/focotocantinense.com.br\/wp-content\/uploads\/2025\/10\/2-NAPO-COSTA.jpeg\" alt=\"\" class=\"wp-image-11245\" style=\"width:840px;height:auto\" srcset=\"https:\/\/focotocantinense.com.br\/wp-content\/uploads\/2025\/10\/2-NAPO-COSTA.jpeg 717w, https:\/\/focotocantinense.com.br\/wp-content\/uploads\/2025\/10\/2-NAPO-COSTA-300x190.jpeg 300w\" sizes=\"auto, (max-width: 717px) 100vw, 717px\" \/><\/figure>\n\n\n\n<p><\/p>\n\n\n\n<p>\u201cDe volta ao Legislativo,&nbsp; procurarei dar continuidade ao trabalho que j\u00e1 vinha fazendo anteriormente, especialmente, na busca de solu\u00e7\u00e3o para os principais problemas que afligem a nossa popula\u00e7\u00e3o\u201d, destacou o parlamentar.<\/p>\n\n\n\n<figure class=\"wp-block-image size-large is-resized\"><img loading=\"lazy\" decoding=\"async\" width=\"576\" height=\"1024\" src=\"https:\/\/focotocantinense.com.br\/wp-content\/uploads\/2025\/10\/14-NAPO-COSTA-576x1024.jpeg\" alt=\"\" class=\"wp-image-11243\" style=\"width:840px;height:auto\" srcset=\"https:\/\/focotocantinense.com.br\/wp-content\/uploads\/2025\/10\/14-NAPO-COSTA-576x1024.jpeg 576w, https:\/\/focotocantinense.com.br\/wp-content\/uploads\/2025\/10\/14-NAPO-COSTA-169x300.jpeg 169w, https:\/\/focotocantinense.com.br\/wp-content\/uploads\/2025\/10\/14-NAPO-COSTA.jpeg 720w\" sizes=\"auto, (max-width: 576px) 100vw, 576px\" \/><\/figure>\n\n\n\n<p><\/p>\n\n\n\n<figure class=\"wp-block-image size-large is-resized\"><img loading=\"lazy\" decoding=\"async\" width=\"576\" height=\"1024\" src=\"https:\/\/focotocantinense.com.br\/wp-content\/uploads\/2025\/10\/13-NAPO-COSTA-576x1024.jpeg\" alt=\"\" class=\"wp-image-11251\" style=\"width:840px;height:auto\" srcset=\"https:\/\/focotocantinense.com.br\/wp-content\/uploads\/2025\/10\/13-NAPO-COSTA-576x1024.jpeg 576w, https:\/\/focotocantinense.com.br\/wp-content\/uploads\/2025\/10\/13-NAPO-COSTA-169x300.jpeg 169w, https:\/\/focotocantinense.com.br\/wp-content\/uploads\/2025\/10\/13-NAPO-COSTA.jpeg 720w\" sizes=\"auto, (max-width: 576px) 100vw, 576px\" \/><\/figure>\n\n\n\n<p><\/p>\n\n\n\n<figure class=\"wp-block-image size-large is-resized\"><img loading=\"lazy\" decoding=\"async\" width=\"576\" height=\"1024\" src=\"https:\/\/focotocantinense.com.br\/wp-content\/uploads\/2025\/10\/10-NAPO-COSTA-576x1024.jpeg\" alt=\"\" class=\"wp-image-11254\" style=\"width:840px;height:auto\" srcset=\"https:\/\/focotocantinense.com.br\/wp-content\/uploads\/2025\/10\/10-NAPO-COSTA-576x1024.jpeg 576w, https:\/\/focotocantinense.com.br\/wp-content\/uploads\/2025\/10\/10-NAPO-COSTA-169x300.jpeg 169w, https:\/\/focotocantinense.com.br\/wp-content\/uploads\/2025\/10\/10-NAPO-COSTA.jpeg 720w\" sizes=\"auto, (max-width: 576px) 100vw, 576px\" \/><\/figure>\n\n\n\n<p><\/p>\n\n\n\n<figure class=\"wp-block-image size-large is-resized\"><img loading=\"lazy\" decoding=\"async\" width=\"576\" height=\"1024\" src=\"https:\/\/focotocantinense.com.br\/wp-content\/uploads\/2025\/10\/12-NAPO-COSTA-576x1024.jpeg\" alt=\"\" class=\"wp-image-11250\" style=\"width:840px;height:auto\" srcset=\"https:\/\/focotocantinense.com.br\/wp-content\/uploads\/2025\/10\/12-NAPO-COSTA-576x1024.jpeg 576w, https:\/\/focotocantinense.com.br\/wp-content\/uploads\/2025\/10\/12-NAPO-COSTA-169x300.jpeg 169w, https:\/\/focotocantinense.com.br\/wp-content\/uploads\/2025\/10\/12-NAPO-COSTA.jpeg 720w\" sizes=\"auto, (max-width: 576px) 100vw, 576px\" \/><\/figure>\n\n\n\n<p><\/p>\n\n\n\n<figure class=\"wp-block-image size-large is-resized\"><img loading=\"lazy\" decoding=\"async\" width=\"576\" height=\"1024\" src=\"https:\/\/focotocantinense.com.br\/wp-content\/uploads\/2025\/10\/11-NAPO-COSTA-576x1024.jpeg\" alt=\"\" class=\"wp-image-11248\" style=\"width:840px;height:auto\" srcset=\"https:\/\/focotocantinense.com.br\/wp-content\/uploads\/2025\/10\/11-NAPO-COSTA-576x1024.jpeg 576w, https:\/\/focotocantinense.com.br\/wp-content\/uploads\/2025\/10\/11-NAPO-COSTA-169x300.jpeg 169w, https:\/\/focotocantinense.com.br\/wp-content\/uploads\/2025\/10\/11-NAPO-COSTA.jpeg 720w\" sizes=\"auto, (max-width: 576px) 100vw, 576px\" \/><\/figure>\n\n\n\n<p><\/p>\n\n\n\n<figure class=\"wp-block-image size-full is-resized\"><img loading=\"lazy\" decoding=\"async\" width=\"727\" height=\"184\" src=\"https:\/\/focotocantinense.com.br\/wp-content\/uploads\/2025\/10\/SHOW-DE-HUMOR-DE-VINICIUS-MARTINS-4.jpeg\" alt=\"\" class=\"wp-image-11253\" style=\"width:840px;height:auto\" srcset=\"https:\/\/focotocantinense.com.br\/wp-content\/uploads\/2025\/10\/SHOW-DE-HUMOR-DE-VINICIUS-MARTINS-4.jpeg 727w, https:\/\/focotocantinense.com.br\/wp-content\/uploads\/2025\/10\/SHOW-DE-HUMOR-DE-VINICIUS-MARTINS-4-300x76.jpeg 300w\" sizes=\"auto, (max-width: 727px) 100vw, 727px\" \/><\/figure>\n","protected":false},"excerpt":{"rendered":"<p>Por Zacarias Martins Durante a sess\u00e3o da C\u00e2mara Municipal de Lagoa da Confus\u00e3o realizada na noite de sexta-feira, 24, o suplente de vereador Napole\u00e3o Dion\u00edsio (PDT), foi al\u00e7ado ao posto de vereador, no lugar da vereadora Raiza Guimar\u00e3es (PDT), &nbsp;que se licenciou da verean\u00e7a para assumir a fun\u00e7\u00e3o de&nbsp;Secret\u00e1ria Executiva na Secretaria Estadual de Turismo &hellip;<\/p>\n","protected":false},"author":5,"featured_media":11239,"comment_status":"open","ping_status":"open","sticky":false,"template":"","format":"standard","meta":{"footnotes":""},"categories":[71,1],"tags":[],"class_list":["post-11238","post","type-post","status-publish","format-standard","has-post-thumbnail","","category-lagoa-da-confusao","category-sem-categoria"],"_links":{"self":[{"href":"https:\/\/focotocantinense.com.br\/index.php?rest_route=\/wp\/v2\/posts\/11238","targetHints":{"allow":["GET"]}}],"collection":[{"href":"https:\/\/focotocantinense.com.br\/index.php?rest_route=\/wp\/v2\/posts"}],"about":[{"href":"https:\/\/focotocantinense.com.br\/index.php?rest_route=\/wp\/v2\/types\/post"}],"author":[{"embeddable":true,"href":"https:\/\/focotocantinense.com.br\/index.php?rest_route=\/wp\/v2\/users\/5"}],"replies":[{"embeddable":true,"href":"https:\/\/focotocantinense.com.br\/index.php?rest_route=%2Fwp%2Fv2%2Fcomments&post=11238"}],"version-history":[{"count":7,"href":"https:\/\/focotocantinense.com.br\/index.php?rest_route=\/wp\/v2\/posts\/11238\/revisions"}],"predecessor-version":[{"id":11255,"href":"https:\/\/focotocantinense.com.br\/index.php?rest_route=\/wp\/v2\/posts\/11238\/revisions\/11255"}],"wp:featuredmedia":[{"embeddable":true,"href":"https:\/\/focotocantinense.com.br\/index.php?rest_route=\/wp\/v2\/media\/11239"}],"wp:attachment":[{"href":"https:\/\/focotocantinense.com.br\/index.php?rest_route=%2Fwp%2Fv2%2Fmedia&parent=11238"}],"wp:term":[{"taxonomy":"category","embeddable":true,"href":"https:\/\/focotocantinense.com.br\/index.php?rest_route=%2Fwp%2Fv2%2Fcategories&post=11238"},{"taxonomy":"post_tag","embeddable":true,"href":"https:\/\/focotocantinense.com.br\/index.php?rest_route=%2Fwp%2Fv2%2Ftags&post=11238"}],"curies":[{"name":"wp","href":"https:\/\/api.w.org\/{rel}","templated":true}]}}