{"id":11234,"date":"2025-10-25T07:13:01","date_gmt":"2025-10-25T10:13:01","guid":{"rendered":"https:\/\/focotocantinense.com.br\/?p=11234"},"modified":"2025-10-25T07:13:02","modified_gmt":"2025-10-25T10:13:02","slug":"atleta-tocantinense-vinicius-martins-participa-da-corrida-100-voce-do-cantor-bell-marques-em-goiania","status":"publish","type":"post","link":"https:\/\/focotocantinense.com.br\/?p=11234","title":{"rendered":"Atleta tocantinense Vin\u00edcius Martins participa da Corrida 100% Voc\u00ea do cantor Bell Marques em Goi\u00e2nia"},"content":{"rendered":"\n<p>O humorista e atleta Vin\u00edcius Martins, conhecido nas redes sociais por unir humor e corrida de rua, participou neste fim de semana da tradicional Corrida 100% Voc\u00ea do cantor Bell Marques, realizada em Goi\u00e2nia (GO). Representando o grupo de corrida Foco, For\u00e7a e F\u00e9, o tocantinense tem conquistado espa\u00e7o n\u00e3o s\u00f3 nas pistas, mas tamb\u00e9m na internet, inspirando milhares de pessoas com sua trajet\u00f3ria marcada por supera\u00e7\u00e3o e bom humor.<\/p>\n\n\n\n<figure class=\"wp-block-image size-large is-resized\"><img loading=\"lazy\" decoding=\"async\" width=\"1024\" height=\"681\" src=\"https:\/\/focotocantinense.com.br\/wp-content\/uploads\/2025\/10\/VINI-1-1024x681.jpeg\" alt=\"\" class=\"wp-image-11236\" style=\"width:380px;height:auto\" srcset=\"https:\/\/focotocantinense.com.br\/wp-content\/uploads\/2025\/10\/VINI-1-1024x681.jpeg 1024w, https:\/\/focotocantinense.com.br\/wp-content\/uploads\/2025\/10\/VINI-1-300x200.jpeg 300w, https:\/\/focotocantinense.com.br\/wp-content\/uploads\/2025\/10\/VINI-1-768x511.jpeg 768w, https:\/\/focotocantinense.com.br\/wp-content\/uploads\/2025\/10\/VINI-1-1536x1022.jpeg 1536w, https:\/\/focotocantinense.com.br\/wp-content\/uploads\/2025\/10\/VINI-1-2048x1363.jpeg 2048w, https:\/\/focotocantinense.com.br\/wp-content\/uploads\/2025\/10\/VINI-1-310x205.jpeg 310w\" sizes=\"auto, (max-width: 1024px) 100vw, 1024px\" \/><\/figure>\n\n\n\n<p><\/p>\n\n\n\n<p>Vin\u00edcius iniciou sua jornada na corrida dentro do grupo Foco, For\u00e7a e F\u00e9, onde encontrou um novo prop\u00f3sito: aliar disciplina, f\u00e9 e alegria ao esporte. Desde ent\u00e3o, tem se destacado nas competi\u00e7\u00f5es e nas redes sociais, criando conte\u00fados divertidos e motivacionais que aproximam o p\u00fablico do universo das corridas de rua.<\/p>\n\n\n\n<p>\u201cCada prova \u00e9 uma forma de mostrar que a corrida vai muito al\u00e9m do f\u00edsico. Ela ensina sobre f\u00e9, foco e persist\u00eancia, valores que tamb\u00e9m levo para a vida e para o humor. Assim como nosso lema no grupo: Treino para correr, corro para me divertir\u201d, afirma Vin\u00edcius.<\/p>\n\n\n\n<p>Com uma presen\u00e7a digital crescente e um estilo leve e inspirador, Vin\u00edcius Martins vem se consolidando como uma das vozes mais aut\u00eanticas da corrida tocantinense, incentivando o p\u00fablico a adotar um estilo de vida mais saud\u00e1vel e, ao mesmo tempo, mais divertido.<\/p>\n\n\n\n<figure class=\"wp-block-image size-large\"><img loading=\"lazy\" decoding=\"async\" width=\"1024\" height=\"782\" src=\"https:\/\/focotocantinense.com.br\/wp-content\/uploads\/2025\/10\/WhatsApp-Image-2025-10-25-at-05.38.43-1024x782.jpeg\" alt=\"\" class=\"wp-image-11235\" srcset=\"https:\/\/focotocantinense.com.br\/wp-content\/uploads\/2025\/10\/WhatsApp-Image-2025-10-25-at-05.38.43-1024x782.jpeg 1024w, https:\/\/focotocantinense.com.br\/wp-content\/uploads\/2025\/10\/WhatsApp-Image-2025-10-25-at-05.38.43-300x229.jpeg 300w, https:\/\/focotocantinense.com.br\/wp-content\/uploads\/2025\/10\/WhatsApp-Image-2025-10-25-at-05.38.43-768x586.jpeg 768w, https:\/\/focotocantinense.com.br\/wp-content\/uploads\/2025\/10\/WhatsApp-Image-2025-10-25-at-05.38.43.jpeg 1280w\" sizes=\"auto, (max-width: 1024px) 100vw, 1024px\" \/><\/figure>\n","protected":false},"excerpt":{"rendered":"<p>O humorista e atleta Vin\u00edcius Martins, conhecido nas redes sociais por unir humor e corrida de rua, participou neste fim de semana da tradicional Corrida 100% Voc\u00ea do cantor Bell Marques, realizada em Goi\u00e2nia (GO). Representando o grupo de corrida Foco, For\u00e7a e F\u00e9, o tocantinense tem conquistado espa\u00e7o n\u00e3o s\u00f3 nas pistas, mas tamb\u00e9m &hellip;<\/p>\n","protected":false},"author":5,"featured_media":11235,"comment_status":"open","ping_status":"open","sticky":false,"template":"","format":"standard","meta":{"footnotes":""},"categories":[4],"tags":[],"class_list":["post-11234","post","type-post","status-publish","format-standard","has-post-thumbnail","","category-sports"],"_links":{"self":[{"href":"https:\/\/focotocantinense.com.br\/index.php?rest_route=\/wp\/v2\/posts\/11234","targetHints":{"allow":["GET"]}}],"collection":[{"href":"https:\/\/focotocantinense.com.br\/index.php?rest_route=\/wp\/v2\/posts"}],"about":[{"href":"https:\/\/focotocantinense.com.br\/index.php?rest_route=\/wp\/v2\/types\/post"}],"author":[{"embeddable":true,"href":"https:\/\/focotocantinense.com.br\/index.php?rest_route=\/wp\/v2\/users\/5"}],"replies":[{"embeddable":true,"href":"https:\/\/focotocantinense.com.br\/index.php?rest_route=%2Fwp%2Fv2%2Fcomments&post=11234"}],"version-history":[{"count":1,"href":"https:\/\/focotocantinense.com.br\/index.php?rest_route=\/wp\/v2\/posts\/11234\/revisions"}],"predecessor-version":[{"id":11237,"href":"https:\/\/focotocantinense.com.br\/index.php?rest_route=\/wp\/v2\/posts\/11234\/revisions\/11237"}],"wp:featuredmedia":[{"embeddable":true,"href":"https:\/\/focotocantinense.com.br\/index.php?rest_route=\/wp\/v2\/media\/11235"}],"wp:attachment":[{"href":"https:\/\/focotocantinense.com.br\/index.php?rest_route=%2Fwp%2Fv2%2Fmedia&parent=11234"}],"wp:term":[{"taxonomy":"category","embeddable":true,"href":"https:\/\/focotocantinense.com.br\/index.php?rest_route=%2Fwp%2Fv2%2Fcategories&post=11234"},{"taxonomy":"post_tag","embeddable":true,"href":"https:\/\/focotocantinense.com.br\/index.php?rest_route=%2Fwp%2Fv2%2Ftags&post=11234"}],"curies":[{"name":"wp","href":"https:\/\/api.w.org\/{rel}","templated":true}]}}