{"id":11225,"date":"2025-10-18T09:12:00","date_gmt":"2025-10-18T12:12:00","guid":{"rendered":"https:\/\/focotocantinense.com.br\/?p=11225"},"modified":"2025-10-18T09:13:12","modified_gmt":"2025-10-18T12:13:12","slug":"fogo-sagrado-projeto-da-abix-fortalece-comunicacao-e-saberes-indigenas-na-prevencao-de-incendios-no-cerrado","status":"publish","type":"post","link":"https:\/\/focotocantinense.com.br\/?p=11225","title":{"rendered":"Fogo Sagrado: projeto da ABIX fortalece comunica\u00e7\u00e3o e saberes ind\u00edgenas na preven\u00e7\u00e3o de inc\u00eandios no Cerrado"},"content":{"rendered":"\n<p>No cora\u00e7\u00e3o do Territ\u00f3rio Ind\u00edgena Xerente, a Associa\u00e7\u00e3o dos Brigadistas Akwe Xerente (ABIX) deu in\u00edcio ao projeto \u201cFogo Sagrado: Comunica\u00e7\u00e3o e Saberes Ind\u00edgenas na Preven\u00e7\u00e3o e Combate aos Inc\u00eandios no Cerrado\u201d. A iniciativa utiliza os conhecimentos tradicionais do povo Xerente para o correto e respons\u00e1vel manejo do territ\u00f3rio e combate aos inc\u00eandios, unindo a express\u00e3o cultural, a preserva\u00e7\u00e3o ambiental e a arte de comunicar. O projeto promoveu no \u00faltimo s\u00e1bado uma oficina de design gr\u00e1fico utilizando o Canva, na Aldeia Cachoeirinha (sede da ABIX), em Tocant\u00ednia (TO). As atividades est\u00e3o sendo financiadas pelo Edital Ra\u00edzes e Labora \u2013 Fortalecendo Solu\u00e7\u00f5es de Povos Ind\u00edgenas, Comunidades Tradicionais e Trabalhadores(as) rumo \u00e0 Justi\u00e7a Clim\u00e1tica e \u00e0 Transi\u00e7\u00e3o Justa, do Fundo Brasil de Direitos Humanos.<\/p>\n\n\n\n<figure class=\"wp-block-image size-full is-resized\"><img loading=\"lazy\" decoding=\"async\" width=\"970\" height=\"783\" src=\"https:\/\/focotocantinense.com.br\/wp-content\/uploads\/2025\/10\/2-INDIO.jpeg\" alt=\"\" class=\"wp-image-11229\" style=\"width:371px;height:auto\" srcset=\"https:\/\/focotocantinense.com.br\/wp-content\/uploads\/2025\/10\/2-INDIO.jpeg 970w, https:\/\/focotocantinense.com.br\/wp-content\/uploads\/2025\/10\/2-INDIO-300x242.jpeg 300w, https:\/\/focotocantinense.com.br\/wp-content\/uploads\/2025\/10\/2-INDIO-768x620.jpeg 768w\" sizes=\"auto, (max-width: 970px) 100vw, 970px\" \/><\/figure>\n\n\n\n<p><\/p>\n\n\n\n<p>A oficina de Design Gr\u00e1fico com o Canva, ministrada pelo jornalista, pesquisador e designer gr\u00e1fico Cristiano Viana, foi voltada \u00e0 capacita\u00e7\u00e3o de jovens e adultos Xerente interessados na cria\u00e7\u00e3o de materiais visuais, campanhas educativas e conte\u00fados digitais sobre as a\u00e7\u00f5es da ABIX e a cultura do seu povo.<\/p>\n\n\n\n<p>Participaram seis integrantes da comunidade, todos com afinidade pela produ\u00e7\u00e3o de conte\u00fado e desejo de atuar na divulga\u00e7\u00e3o das atividades e saberes que fazem parte da rotina dos brigadistas ind\u00edgenas.<\/p>\n\n\n\n<p>\u201cFiquei muito feliz com o envolvimento do grupo. O Canva \u00e9 uma ferramenta acess\u00edvel, que permite transformar ideias em pe\u00e7as criativas e educativas. Ver o interesse dos alunos em usar o design como forma de valorizar sua pr\u00f3pria cultura e divulgar as a\u00e7\u00f5es da ABIX \u00e9 inspirador. Eles t\u00eam muito a ensinar e tamb\u00e9m muito a mostrar ao mundo\u201d, destacou o ministrante Cristiano Viana.<\/p>\n\n\n\n<p>Durante a oficina, os participantes aprenderam no\u00e7\u00f5es de identidade visual, composi\u00e7\u00e3o, tipografia, cores e como criar posts e banners digitais que possam ser utilizados em campanhas sobre preven\u00e7\u00e3o de queimadas, preserva\u00e7\u00e3o das veredas e valoriza\u00e7\u00e3o dos saberes tradicionais. O encontro faz parte da primeira etapa de forma\u00e7\u00e3o do projeto, que inclui ainda oficinas de audiovisual, produ\u00e7\u00e3o de v\u00eddeos com celular para m\u00eddias sociais, visando capacitar uma nova gera\u00e7\u00e3o de comunicadores ind\u00edgenas.<\/p>\n\n\n\n<figure class=\"wp-block-image size-large\"><img loading=\"lazy\" decoding=\"async\" width=\"1024\" height=\"576\" src=\"https:\/\/focotocantinense.com.br\/wp-content\/uploads\/2025\/10\/3-INDIO-1024x576.jpeg\" alt=\"\" class=\"wp-image-11226\" srcset=\"https:\/\/focotocantinense.com.br\/wp-content\/uploads\/2025\/10\/3-INDIO-1024x576.jpeg 1024w, https:\/\/focotocantinense.com.br\/wp-content\/uploads\/2025\/10\/3-INDIO-300x169.jpeg 300w, https:\/\/focotocantinense.com.br\/wp-content\/uploads\/2025\/10\/3-INDIO-768x432.jpeg 768w, https:\/\/focotocantinense.com.br\/wp-content\/uploads\/2025\/10\/3-INDIO-1536x864.jpeg 1536w, https:\/\/focotocantinense.com.br\/wp-content\/uploads\/2025\/10\/3-INDIO.jpeg 1600w\" sizes=\"auto, (max-width: 1024px) 100vw, 1024px\" \/><\/figure>\n\n\n\n<p><\/p>\n\n\n\n<p><strong>Associa\u00e7\u00e3o<\/strong><\/p>\n\n\n\n<p>A presidente da Abix, Ana Shelley Rodrigues Barboza Xerente, refor\u00e7ou a import\u00e2ncia da a\u00e7\u00e3o como um marco de fortalecimento do protagonismo ind\u00edgena na comunica\u00e7\u00e3o ambiental. \u201cA Abix nasceu do trabalho dos nossos brigadistas, homens e mulheres Xerente que protegem o Cerrado e cuidam do nosso territ\u00f3rio com sabedoria ancestral. O projeto Fogo Sagrado vem para ampliar nossas vozes, mostrando que o combate ao fogo tamb\u00e9m passa pela comunica\u00e7\u00e3o. Queremos que o mundo conhe\u00e7a o que fazemos, nossas pr\u00e1ticas sustent\u00e1veis e a nossa rela\u00e7\u00e3o espiritual com o territ\u00f3rio.\u201d<\/p>\n\n\n\n<p>Criada em 2014, a Abix \u00e9 composta por 72 brigadistas ind\u00edgenas, sendo 29 mulheres, e tem se destacado nacionalmente por aliar t\u00e9cnicas modernas de combate ao fogo com o manejo tradicional do territ\u00f3rio e a educa\u00e7\u00e3o ambiental.<\/p>\n\n\n\n<figure class=\"wp-block-image size-large\"><img loading=\"lazy\" decoding=\"async\" width=\"1024\" height=\"576\" src=\"https:\/\/focotocantinense.com.br\/wp-content\/uploads\/2025\/10\/1-INDIO-1024x576.jpeg\" alt=\"\" class=\"wp-image-11227\" srcset=\"https:\/\/focotocantinense.com.br\/wp-content\/uploads\/2025\/10\/1-INDIO-1024x576.jpeg 1024w, https:\/\/focotocantinense.com.br\/wp-content\/uploads\/2025\/10\/1-INDIO-300x169.jpeg 300w, https:\/\/focotocantinense.com.br\/wp-content\/uploads\/2025\/10\/1-INDIO-768x432.jpeg 768w, https:\/\/focotocantinense.com.br\/wp-content\/uploads\/2025\/10\/1-INDIO-1536x864.jpeg 1536w, https:\/\/focotocantinense.com.br\/wp-content\/uploads\/2025\/10\/1-INDIO.jpeg 1600w\" sizes=\"auto, (max-width: 1024px) 100vw, 1024px\" \/><\/figure>\n\n\n\n<p><\/p>\n\n\n\n<p><strong>Projeto<\/strong><\/p>\n\n\n\n<p>Ainda de acordo com a presidente da Abix, o projeto \u201cFogo Sagrado\u201d nasce desse ac\u00famulo de experi\u00eancias e integra a estrat\u00e9gia da Associa\u00e7\u00e3o para ampliar sua presen\u00e7a nas redes sociais e fortalecer o di\u00e1logo entre povos ind\u00edgenas, comunidades tradicionais e sociedade civil sobre justi\u00e7a clim\u00e1tica e preserva\u00e7\u00e3o do Cerrado.<\/p>\n\n\n\n<p>Para o jovem participante Jonas Xerente, a oficina foi um passo importante para unir tradi\u00e7\u00e3o e tecnologia. \u201cEu sempre quis aprender mais sobre como criar posts e mostrar o que a gente faz aqui na aldeia. Agora, com o Canva, posso ajudar a divulgar o trabalho da brigada e tamb\u00e9m mostrar a beleza da nossa cultura. O projeto Fogo Sagrado \u00e9 uma oportunidade de aprender e tamb\u00e9m de ensinar o valor do nosso territ\u00f3rio.\u201d<\/p>\n\n\n\n<p>Al\u00e9m das oficinas de forma\u00e7\u00e3o, o projeto prev\u00ea a produ\u00e7\u00e3o de 12 v\u00eddeos educativos, campanhas digitais sobre racismo ambiental e justi\u00e7a clim\u00e1tica, e a cria\u00e7\u00e3o de uma s\u00e9rie de cards informativos sobre o Cerrado e o manejo sustent\u00e1vel do fogo. As a\u00e7\u00f5es ser\u00e3o realizadas ao longo de 12 meses e contam com apoio do edital Ra\u00edzes e Labora \u2013 Fortalecendo Solu\u00e7\u00f5es de Povos Ind\u00edgenas, Comunidades Tradicionais e Trabalhadores(as) rumo \u00e0 Justi\u00e7a Clim\u00e1tica e \u00e0 Transi\u00e7\u00e3o Justa, do Fundo Brasil de Direitos Humanos.<\/p>\n\n\n\n<figure class=\"wp-block-image size-full is-resized\"><img loading=\"lazy\" decoding=\"async\" width=\"727\" height=\"184\" src=\"https:\/\/focotocantinense.com.br\/wp-content\/uploads\/2025\/10\/SHOW-DE-HUMOR-DE-VINICIUS-MARTINS-2.jpeg\" alt=\"\" class=\"wp-image-11208\" style=\"width:840px;height:auto\" srcset=\"https:\/\/focotocantinense.com.br\/wp-content\/uploads\/2025\/10\/SHOW-DE-HUMOR-DE-VINICIUS-MARTINS-2.jpeg 727w, https:\/\/focotocantinense.com.br\/wp-content\/uploads\/2025\/10\/SHOW-DE-HUMOR-DE-VINICIUS-MARTINS-2-300x76.jpeg 300w\" sizes=\"auto, (max-width: 727px) 100vw, 727px\" \/><\/figure>\n","protected":false},"excerpt":{"rendered":"<p>No cora\u00e7\u00e3o do Territ\u00f3rio Ind\u00edgena Xerente, a Associa\u00e7\u00e3o dos Brigadistas Akwe Xerente (ABIX) deu in\u00edcio ao projeto \u201cFogo Sagrado: Comunica\u00e7\u00e3o e Saberes Ind\u00edgenas na Preven\u00e7\u00e3o e Combate aos Inc\u00eandios no Cerrado\u201d. A iniciativa utiliza os conhecimentos tradicionais do povo Xerente para o correto e respons\u00e1vel manejo do territ\u00f3rio e combate aos inc\u00eandios, unindo a express\u00e3o &hellip;<\/p>\n","protected":false},"author":5,"featured_media":11227,"comment_status":"open","ping_status":"open","sticky":false,"template":"","format":"standard","meta":{"footnotes":""},"categories":[1],"tags":[],"class_list":["post-11225","post","type-post","status-publish","format-standard","has-post-thumbnail","","category-sem-categoria"],"_links":{"self":[{"href":"https:\/\/focotocantinense.com.br\/index.php?rest_route=\/wp\/v2\/posts\/11225","targetHints":{"allow":["GET"]}}],"collection":[{"href":"https:\/\/focotocantinense.com.br\/index.php?rest_route=\/wp\/v2\/posts"}],"about":[{"href":"https:\/\/focotocantinense.com.br\/index.php?rest_route=\/wp\/v2\/types\/post"}],"author":[{"embeddable":true,"href":"https:\/\/focotocantinense.com.br\/index.php?rest_route=\/wp\/v2\/users\/5"}],"replies":[{"embeddable":true,"href":"https:\/\/focotocantinense.com.br\/index.php?rest_route=%2Fwp%2Fv2%2Fcomments&post=11225"}],"version-history":[{"count":2,"href":"https:\/\/focotocantinense.com.br\/index.php?rest_route=\/wp\/v2\/posts\/11225\/revisions"}],"predecessor-version":[{"id":11230,"href":"https:\/\/focotocantinense.com.br\/index.php?rest_route=\/wp\/v2\/posts\/11225\/revisions\/11230"}],"wp:featuredmedia":[{"embeddable":true,"href":"https:\/\/focotocantinense.com.br\/index.php?rest_route=\/wp\/v2\/media\/11227"}],"wp:attachment":[{"href":"https:\/\/focotocantinense.com.br\/index.php?rest_route=%2Fwp%2Fv2%2Fmedia&parent=11225"}],"wp:term":[{"taxonomy":"category","embeddable":true,"href":"https:\/\/focotocantinense.com.br\/index.php?rest_route=%2Fwp%2Fv2%2Fcategories&post=11225"},{"taxonomy":"post_tag","embeddable":true,"href":"https:\/\/focotocantinense.com.br\/index.php?rest_route=%2Fwp%2Fv2%2Ftags&post=11225"}],"curies":[{"name":"wp","href":"https:\/\/api.w.org\/{rel}","templated":true}]}}