{"id":11212,"date":"2025-10-17T14:18:23","date_gmt":"2025-10-17T17:18:23","guid":{"rendered":"https:\/\/focotocantinense.com.br\/?p=11212"},"modified":"2025-10-17T14:34:27","modified_gmt":"2025-10-17T17:34:27","slug":"culminancia-da-1a-mostra-cultural-artes-sem-limites-em-gurupi-aconteceu-em-grande","status":"publish","type":"post","link":"https:\/\/focotocantinense.com.br\/?p=11212","title":{"rendered":"Culmin\u00e2ncia da 1\u00aa Mostra Cultural Artes Sem Limites em Gurupi, aconteceu em grande estilo"},"content":{"rendered":"\n<figure class=\"wp-block-image size-large is-resized\"><img loading=\"lazy\" decoding=\"async\" width=\"768\" height=\"1024\" src=\"https:\/\/focotocantinense.com.br\/wp-content\/uploads\/2025\/10\/2-Projeto-Cultural-da-Associacao-Gurupiense-de-Artesaos-em-destaque-em-Gurupi-Foto-Letticia-Japuiassu-768x1024.jpg\" alt=\"\" class=\"wp-image-11215\" style=\"width:386px;height:auto\" srcset=\"https:\/\/focotocantinense.com.br\/wp-content\/uploads\/2025\/10\/2-Projeto-Cultural-da-Associacao-Gurupiense-de-Artesaos-em-destaque-em-Gurupi-Foto-Letticia-Japuiassu-768x1024.jpg 768w, https:\/\/focotocantinense.com.br\/wp-content\/uploads\/2025\/10\/2-Projeto-Cultural-da-Associacao-Gurupiense-de-Artesaos-em-destaque-em-Gurupi-Foto-Letticia-Japuiassu-225x300.jpg 225w, https:\/\/focotocantinense.com.br\/wp-content\/uploads\/2025\/10\/2-Projeto-Cultural-da-Associacao-Gurupiense-de-Artesaos-em-destaque-em-Gurupi-Foto-Letticia-Japuiassu.jpg 960w\" sizes=\"auto, (max-width: 768px) 100vw, 768px\" \/><\/figure>\n\n\n\n<p><\/p>\n\n\n\n<p><strong>Por Zacarias martins<br>Fotos: Lett\u00edcia Japiassu<\/strong><\/p>\n\n\n\n<p>Na noite de quinta-feira, 17, o Centro Cultural Mauro Cunha foi o grande palco escolhido para a realiza\u00e7\u00e3o da culmin\u00e2ncia da 1\u00aa Mostra Cultural Artes Sem Limites de Gurupi que, anteriormente, contou com mais tr\u00eas etapas de realiza\u00e7\u00e3o: a primeira, em Formoso do Araguaia, a segunda, na cidade de Peixe e, a terceira, aconteceu s\u00e1bado passado, 11, no espa\u00e7o da Feirinha da Amizade, localizada ao lado do Centro Cultural.<\/p>\n\n\n\n<figure class=\"wp-block-image size-large\"><img loading=\"lazy\" decoding=\"async\" width=\"1024\" height=\"768\" src=\"https:\/\/focotocantinense.com.br\/wp-content\/uploads\/2025\/10\/3-Projeto-Cultural-da-Associacao-Gurupiense-de-Artesaos-em-destaque-em-Gurupi-Foto-Letticia-Japuiassu-1024x768.jpeg\" alt=\"\" class=\"wp-image-11213\" srcset=\"https:\/\/focotocantinense.com.br\/wp-content\/uploads\/2025\/10\/3-Projeto-Cultural-da-Associacao-Gurupiense-de-Artesaos-em-destaque-em-Gurupi-Foto-Letticia-Japuiassu-1024x768.jpeg 1024w, https:\/\/focotocantinense.com.br\/wp-content\/uploads\/2025\/10\/3-Projeto-Cultural-da-Associacao-Gurupiense-de-Artesaos-em-destaque-em-Gurupi-Foto-Letticia-Japuiassu-300x225.jpeg 300w, https:\/\/focotocantinense.com.br\/wp-content\/uploads\/2025\/10\/3-Projeto-Cultural-da-Associacao-Gurupiense-de-Artesaos-em-destaque-em-Gurupi-Foto-Letticia-Japuiassu-768x576.jpeg 768w, https:\/\/focotocantinense.com.br\/wp-content\/uploads\/2025\/10\/3-Projeto-Cultural-da-Associacao-Gurupiense-de-Artesaos-em-destaque-em-Gurupi-Foto-Letticia-Japuiassu.jpeg 1280w\" sizes=\"auto, (max-width: 1024px) 100vw, 1024px\" \/><\/figure>\n\n\n\n<p><\/p>\n\n\n\n<p><strong>Certifica\u00e7\u00e3o<\/strong><\/p>\n\n\n\n<p>A Mostra fez parte da cerim\u00f4nia de entrega de certifica\u00e7\u00e3o para 11 Pontos de Cultura de Gurupi, reconhecidos oficialmente pelo Minist\u00e9rio da Cultura (Minc), com destaque para a AGA \u2013 Associa\u00e7\u00e3o Gurupiense de Artes\u00e3os.<\/p>\n\n\n\n<figure class=\"wp-block-image size-large\"><img loading=\"lazy\" decoding=\"async\" width=\"768\" height=\"1024\" src=\"https:\/\/focotocantinense.com.br\/wp-content\/uploads\/2025\/10\/2-Projeto-5-ultural-da-Associacao-Gurupiense-de-Artesaos-em-destaque-em-Gurupi-Foto-Letticia-Japuiassu-768x1024.jpg\" alt=\"\" class=\"wp-image-11221\" srcset=\"https:\/\/focotocantinense.com.br\/wp-content\/uploads\/2025\/10\/2-Projeto-5-ultural-da-Associacao-Gurupiense-de-Artesaos-em-destaque-em-Gurupi-Foto-Letticia-Japuiassu-768x1024.jpg 768w, https:\/\/focotocantinense.com.br\/wp-content\/uploads\/2025\/10\/2-Projeto-5-ultural-da-Associacao-Gurupiense-de-Artesaos-em-destaque-em-Gurupi-Foto-Letticia-Japuiassu-225x300.jpg 225w, https:\/\/focotocantinense.com.br\/wp-content\/uploads\/2025\/10\/2-Projeto-5-ultural-da-Associacao-Gurupiense-de-Artesaos-em-destaque-em-Gurupi-Foto-Letticia-Japuiassu.jpg 960w\" sizes=\"auto, (max-width: 768px) 100vw, 768px\" \/><\/figure>\n\n\n\n<p><\/p>\n\n\n\n<p>Projeto da AGA, essa Mostra contou com o apoio especial do Comit\u00ea de Cultura no Tocantins \u2013 regional Sul\/Sudeste, cujos os integrantes fizeram um trabalho de orienta\u00e7\u00e3o aos fazedores de cultura que estavam participando do evento, sobre os principais mecanismos para participar dos editais da Pol\u00edtica Nacional Aldir Blanc.<\/p>\n\n\n\n<figure class=\"wp-block-image size-full\"><img loading=\"lazy\" decoding=\"async\" width=\"966\" height=\"462\" src=\"https:\/\/focotocantinense.com.br\/wp-content\/uploads\/2025\/10\/1-Projeto-Cultural-da-Associacao-Gurupiense-de-Artesaos-em-destaque-em-Gurupi-Foto-Letticia-Japuiassu.jpg\" alt=\"\" class=\"wp-image-11218\" srcset=\"https:\/\/focotocantinense.com.br\/wp-content\/uploads\/2025\/10\/1-Projeto-Cultural-da-Associacao-Gurupiense-de-Artesaos-em-destaque-em-Gurupi-Foto-Letticia-Japuiassu.jpg 966w, https:\/\/focotocantinense.com.br\/wp-content\/uploads\/2025\/10\/1-Projeto-Cultural-da-Associacao-Gurupiense-de-Artesaos-em-destaque-em-Gurupi-Foto-Letticia-Japuiassu-300x143.jpg 300w, https:\/\/focotocantinense.com.br\/wp-content\/uploads\/2025\/10\/1-Projeto-Cultural-da-Associacao-Gurupiense-de-Artesaos-em-destaque-em-Gurupi-Foto-Letticia-Japuiassu-768x367.jpg 768w\" sizes=\"auto, (max-width: 966px) 100vw, 966px\" \/><\/figure>\n\n\n\n<p><\/p>\n\n\n\n<p><strong>Promo\u00e7\u00e3o da diversidade<\/strong><\/p>\n\n\n\n<p>A coordenadora do Comit\u00ea de Cultura e presidente da Associa\u00e7\u00e3o Gurupiense de Artes\u00e3os, entidade organizadora dessa Mostra, Maria do Socorro Souza Barros, destacou que a iniciativa desse projeto sempre teve como foco a promo\u00e7\u00e3o da diversidade e a integra\u00e7\u00e3o social, bem como, a valoriza\u00e7\u00e3o de artistas PCDs (pessoas com defici\u00eancia), por meio de apresenta\u00e7\u00f5es art\u00edsticas em geral.<\/p>\n\n\n\n<p>\u201cEstamos propiciando um espa\u00e7o de visibilidade e reconhecimento a esse p\u00fablico espec\u00edfico de PCDs\u201d, explicou Maria do Socorro, salientando que al\u00e9m das apresenta\u00e7\u00f5es art\u00edsticas, a Mostra contou com uma diversificada exposi\u00e7\u00e3o de artesanato tradicional produzido por artes\u00e3os de Gurupi e de cidades circunvizinhas, promovendo, assim, da economia criativa.<\/p>\n\n\n\n<figure class=\"wp-block-image size-large\"><img loading=\"lazy\" decoding=\"async\" width=\"1024\" height=\"768\" src=\"https:\/\/focotocantinense.com.br\/wp-content\/uploads\/2025\/10\/15-OFICINA-DE-MARKETING-DIGINAL-NA-EDUCACAO.pptx-1024x768.jpg\" alt=\"\" class=\"wp-image-11223\" srcset=\"https:\/\/focotocantinense.com.br\/wp-content\/uploads\/2025\/10\/15-OFICINA-DE-MARKETING-DIGINAL-NA-EDUCACAO.pptx-1024x768.jpg 1024w, https:\/\/focotocantinense.com.br\/wp-content\/uploads\/2025\/10\/15-OFICINA-DE-MARKETING-DIGINAL-NA-EDUCACAO.pptx-300x225.jpg 300w, https:\/\/focotocantinense.com.br\/wp-content\/uploads\/2025\/10\/15-OFICINA-DE-MARKETING-DIGINAL-NA-EDUCACAO.pptx-768x576.jpg 768w, https:\/\/focotocantinense.com.br\/wp-content\/uploads\/2025\/10\/15-OFICINA-DE-MARKETING-DIGINAL-NA-EDUCACAO.pptx.jpg 1280w\" sizes=\"auto, (max-width: 1024px) 100vw, 1024px\" \/><\/figure>\n\n\n\n<p><\/p>\n\n\n\n<p><strong>Sobre o projeto<\/strong><\/p>\n\n\n\n<p>A 1\u00aa Mostra Cultural Artes Sem Limites de Gurupi \u00e9 um projeto realizado com recursos da Pol\u00edtica Nacional Aldir Blanc \u2013 PAAR 2024, do Minist\u00e9rio da Cultura, operacionalizados pela Secretaria da Cultura do Tocantins. Trata-se de uma iniciativa da AGA e tem como parceiros, o Comit\u00ea de Cultura no Tocantins, as prefeituras de Gurupi, Formoso do Araguaia e Peixe, por meio de seus \u00f3rg\u00e3os de Cultura, al\u00e9m da APAE.<\/p>\n\n\n\n<figure class=\"wp-block-image size-full is-resized\"><img loading=\"lazy\" decoding=\"async\" width=\"727\" height=\"184\" src=\"https:\/\/focotocantinense.com.br\/wp-content\/uploads\/2025\/10\/SHOW-DE-HUMOR-DE-VINICIUS-MARTINS-3.jpeg\" alt=\"\" class=\"wp-image-11214\" style=\"width:840px;height:auto\" srcset=\"https:\/\/focotocantinense.com.br\/wp-content\/uploads\/2025\/10\/SHOW-DE-HUMOR-DE-VINICIUS-MARTINS-3.jpeg 727w, https:\/\/focotocantinense.com.br\/wp-content\/uploads\/2025\/10\/SHOW-DE-HUMOR-DE-VINICIUS-MARTINS-3-300x76.jpeg 300w\" sizes=\"auto, (max-width: 727px) 100vw, 727px\" \/><\/figure>\n","protected":false},"excerpt":{"rendered":"<p>Por Zacarias martinsFotos: Lett\u00edcia Japiassu Na noite de quinta-feira, 17, o Centro Cultural Mauro Cunha foi o grande palco escolhido para a realiza\u00e7\u00e3o da culmin\u00e2ncia da 1\u00aa Mostra Cultural Artes Sem Limites de Gurupi que, anteriormente, contou com mais tr\u00eas etapas de realiza\u00e7\u00e3o: a primeira, em Formoso do Araguaia, a segunda, na cidade de Peixe &hellip;<\/p>\n","protected":false},"author":5,"featured_media":11213,"comment_status":"open","ping_status":"open","sticky":false,"template":"","format":"standard","meta":{"footnotes":""},"categories":[38],"tags":[],"class_list":["post-11212","post","type-post","status-publish","format-standard","has-post-thumbnail","","category-gurupi"],"_links":{"self":[{"href":"https:\/\/focotocantinense.com.br\/index.php?rest_route=\/wp\/v2\/posts\/11212","targetHints":{"allow":["GET"]}}],"collection":[{"href":"https:\/\/focotocantinense.com.br\/index.php?rest_route=\/wp\/v2\/posts"}],"about":[{"href":"https:\/\/focotocantinense.com.br\/index.php?rest_route=\/wp\/v2\/types\/post"}],"author":[{"embeddable":true,"href":"https:\/\/focotocantinense.com.br\/index.php?rest_route=\/wp\/v2\/users\/5"}],"replies":[{"embeddable":true,"href":"https:\/\/focotocantinense.com.br\/index.php?rest_route=%2Fwp%2Fv2%2Fcomments&post=11212"}],"version-history":[{"count":4,"href":"https:\/\/focotocantinense.com.br\/index.php?rest_route=\/wp\/v2\/posts\/11212\/revisions"}],"predecessor-version":[{"id":11224,"href":"https:\/\/focotocantinense.com.br\/index.php?rest_route=\/wp\/v2\/posts\/11212\/revisions\/11224"}],"wp:featuredmedia":[{"embeddable":true,"href":"https:\/\/focotocantinense.com.br\/index.php?rest_route=\/wp\/v2\/media\/11213"}],"wp:attachment":[{"href":"https:\/\/focotocantinense.com.br\/index.php?rest_route=%2Fwp%2Fv2%2Fmedia&parent=11212"}],"wp:term":[{"taxonomy":"category","embeddable":true,"href":"https:\/\/focotocantinense.com.br\/index.php?rest_route=%2Fwp%2Fv2%2Fcategories&post=11212"},{"taxonomy":"post_tag","embeddable":true,"href":"https:\/\/focotocantinense.com.br\/index.php?rest_route=%2Fwp%2Fv2%2Ftags&post=11212"}],"curies":[{"name":"wp","href":"https:\/\/api.w.org\/{rel}","templated":true}]}}