{"id":11198,"date":"2025-10-15T20:08:46","date_gmt":"2025-10-15T23:08:46","guid":{"rendered":"https:\/\/focotocantinense.com.br\/?p=11198"},"modified":"2025-10-15T20:22:38","modified_gmt":"2025-10-15T23:22:38","slug":"vereadora-raiza-guimaraes-e-nomeada-secretaria-executiva-de-turismo-do-tocantins","status":"publish","type":"post","link":"https:\/\/focotocantinense.com.br\/?p=11198","title":{"rendered":"Vereadora Raiza Guimar\u00e3es \u00e9 nomeada Secret\u00e1ria Executiva de Turismo do Tocantins"},"content":{"rendered":"\n<p><strong>Por Zacarias Martins<\/strong><\/p>\n\n\n\n<figure class=\"wp-block-image size-large is-resized\"><img loading=\"lazy\" decoding=\"async\" width=\"681\" height=\"1024\" src=\"https:\/\/focotocantinense.com.br\/wp-content\/uploads\/2025\/10\/RAIZA-681x1024.jpeg\" alt=\"\" class=\"wp-image-11201\" style=\"width:406px;height:auto\" srcset=\"https:\/\/focotocantinense.com.br\/wp-content\/uploads\/2025\/10\/RAIZA-681x1024.jpeg 681w, https:\/\/focotocantinense.com.br\/wp-content\/uploads\/2025\/10\/RAIZA-200x300.jpeg 200w, https:\/\/focotocantinense.com.br\/wp-content\/uploads\/2025\/10\/RAIZA-768x1154.jpeg 768w, https:\/\/focotocantinense.com.br\/wp-content\/uploads\/2025\/10\/RAIZA-1022x1536.jpeg 1022w, https:\/\/focotocantinense.com.br\/wp-content\/uploads\/2025\/10\/RAIZA-1363x2048.jpeg 1363w, https:\/\/focotocantinense.com.br\/wp-content\/uploads\/2025\/10\/RAIZA-scaled.jpeg 1703w\" sizes=\"auto, (max-width: 681px) 100vw, 681px\" \/><\/figure>\n\n\n\n<p><\/p>\n\n\n\n<p>Filiada ao PDT, Raiza Guimar\u00e3es, empres\u00e1ria no ramo de hotelaria e vereadora atuante no terceiro mandato em Lagoa da Confus\u00e3o, foi nomeada pelo Governador Laurez Moreira para assumir o cargo de Secret\u00e1ria Executiva da Secretaria de Turismo do Tocantins.<\/p>\n\n\n\n<p>Casada, m\u00e3e de tr\u00eas filhos, Raiza Guimar\u00e3es tamb\u00e9m \u00e9 advogada, e uma figura extremamente apaixonada pela cidade de Lagoa da Confus\u00e3o, onde, como vereadora sempre se destacou pelo trabalho constante na busca de mecanismos para o desenvolvimento do seu munic\u00edpio. No legislativo lagoense destaca-se, tamb\u00e9m, por constantemente apresentar proposituras de grande alcance social.<\/p>\n\n\n\n<p>Ao assumir o desafio de comandar a Secretaria Executiva do Turismo no Tocantins, Raiza Guimar\u00e3es garantiu fidelidade e profissionalismo \u00e0 confian\u00e7a nela depositada pelo governador Laurez Moreira.<\/p>\n\n\n\n<p>\u201cEu sou companheira e estou vindo para somar e serei fiel \u00e0 gest\u00e3o do governador Laurez Moreira, porque a sinceridade est\u00e1 acima de tudo. E eu farei o melhor de mim\u201d, afirmou Ra\u00edza.<\/p>\n\n\n\n<figure class=\"wp-block-image size-full is-resized\"><img loading=\"lazy\" decoding=\"async\" width=\"727\" height=\"184\" src=\"https:\/\/focotocantinense.com.br\/wp-content\/uploads\/2025\/10\/SHOW-DE-HUMOR-DE-VINICIUS-MARTINS-1.jpeg\" alt=\"\" class=\"wp-image-11200\" style=\"width:840px;height:auto\" srcset=\"https:\/\/focotocantinense.com.br\/wp-content\/uploads\/2025\/10\/SHOW-DE-HUMOR-DE-VINICIUS-MARTINS-1.jpeg 727w, https:\/\/focotocantinense.com.br\/wp-content\/uploads\/2025\/10\/SHOW-DE-HUMOR-DE-VINICIUS-MARTINS-1-300x76.jpeg 300w\" sizes=\"auto, (max-width: 727px) 100vw, 727px\" \/><\/figure>\n","protected":false},"excerpt":{"rendered":"<p>Por Zacarias Martins Filiada ao PDT, Raiza Guimar\u00e3es, empres\u00e1ria no ramo de hotelaria e vereadora atuante no terceiro mandato em Lagoa da Confus\u00e3o, foi nomeada pelo Governador Laurez Moreira para assumir o cargo de Secret\u00e1ria Executiva da Secretaria de Turismo do Tocantins. Casada, m\u00e3e de tr\u00eas filhos, Raiza Guimar\u00e3es tamb\u00e9m \u00e9 advogada, e uma figura &hellip;<\/p>\n","protected":false},"author":5,"featured_media":11199,"comment_status":"open","ping_status":"open","sticky":false,"template":"","format":"standard","meta":{"footnotes":""},"categories":[71],"tags":[],"class_list":["post-11198","post","type-post","status-publish","format-standard","has-post-thumbnail","","category-lagoa-da-confusao"],"_links":{"self":[{"href":"https:\/\/focotocantinense.com.br\/index.php?rest_route=\/wp\/v2\/posts\/11198","targetHints":{"allow":["GET"]}}],"collection":[{"href":"https:\/\/focotocantinense.com.br\/index.php?rest_route=\/wp\/v2\/posts"}],"about":[{"href":"https:\/\/focotocantinense.com.br\/index.php?rest_route=\/wp\/v2\/types\/post"}],"author":[{"embeddable":true,"href":"https:\/\/focotocantinense.com.br\/index.php?rest_route=\/wp\/v2\/users\/5"}],"replies":[{"embeddable":true,"href":"https:\/\/focotocantinense.com.br\/index.php?rest_route=%2Fwp%2Fv2%2Fcomments&post=11198"}],"version-history":[{"count":4,"href":"https:\/\/focotocantinense.com.br\/index.php?rest_route=\/wp\/v2\/posts\/11198\/revisions"}],"predecessor-version":[{"id":11205,"href":"https:\/\/focotocantinense.com.br\/index.php?rest_route=\/wp\/v2\/posts\/11198\/revisions\/11205"}],"wp:featuredmedia":[{"embeddable":true,"href":"https:\/\/focotocantinense.com.br\/index.php?rest_route=\/wp\/v2\/media\/11199"}],"wp:attachment":[{"href":"https:\/\/focotocantinense.com.br\/index.php?rest_route=%2Fwp%2Fv2%2Fmedia&parent=11198"}],"wp:term":[{"taxonomy":"category","embeddable":true,"href":"https:\/\/focotocantinense.com.br\/index.php?rest_route=%2Fwp%2Fv2%2Fcategories&post=11198"},{"taxonomy":"post_tag","embeddable":true,"href":"https:\/\/focotocantinense.com.br\/index.php?rest_route=%2Fwp%2Fv2%2Ftags&post=11198"}],"curies":[{"name":"wp","href":"https:\/\/api.w.org\/{rel}","templated":true}]}}