{"id":11194,"date":"2025-10-14T16:04:18","date_gmt":"2025-10-14T19:04:18","guid":{"rendered":"https:\/\/focotocantinense.com.br\/?p=11194"},"modified":"2025-10-14T16:04:18","modified_gmt":"2025-10-14T19:04:18","slug":"sindjus-debate-as-transformacoes-no-mundo-do-trabalho-com-ministros-do-tst-durante-evento-em-palmas","status":"publish","type":"post","link":"https:\/\/focotocantinense.com.br\/?p=11194","title":{"rendered":"Sindjus debate as transforma\u00e7\u00f5es no mundo do trabalho com ministros do TST durante evento em Palmas"},"content":{"rendered":"\n<p>Congresso Tocantinense de Direito e Processo do Trabalho reuniu autoridades, servidores e especialistas para discutir desafios e inova\u00e7\u00f5es nas rela\u00e7\u00f5es trabalhistas no Brasil<\/p>\n\n\n\n<figure class=\"wp-block-image size-large is-resized\"><img loading=\"lazy\" decoding=\"async\" width=\"1024\" height=\"839\" src=\"https:\/\/focotocantinense.com.br\/wp-content\/uploads\/2025\/10\/WhatsApp-Image-2025-10-14-at-16.01.21-1024x839.jpeg\" alt=\"\" class=\"wp-image-11195\" style=\"width:382px;height:auto\" srcset=\"https:\/\/focotocantinense.com.br\/wp-content\/uploads\/2025\/10\/WhatsApp-Image-2025-10-14-at-16.01.21-1024x839.jpeg 1024w, https:\/\/focotocantinense.com.br\/wp-content\/uploads\/2025\/10\/WhatsApp-Image-2025-10-14-at-16.01.21-300x246.jpeg 300w, https:\/\/focotocantinense.com.br\/wp-content\/uploads\/2025\/10\/WhatsApp-Image-2025-10-14-at-16.01.21-768x629.jpeg 768w, https:\/\/focotocantinense.com.br\/wp-content\/uploads\/2025\/10\/WhatsApp-Image-2025-10-14-at-16.01.21.jpeg 1280w\" sizes=\"auto, (max-width: 1024px) 100vw, 1024px\" \/><\/figure>\n\n\n\n<h2 class=\"wp-block-heading\">Ministro do TST Douglas Alencar, desembargadora Angela Prudente, o presidente do Sindjus, Costa Neto, o desembargador vice-presidente e corregedor do TRT10, Jos\u00e9 Leone Cordeiro  <\/h2>\n\n\n\n<p>A confer\u00eancia de abertura, realizada na quinta-feira (9\/10), foi conduzida pelo ministro do TST Douglas Alencar Rodrigues e presidida pelo desembargador Ribamar Lima J\u00fanior, presidente do TRT-10. Durante sua exposi\u00e7\u00e3o, o ministro destacou a import\u00e2ncia de repensar as estruturas jur\u00eddicas diante das novas din\u00e2micas sociais e tecnol\u00f3gicas que afetam diretamente as rela\u00e7\u00f5es de trabalho.<\/p>\n\n\n\n<p>O encerramento, na sexta-feira (10\/10), ficou a cargo do ministro do TST Maur\u00edcio Godinho Delgado, que abordou o tema \u201cDireito do Trabalho e o Mundo do Trabalho em Transforma\u00e7\u00e3o\u201d. Em sua fala, ele refor\u00e7ou a necessidade de equilibrar inova\u00e7\u00e3o e prote\u00e7\u00e3o social, ressaltando que as mudan\u00e7as devem estar a servi\u00e7o da dignidade do trabalhador.<\/p>\n\n\n\n<p>Para o presidente do Sindjus, Costa Neto, o Congresso consolidou-se como espa\u00e7o de di\u00e1logo e constru\u00e7\u00e3o coletiva sobre o futuro das rela\u00e7\u00f5es trabalhistas. \u201cAcompanhar o debate sobre inova\u00e7\u00e3o e os rumos da Justi\u00e7a \u00e9 essencial para garantir que a transforma\u00e7\u00e3o do mundo do trabalho inclua, de fato, a valoriza\u00e7\u00e3o e o aprimoramento das condi\u00e7\u00f5es de trabalho. O Sindjus est\u00e1 comprometido com a efetividade e a moderniza\u00e7\u00e3o da Justi\u00e7a\u201d, afirmou.<\/p>\n\n\n\n<p>O evento refor\u00e7ou ainda o papel da Justi\u00e7a do Trabalho como agente de transforma\u00e7\u00e3o social e fomentou reflex\u00f5es sobre como a tecnologia, a economia e as novas formas de contrata\u00e7\u00e3o est\u00e3o moldando o presente e o futuro das rela\u00e7\u00f5es de trabalho no Brasil.<\/p>\n","protected":false},"excerpt":{"rendered":"<p>Congresso Tocantinense de Direito e Processo do Trabalho reuniu autoridades, servidores e especialistas para discutir desafios e inova\u00e7\u00f5es nas rela\u00e7\u00f5es trabalhistas no Brasil Ministro do TST Douglas Alencar, desembargadora Angela Prudente, o presidente do Sindjus, Costa Neto, o desembargador vice-presidente e corregedor do TRT10, Jos\u00e9 Leone Cordeiro A confer\u00eancia de abertura, realizada na quinta-feira (9\/10), &hellip;<\/p>\n","protected":false},"author":5,"featured_media":11195,"comment_status":"open","ping_status":"open","sticky":false,"template":"","format":"standard","meta":{"footnotes":""},"categories":[1],"tags":[],"class_list":["post-11194","post","type-post","status-publish","format-standard","has-post-thumbnail","","category-sem-categoria"],"_links":{"self":[{"href":"https:\/\/focotocantinense.com.br\/index.php?rest_route=\/wp\/v2\/posts\/11194","targetHints":{"allow":["GET"]}}],"collection":[{"href":"https:\/\/focotocantinense.com.br\/index.php?rest_route=\/wp\/v2\/posts"}],"about":[{"href":"https:\/\/focotocantinense.com.br\/index.php?rest_route=\/wp\/v2\/types\/post"}],"author":[{"embeddable":true,"href":"https:\/\/focotocantinense.com.br\/index.php?rest_route=\/wp\/v2\/users\/5"}],"replies":[{"embeddable":true,"href":"https:\/\/focotocantinense.com.br\/index.php?rest_route=%2Fwp%2Fv2%2Fcomments&post=11194"}],"version-history":[{"count":1,"href":"https:\/\/focotocantinense.com.br\/index.php?rest_route=\/wp\/v2\/posts\/11194\/revisions"}],"predecessor-version":[{"id":11196,"href":"https:\/\/focotocantinense.com.br\/index.php?rest_route=\/wp\/v2\/posts\/11194\/revisions\/11196"}],"wp:featuredmedia":[{"embeddable":true,"href":"https:\/\/focotocantinense.com.br\/index.php?rest_route=\/wp\/v2\/media\/11195"}],"wp:attachment":[{"href":"https:\/\/focotocantinense.com.br\/index.php?rest_route=%2Fwp%2Fv2%2Fmedia&parent=11194"}],"wp:term":[{"taxonomy":"category","embeddable":true,"href":"https:\/\/focotocantinense.com.br\/index.php?rest_route=%2Fwp%2Fv2%2Fcategories&post=11194"},{"taxonomy":"post_tag","embeddable":true,"href":"https:\/\/focotocantinense.com.br\/index.php?rest_route=%2Fwp%2Fv2%2Ftags&post=11194"}],"curies":[{"name":"wp","href":"https:\/\/api.w.org\/{rel}","templated":true}]}}