{"id":11184,"date":"2025-10-13T15:07:10","date_gmt":"2025-10-13T18:07:10","guid":{"rendered":"https:\/\/focotocantinense.com.br\/?p=11184"},"modified":"2025-10-13T15:10:06","modified_gmt":"2025-10-13T18:10:06","slug":"gurupi-recebeu-a-1a-mostra-cultural-artes-sem-limites","status":"publish","type":"post","link":"https:\/\/focotocantinense.com.br\/?p=11184","title":{"rendered":"Gurupi recebeu a 1\u00aa Mostra Cultural Artes Sem Limites"},"content":{"rendered":"\n<p>Numa iniciativa da AGA \u2013 Associa\u00e7\u00e3o Gurupiense de Artes\u00e3os, foi realizada no s\u00e1bado, 11, a 1\u00aa Mostra Cultural Artes Sem Limites de Gurupi, que aconteceu no palco externo do Centro Cultural Mauro Cunha e no espa\u00e7o da Feirinha da Amizade.<\/p>\n\n\n\n<p>A iniciativa contou com o envolvimento ativo de fazedores da cultura local, al\u00e9m de alunos da APAE, seus familiares e o p\u00fablico em geral, prestigiando o acontecimento.<\/p>\n\n\n\n<p>Na oportunidade, integrantes do Comit\u00ea de Cultura no Tocantins \u2013 Regional Sul\/Sudeste, fizeram um trabalho de orienta\u00e7\u00e3o aos fazedores de cultura que estavam participando do evento, sobre os principais mecanismos para participar dos editais da Pol\u00edtica Nacional Aldir Blanc.<\/p>\n\n\n\n<figure class=\"wp-block-image size-large is-resized\"><img loading=\"lazy\" decoding=\"async\" width=\"768\" height=\"1024\" src=\"https:\/\/focotocantinense.com.br\/wp-content\/uploads\/2025\/10\/9-GURUPI-LETTICVIA-768x1024.jpeg\" alt=\"\" class=\"wp-image-11186\" style=\"width:393px;height:auto\" srcset=\"https:\/\/focotocantinense.com.br\/wp-content\/uploads\/2025\/10\/9-GURUPI-LETTICVIA-768x1024.jpeg 768w, https:\/\/focotocantinense.com.br\/wp-content\/uploads\/2025\/10\/9-GURUPI-LETTICVIA-225x300.jpeg 225w, https:\/\/focotocantinense.com.br\/wp-content\/uploads\/2025\/10\/9-GURUPI-LETTICVIA.jpeg 960w\" sizes=\"auto, (max-width: 768px) 100vw, 768px\" \/><\/figure>\n\n\n\n<p><\/p>\n\n\n\n<p><strong>Promo\u00e7\u00e3o da diversidade<\/strong><br>A coordenadora do Comit\u00ea de Cultura e presidente da Associa\u00e7\u00e3o Gurupiense de Artes\u00e3os, entidade organizadora dessa Mostra, Maria do Socorro Souza Barros, destacou que esse evento teve como foco a promo\u00e7\u00e3o da diversidade e a integra\u00e7\u00e3o social, bem como, a valoriza\u00e7\u00e3o de artistas PCDs (pessoas com defici\u00eancia), por meio de apresenta\u00e7\u00f5es art\u00edsticas em geral.<\/p>\n\n\n\n<figure class=\"wp-block-image size-large\"><img loading=\"lazy\" decoding=\"async\" width=\"1024\" height=\"768\" src=\"https:\/\/focotocantinense.com.br\/wp-content\/uploads\/2025\/10\/1-GURUPI-FOTO-LETTICIA-JAPIASSU-1024x768.jpeg\" alt=\"\" class=\"wp-image-11188\" srcset=\"https:\/\/focotocantinense.com.br\/wp-content\/uploads\/2025\/10\/1-GURUPI-FOTO-LETTICIA-JAPIASSU-1024x768.jpeg 1024w, https:\/\/focotocantinense.com.br\/wp-content\/uploads\/2025\/10\/1-GURUPI-FOTO-LETTICIA-JAPIASSU-300x225.jpeg 300w, https:\/\/focotocantinense.com.br\/wp-content\/uploads\/2025\/10\/1-GURUPI-FOTO-LETTICIA-JAPIASSU-768x576.jpeg 768w, https:\/\/focotocantinense.com.br\/wp-content\/uploads\/2025\/10\/1-GURUPI-FOTO-LETTICIA-JAPIASSU.jpeg 1280w\" sizes=\"auto, (max-width: 1024px) 100vw, 1024px\" \/><\/figure>\n\n\n\n<p><\/p>\n\n\n\n<p>\u201cEstamos propiciando um espa\u00e7o de visibilidade e reconhecimento a esse p\u00fablico espec\u00edfico de PCDs\u201d, explicou Maria do Socorro, salientando que al\u00e9m das apresenta\u00e7\u00f5es art\u00edsticas, a Mostra contou com uma diversificada exposi\u00e7\u00e3o de artesanato tradicional produzido por artes\u00e3os de Gurupi e de cidades circunvizinhas, promovendo, assim, da economia criativa.<\/p>\n\n\n\n<figure class=\"wp-block-image size-large\"><img loading=\"lazy\" decoding=\"async\" width=\"1024\" height=\"768\" src=\"https:\/\/focotocantinense.com.br\/wp-content\/uploads\/2025\/10\/turma-do-comite-1024x768.jpeg\" alt=\"\" class=\"wp-image-11185\" srcset=\"https:\/\/focotocantinense.com.br\/wp-content\/uploads\/2025\/10\/turma-do-comite-1024x768.jpeg 1024w, https:\/\/focotocantinense.com.br\/wp-content\/uploads\/2025\/10\/turma-do-comite-300x225.jpeg 300w, https:\/\/focotocantinense.com.br\/wp-content\/uploads\/2025\/10\/turma-do-comite-768x576.jpeg 768w, https:\/\/focotocantinense.com.br\/wp-content\/uploads\/2025\/10\/turma-do-comite.jpeg 1280w\" sizes=\"auto, (max-width: 1024px) 100vw, 1024px\" \/><\/figure>\n\n\n\n<p><\/p>\n\n\n\n<p><strong>Sobre o projeto<\/strong><br>A 1\u00aa Mostra Cultural Artes Sem Limites de Gurupi \u00e9 um Projeto realizado com recursos da Pol\u00edtica Nacional Aldir Blanc \u2013 PAAR 2024, do Minist\u00e9rio da Cultura, operacionalizados pela Secretaria da Cultura do Tocantins. Trata-se de uma iniciativa da AGA e tem como parceiros, o Comit\u00ea de Cultura no Tocantins, as prefeituras de Gurupi, Formoso do Araguaia e Peixe, por meio de seus \u00f3rg\u00e3os de Cultura, al\u00e9m da APAE.<\/p>\n\n\n\n<figure class=\"wp-block-image size-large\"><img loading=\"lazy\" decoding=\"async\" width=\"768\" height=\"1024\" src=\"https:\/\/focotocantinense.com.br\/wp-content\/uploads\/2025\/10\/6-GURUPI-LETTICIAS-768x1024.jpeg\" alt=\"\" class=\"wp-image-11192\" srcset=\"https:\/\/focotocantinense.com.br\/wp-content\/uploads\/2025\/10\/6-GURUPI-LETTICIAS-768x1024.jpeg 768w, https:\/\/focotocantinense.com.br\/wp-content\/uploads\/2025\/10\/6-GURUPI-LETTICIAS-225x300.jpeg 225w, https:\/\/focotocantinense.com.br\/wp-content\/uploads\/2025\/10\/6-GURUPI-LETTICIAS.jpeg 960w\" sizes=\"auto, (max-width: 768px) 100vw, 768px\" \/><\/figure>\n\n\n\n<p><\/p>\n\n\n\n<figure class=\"wp-block-image size-large\"><img loading=\"lazy\" decoding=\"async\" width=\"1024\" height=\"768\" src=\"https:\/\/focotocantinense.com.br\/wp-content\/uploads\/2025\/10\/3-gurupi-turma-da-capoeira-1024x768.jpg\" alt=\"\" class=\"wp-image-11191\" srcset=\"https:\/\/focotocantinense.com.br\/wp-content\/uploads\/2025\/10\/3-gurupi-turma-da-capoeira-1024x768.jpg 1024w, https:\/\/focotocantinense.com.br\/wp-content\/uploads\/2025\/10\/3-gurupi-turma-da-capoeira-300x225.jpg 300w, https:\/\/focotocantinense.com.br\/wp-content\/uploads\/2025\/10\/3-gurupi-turma-da-capoeira-768x576.jpg 768w, https:\/\/focotocantinense.com.br\/wp-content\/uploads\/2025\/10\/3-gurupi-turma-da-capoeira.jpg 1280w\" sizes=\"auto, (max-width: 1024px) 100vw, 1024px\" \/><\/figure>\n\n\n\n<p><\/p>\n\n\n\n<figure class=\"wp-block-image size-full is-resized\"><img loading=\"lazy\" decoding=\"async\" width=\"727\" height=\"184\" src=\"https:\/\/focotocantinense.com.br\/wp-content\/uploads\/2025\/10\/SHOW-DE-HUMOR-DE-VINICIUS-MARTINS.jpeg\" alt=\"\" class=\"wp-image-11190\" style=\"width:840px;height:auto\" srcset=\"https:\/\/focotocantinense.com.br\/wp-content\/uploads\/2025\/10\/SHOW-DE-HUMOR-DE-VINICIUS-MARTINS.jpeg 727w, https:\/\/focotocantinense.com.br\/wp-content\/uploads\/2025\/10\/SHOW-DE-HUMOR-DE-VINICIUS-MARTINS-300x76.jpeg 300w\" sizes=\"auto, (max-width: 727px) 100vw, 727px\" \/><\/figure>\n","protected":false},"excerpt":{"rendered":"<p>Numa iniciativa da AGA \u2013 Associa\u00e7\u00e3o Gurupiense de Artes\u00e3os, foi realizada no s\u00e1bado, 11, a 1\u00aa Mostra Cultural Artes Sem Limites de Gurupi, que aconteceu no palco externo do Centro Cultural Mauro Cunha e no espa\u00e7o da Feirinha da Amizade. A iniciativa contou com o envolvimento ativo de fazedores da cultura local, al\u00e9m de alunos &hellip;<\/p>\n","protected":false},"author":5,"featured_media":11185,"comment_status":"open","ping_status":"open","sticky":false,"template":"","format":"standard","meta":{"footnotes":""},"categories":[38],"tags":[],"class_list":["post-11184","post","type-post","status-publish","format-standard","has-post-thumbnail","","category-gurupi"],"_links":{"self":[{"href":"https:\/\/focotocantinense.com.br\/index.php?rest_route=\/wp\/v2\/posts\/11184","targetHints":{"allow":["GET"]}}],"collection":[{"href":"https:\/\/focotocantinense.com.br\/index.php?rest_route=\/wp\/v2\/posts"}],"about":[{"href":"https:\/\/focotocantinense.com.br\/index.php?rest_route=\/wp\/v2\/types\/post"}],"author":[{"embeddable":true,"href":"https:\/\/focotocantinense.com.br\/index.php?rest_route=\/wp\/v2\/users\/5"}],"replies":[{"embeddable":true,"href":"https:\/\/focotocantinense.com.br\/index.php?rest_route=%2Fwp%2Fv2%2Fcomments&post=11184"}],"version-history":[{"count":3,"href":"https:\/\/focotocantinense.com.br\/index.php?rest_route=\/wp\/v2\/posts\/11184\/revisions"}],"predecessor-version":[{"id":11193,"href":"https:\/\/focotocantinense.com.br\/index.php?rest_route=\/wp\/v2\/posts\/11184\/revisions\/11193"}],"wp:featuredmedia":[{"embeddable":true,"href":"https:\/\/focotocantinense.com.br\/index.php?rest_route=\/wp\/v2\/media\/11185"}],"wp:attachment":[{"href":"https:\/\/focotocantinense.com.br\/index.php?rest_route=%2Fwp%2Fv2%2Fmedia&parent=11184"}],"wp:term":[{"taxonomy":"category","embeddable":true,"href":"https:\/\/focotocantinense.com.br\/index.php?rest_route=%2Fwp%2Fv2%2Fcategories&post=11184"},{"taxonomy":"post_tag","embeddable":true,"href":"https:\/\/focotocantinense.com.br\/index.php?rest_route=%2Fwp%2Fv2%2Ftags&post=11184"}],"curies":[{"name":"wp","href":"https:\/\/api.w.org\/{rel}","templated":true}]}}