{"id":11180,"date":"2025-10-12T15:12:07","date_gmt":"2025-10-12T18:12:07","guid":{"rendered":"https:\/\/focotocantinense.com.br\/?p=11180"},"modified":"2025-10-12T15:12:52","modified_gmt":"2025-10-12T18:12:52","slug":"ana-marcia-barros-lanca-vestigios-seu-mais-recente-livro-de-poemas","status":"publish","type":"post","link":"https:\/\/focotocantinense.com.br\/?p=11180","title":{"rendered":"Ana M\u00e1rcia Barros lan\u00e7a \u201cVest\u00edgios\u201d, seu mais recente livro de poemas"},"content":{"rendered":"\n<p><strong>Por Laura Lopez<\/strong><\/p>\n\n\n\n<p>A Editora Veloso acaba de lan\u00e7ar o livro de poemas&nbsp; intitulado de&nbsp;<em><strong>\u201cVest\u00edgios<\/strong><\/em>\u201d, de autoria da&nbsp; poetisa gurupiense Ana M\u00e1rcia Barros, que integra os quadros de membros efetivos da Academia Gurupiense de Letras (AGL).<\/p>\n\n\n\n<p>A obra \u00e9 prefaciada pelo poeta e editor Eliosmar Veloso, afirmando que a verve po\u00e9tica de Ana M\u00e1rcia Barros revela a beleza que permeia os momentos mais simples da vida.<\/p>\n\n\n\n<figure class=\"wp-block-image size-large is-resized\"><img loading=\"lazy\" decoding=\"async\" width=\"1024\" height=\"768\" src=\"https:\/\/focotocantinense.com.br\/wp-content\/uploads\/2025\/10\/Poetisa-Ana-Marcia-barros-foto-Divulgacao-1024x768.jpeg\" alt=\"\" class=\"wp-image-11181\" style=\"width:410px;height:auto\" srcset=\"https:\/\/focotocantinense.com.br\/wp-content\/uploads\/2025\/10\/Poetisa-Ana-Marcia-barros-foto-Divulgacao-1024x768.jpeg 1024w, https:\/\/focotocantinense.com.br\/wp-content\/uploads\/2025\/10\/Poetisa-Ana-Marcia-barros-foto-Divulgacao-300x225.jpeg 300w, https:\/\/focotocantinense.com.br\/wp-content\/uploads\/2025\/10\/Poetisa-Ana-Marcia-barros-foto-Divulgacao-768x576.jpeg 768w, https:\/\/focotocantinense.com.br\/wp-content\/uploads\/2025\/10\/Poetisa-Ana-Marcia-barros-foto-Divulgacao-1536x1152.jpeg 1536w, https:\/\/focotocantinense.com.br\/wp-content\/uploads\/2025\/10\/Poetisa-Ana-Marcia-barros-foto-Divulgacao.jpeg 1600w\" sizes=\"auto, (max-width: 1024px) 100vw, 1024px\" \/><\/figure>\n\n\n\n<p><\/p>\n\n\n\n<p>Na \u00f3tica de Veloso,&nbsp;<em><strong>\u201cVest\u00edgios&#8221;<\/strong><\/em>&nbsp;\u00e9 mais do que um livro de poemas. \u201c\u00c9 uma celebra\u00e7\u00e3o da vida em suas m\u00faltiplas facetas\u201d,&nbsp; garante &nbsp;o editor, ressaltando que em versos delicados e profundos, a autora nos convida a redescobrira magia que existe em nossa rotina, instigando-nos a olhar com mais aten\u00e7\u00e3o ao nosso redor e a valorizar a cada instante.<\/p>\n\n\n\n<p><strong>Sobre a autora<\/strong><\/p>\n\n\n\n<p>Ana M\u00e1rcia Souza Barros \u00e9 poeta, estreou oficialmente no mundo da literatura, em meados de 1998, quando participou da Antologia Liter\u00e1ria Internacional Del&#8217;Secchi, organizada em Vassouras (RJ), por Roberto de Castro Del&#8217;Secch. Nesse mesmo ano, participou da Antologia Mensageiro em Prosa &amp; Verso, publicada em Porto Alegre (RS), pelo editor Arthur Filho. J\u00e1 em 1999, participou do livro 2\u00ba Encontro de Escritores, publicado pela Livraria e Editora Borkc, da cidade ga\u00facha de S\u00e3o Luiz Gonzaga. Tamb\u00e9m nesse mesmo ano, teve trabalhos inseridos no primeiro volume da Antologia Liter\u00e1ria da Universidade do Paran\u00e1 &#8211; Unipar e no Anu\u00e1rio de Poetas e Escritores de Gurupi.<\/p>\n\n\n\n<p>\u00c9 verbete no Dicion\u00e1rio Biobibliogr\u00e1fico de Autores Brasileiros Contempor\u00e2neos, publicado em 1997 em Teresina (PI), sob a organiza\u00e7\u00e3o de Adri\u00e3o Neto. Tamb\u00e9m se encontra presente no Endere\u00e7\u00e1rio Cultural, publicado em Santa Catarina pelo ativista cultural Abel Pereira. \u00c9 titular da Academia Gurupiense de Letras (AGL), onde ocupa a Cadeira de n\u00ba 05, tendo ocupado o cargo de presidente da entidade, de 2009 a 2011.<\/p>\n\n\n\n<p>Pertence ainda, a Academia Petropolitana de Poesia Raul de Leoni (RJ), Associa\u00e7\u00e3o de Escritores do Amazonas, Casa do Poeta Belmiro Braga, de Juiz de Fora (MG), Casa do Poeta e do Escritor de Ribeiro Preto (SP) e Sociedade de Cultura Latina do Brasil. Integrou o Col\u00e9gio Eleitoral do Pr\u00eamio Multicultural Estad\u00e3o 2000. \u00c9 autora do livro \u201cCaminhos\u201d (poesias), publicado em 2000, dentre outros.<\/p>\n\n\n\n<p>Foi contemplada pelo Edital da Pol\u00edtica Cultural Aldir Blanc 2024, com o \u201c Projeto Leia Mulheres Negras\u201d, que tem como foco incentivar a literatura da mulher afro-brasileira e fomentar a discuss\u00e3o e a aprecia\u00e7\u00e3o de textos de escritoras negras que muitas vezes foram invisibilizadas n\u00e3o s\u00f3 nas escolas, mas tamb\u00e9m na literatura brasileira em geral. Paralelo \u00e0 esse projeto, publicou pela Editora Veloso, a segunda edi\u00e7\u00e3o de seu livro de poemas \u201cPelo Retrovisor\u201d.<\/p>\n","protected":false},"excerpt":{"rendered":"<p>Por Laura Lopez A Editora Veloso acaba de lan\u00e7ar o livro de poemas&nbsp; intitulado de&nbsp;\u201cVest\u00edgios\u201d, de autoria da&nbsp; poetisa gurupiense Ana M\u00e1rcia Barros, que integra os quadros de membros efetivos da Academia Gurupiense de Letras (AGL). A obra \u00e9 prefaciada pelo poeta e editor Eliosmar Veloso, afirmando que a verve po\u00e9tica de Ana M\u00e1rcia Barros &hellip;<\/p>\n","protected":false},"author":5,"featured_media":11181,"comment_status":"open","ping_status":"open","sticky":false,"template":"","format":"standard","meta":{"footnotes":""},"categories":[38],"tags":[],"class_list":["post-11180","post","type-post","status-publish","format-standard","has-post-thumbnail","","category-gurupi"],"_links":{"self":[{"href":"https:\/\/focotocantinense.com.br\/index.php?rest_route=\/wp\/v2\/posts\/11180","targetHints":{"allow":["GET"]}}],"collection":[{"href":"https:\/\/focotocantinense.com.br\/index.php?rest_route=\/wp\/v2\/posts"}],"about":[{"href":"https:\/\/focotocantinense.com.br\/index.php?rest_route=\/wp\/v2\/types\/post"}],"author":[{"embeddable":true,"href":"https:\/\/focotocantinense.com.br\/index.php?rest_route=\/wp\/v2\/users\/5"}],"replies":[{"embeddable":true,"href":"https:\/\/focotocantinense.com.br\/index.php?rest_route=%2Fwp%2Fv2%2Fcomments&post=11180"}],"version-history":[{"count":2,"href":"https:\/\/focotocantinense.com.br\/index.php?rest_route=\/wp\/v2\/posts\/11180\/revisions"}],"predecessor-version":[{"id":11183,"href":"https:\/\/focotocantinense.com.br\/index.php?rest_route=\/wp\/v2\/posts\/11180\/revisions\/11183"}],"wp:featuredmedia":[{"embeddable":true,"href":"https:\/\/focotocantinense.com.br\/index.php?rest_route=\/wp\/v2\/media\/11181"}],"wp:attachment":[{"href":"https:\/\/focotocantinense.com.br\/index.php?rest_route=%2Fwp%2Fv2%2Fmedia&parent=11180"}],"wp:term":[{"taxonomy":"category","embeddable":true,"href":"https:\/\/focotocantinense.com.br\/index.php?rest_route=%2Fwp%2Fv2%2Fcategories&post=11180"},{"taxonomy":"post_tag","embeddable":true,"href":"https:\/\/focotocantinense.com.br\/index.php?rest_route=%2Fwp%2Fv2%2Ftags&post=11180"}],"curies":[{"name":"wp","href":"https:\/\/api.w.org\/{rel}","templated":true}]}}