{"id":1118,"date":"2021-04-18T11:33:26","date_gmt":"2021-04-18T14:33:26","guid":{"rendered":"http:\/\/focotocantinense.com.br\/?p=1118"},"modified":"2021-04-18T11:35:16","modified_gmt":"2021-04-18T14:35:16","slug":"academicos-da-ufnt-lancam-livro-sobre-literatura-tocantinense","status":"publish","type":"post","link":"https:\/\/focotocantinense.com.br\/?p=1118","title":{"rendered":"Acad\u00eamicos da UFNT lan\u00e7am livro sobre literatura tocantinense"},"content":{"rendered":"\n<p><strong>Por Zacarias Martins<\/strong><\/p>\n\n\n\n<p>Acad\u00eamicos dos cursos de Geografia e de Letras da Universidade Federal do Norte do Tocantins (UFTN), em Aragua\u00edna, &nbsp;lan\u00e7am nesta segunda-feira, \u00e0s 19h30min o livro&nbsp; \u201c<strong><em>Passeando pela Literatura do Tocantins<\/em><\/strong><em>\u201d&nbsp;<\/em>(Editora Veloso), com 30 resenhas breves a respeito de livros escritos por autores do Estado.<\/p>\n\n\n\n<p>A obra foi organizada pelo professor Pedro Albeirice da Rocha, que \u00e9 doutor em Teoria Liter\u00e1ria e respons\u00e1vel pelas disciplinas de Leitura e Produ\u00e7\u00e3o de Textos e Gram\u00e1tica Normativa e An\u00e1lise Lingu\u00edstica.<\/p>\n\n\n\n<p>Trata-se de mais um livro organizado pelo referido professor, com o objetivo de difundir as letras tocantinenses, na esteira de \u201c<strong><em>Um Olhar sobre a Literatura Tocantinense<\/em><\/strong><em>\u201d&nbsp;<\/em>&nbsp;(2019) e da \u201c<strong>Enciclop\u00e9dia&nbsp;<em>Literatura Tocantinense \u2013 Entrevistas<\/em>, com cinco volumes\u201d&nbsp;<\/strong>(2020), &nbsp;publica\u00e7\u00f5es tamb\u00e9m pela&nbsp; Editora Veloso&nbsp; cuja edi\u00e7\u00f5es&nbsp; movimentaram o cen\u00e1rio liter\u00e1rio&nbsp; do Tocantins.<\/p>\n\n\n\n<p>Interessados na obra podem comunicar-se com o organizador pelo WhatsApp (63) 9 9204- 1566. O lan\u00e7amento acontecer\u00e1 via&nbsp;<em>Google<\/em>&nbsp;<em>Meet<\/em>&nbsp;e o link para participa\u00e7\u00e3o \u00e9 meet.google.com\/vfx-urgc-hyd<\/p>\n\n\n\n<figure class=\"wp-block-image\"><img decoding=\"async\" src=\"https:\/\/www.n1to.com.br\/img\/cache\/800x400\/80\/crop\/Imagem-3421abd1191ab8ef5d02bea1ccff74dd.jpg\" alt=\"\"\/><\/figure>\n","protected":false},"excerpt":{"rendered":"<p>Por Zacarias Martins Acad\u00eamicos dos cursos de Geografia e de Letras da Universidade Federal do Norte do Tocantins (UFTN), em Aragua\u00edna, &nbsp;lan\u00e7am nesta segunda-feira, \u00e0s 19h30min o livro&nbsp; \u201cPasseando pela Literatura do Tocantins\u201d&nbsp;(Editora Veloso), com 30 resenhas breves a respeito de livros escritos por autores do Estado. A obra foi organizada pelo professor Pedro Albeirice &hellip;<\/p>\n","protected":false},"author":5,"featured_media":1120,"comment_status":"open","ping_status":"open","sticky":false,"template":"","format":"standard","meta":{"footnotes":""},"categories":[45,1],"tags":[],"class_list":["post-1118","post","type-post","status-publish","format-standard","has-post-thumbnail","","category-araguaina","category-sem-categoria"],"_links":{"self":[{"href":"https:\/\/focotocantinense.com.br\/index.php?rest_route=\/wp\/v2\/posts\/1118","targetHints":{"allow":["GET"]}}],"collection":[{"href":"https:\/\/focotocantinense.com.br\/index.php?rest_route=\/wp\/v2\/posts"}],"about":[{"href":"https:\/\/focotocantinense.com.br\/index.php?rest_route=\/wp\/v2\/types\/post"}],"author":[{"embeddable":true,"href":"https:\/\/focotocantinense.com.br\/index.php?rest_route=\/wp\/v2\/users\/5"}],"replies":[{"embeddable":true,"href":"https:\/\/focotocantinense.com.br\/index.php?rest_route=%2Fwp%2Fv2%2Fcomments&post=1118"}],"version-history":[{"count":2,"href":"https:\/\/focotocantinense.com.br\/index.php?rest_route=\/wp\/v2\/posts\/1118\/revisions"}],"predecessor-version":[{"id":1121,"href":"https:\/\/focotocantinense.com.br\/index.php?rest_route=\/wp\/v2\/posts\/1118\/revisions\/1121"}],"wp:featuredmedia":[{"embeddable":true,"href":"https:\/\/focotocantinense.com.br\/index.php?rest_route=\/wp\/v2\/media\/1120"}],"wp:attachment":[{"href":"https:\/\/focotocantinense.com.br\/index.php?rest_route=%2Fwp%2Fv2%2Fmedia&parent=1118"}],"wp:term":[{"taxonomy":"category","embeddable":true,"href":"https:\/\/focotocantinense.com.br\/index.php?rest_route=%2Fwp%2Fv2%2Fcategories&post=1118"},{"taxonomy":"post_tag","embeddable":true,"href":"https:\/\/focotocantinense.com.br\/index.php?rest_route=%2Fwp%2Fv2%2Ftags&post=1118"}],"curies":[{"name":"wp","href":"https:\/\/api.w.org\/{rel}","templated":true}]}}