{"id":11169,"date":"2025-10-09T20:31:19","date_gmt":"2025-10-09T23:31:19","guid":{"rendered":"https:\/\/focotocantinense.com.br\/?p=11169"},"modified":"2025-10-09T20:36:17","modified_gmt":"2025-10-09T23:36:17","slug":"uft-lanca-concorrencia-para-construcao-do-hospital-universitario-em-palmas","status":"publish","type":"post","link":"https:\/\/focotocantinense.com.br\/?p=11169","title":{"rendered":"UFT lan\u00e7a concorr\u00eancia para constru\u00e7\u00e3o do Hospital Universit\u00e1rio em Palmas"},"content":{"rendered":"\n<p><strong>Obra demandar\u00e1 R$ 306 milh\u00f5es; unidade hospitalar ter\u00e1 \u00e1rea constru\u00edda de 26,7 mil m\u00b2, e cronograma de execu\u00e7\u00e3o para dois anos e meio (30 meses)<\/strong><\/p>\n\n\n\n<p>A Universidade Federal do Tocantins (UFT) publicou no Di\u00e1rio Oficial desta segunda-feira (6), um aviso de licita\u00e7\u00e3o, na modalidade concorr\u00eancia, visando \u00e0 contrata\u00e7\u00e3o integrada de empresa especializada para elaborar os projetos b\u00e1sico e executivo e executar a obra do Hospital Universit\u00e1rio da UFT (HU\/UFT), na capital, Palmas. De acordo com a Prefeitura Universit\u00e1ria, a obra demandar\u00e1 recursos da ordem de R$ 306 milh\u00f5es, e a unidade ter\u00e1 \u00e1rea constru\u00edda de 26,7 mil metros quadrados, com cronograma de execu\u00e7\u00e3o para dois anos e meio (30 meses).<\/p>\n\n\n\n<p>A reitora, professora Maria Santana, comemorou o lan\u00e7amento do edital, afirmando que \u00e9 muito bom abrir a semana com boas novas para a UFT e para a comunidade. \u201cHoje inicia o recebimento de propostas para constrata\u00e7\u00e3o de empresa especializada para execu\u00e7\u00e3o da obra do Hospital Universit\u00e1rio. Que alegria estar nesse processo, que foi pensado e idealizado muito antes de eu estar aqui como reitora, e \u00e9 uma alegria estar iniciando este processo\u201d, ressaltou a reitora<\/p>\n\n\n\n<p>Maria Santana tamb\u00e9m agradeceu aos parlamentares tocantinenses que garantiram os recursos financeiros para in\u00edcio do processo. \u201c\u00c9 muito bom dizer para voc\u00eas, deputados e senadores, que est\u00e3o no ajudando com a quest\u00e3o do Hospital: continuem nos auxiliando porque a Universidade precisa de voc\u00eas!\u201d. \u00c0 comunidade acad\u00eamica, a reitora ressaltou que o \u201cHospital Universit\u00e1rio \u00e9 de todo o Tocantins. Teremos, em nosso projeto, uma ala espec\u00edfica para atender ind\u00edgenas; isso \u00e9 uma novidade e \u00e9 muito bom, porque aqui temos mais de dez etnias e precisamos de um hospital que inclua realmente todas as pessoas nesse espa\u00e7o\u201d, frisou.<\/p>\n\n\n\n<p><strong>Atendimento e premissas<\/strong><\/p>\n\n\n\n<p>De acordo com as informa\u00e7\u00f5es da Prefeitura Universit\u00e1ria, o Hospital Geral Adulto e Pedi\u00e1trico da UFT ser\u00e1 de alta complexidade para atendimento cl\u00ednico e cir\u00fagico, e ter\u00e1 uma ala com aten\u00e7\u00e3o exclusiva para a sa\u00fade ind\u00edgena; o projeto prev\u00ea 250 leitos hospitalares (sendo 190 para interna\u00e7\u00e3o e 60 para observa\u00e7\u00e3o), UTIs adulta e pedi\u00e1trica, \u00e1rea para hemodi\u00e1lise, e um ambulat\u00f3rio com 25 consult\u00f3rios e dez salas para exames.<\/p>\n\n\n\n<p>O projeto prev\u00ea uma \u00e1rea de emerg\u00eancia referenciada, atendimentos em diversas especialidades, tanto cir\u00fargicas (Cirurgia Cardiovascular, Cirurgia Geral, Cirurgia Pedi\u00e1trica, Cirurgia Vascular, Coloproctologia, Ginecologia, Mastologia, Neurocirurgia, Oftalmologia, Ortopedia, Otorrinolaringologia e Urologia) quanto cl\u00ednicas (Angiologia, Cardiologia, Dermatologia, Gastroenterologia, Geriatria, Nefrologia, Neurologia, Pediatria, Pneumologia).<\/p>\n\n\n\n<p>A empresa vencedora da licita\u00e7\u00e3o lan\u00e7ada nesta segunda-feira (6) ter\u00e1 que elaborar os projetos b\u00e1sico e executivo e tamb\u00e9m executar a obra do HU-UFT, incluindo fornecimento de materiais, m\u00e3o de obra, equipamentos servi\u00e7os correlatos. O certame est\u00e1 vinculado ao Processo n\u00ba 23101006712202566 e tramita sob o n\u00famero de Concorr\u00eancia 90001\/2025, da UASG 154419, com um item licitado. O edital poder\u00e1 ser consultado presencialmente na Av. 15, Alcno 14, C\u00e2mpus de Palmas, Plano Diretor Norte, ou pelo Portal de Compras do Governo Federal, no endere\u00e7o indicado no aviso, com atendimento em dias \u00fateis, das 9h \u00e0s 12h e das 14h \u00e0s 17h.<\/p>\n\n\n\n<p>As propostas ser\u00e3o recebidas exclusivamente pelo Portal&nbsp;gov.br\/compras, e a sess\u00e3o de abertura das proposta est\u00e1 prevista para 30 de dezembro de 2025, \u00e0s 9h, no mesmo ambiente eletr\u00f4nico.<\/p>\n\n\n\n<figure class=\"wp-block-image is-resized\"><img decoding=\"async\" src=\"http:\/\/n1to.com.br\/img\/uploads\/SHOW_DE_HUMOR_DE_VINICIUS_MARTINS_101.jpeg\" alt=\"\" style=\"width:840px;height:auto\"\/><\/figure>\n","protected":false},"excerpt":{"rendered":"<p>Obra demandar\u00e1 R$ 306 milh\u00f5es; unidade hospitalar ter\u00e1 \u00e1rea constru\u00edda de 26,7 mil m\u00b2, e cronograma de execu\u00e7\u00e3o para dois anos e meio (30 meses) A Universidade Federal do Tocantins (UFT) publicou no Di\u00e1rio Oficial desta segunda-feira (6), um aviso de licita\u00e7\u00e3o, na modalidade concorr\u00eancia, visando \u00e0 contrata\u00e7\u00e3o integrada de empresa especializada para elaborar os &hellip;<\/p>\n","protected":false},"author":5,"featured_media":11170,"comment_status":"open","ping_status":"open","sticky":false,"template":"","format":"standard","meta":{"footnotes":""},"categories":[1],"tags":[],"class_list":["post-11169","post","type-post","status-publish","format-standard","has-post-thumbnail","","category-sem-categoria"],"_links":{"self":[{"href":"https:\/\/focotocantinense.com.br\/index.php?rest_route=\/wp\/v2\/posts\/11169","targetHints":{"allow":["GET"]}}],"collection":[{"href":"https:\/\/focotocantinense.com.br\/index.php?rest_route=\/wp\/v2\/posts"}],"about":[{"href":"https:\/\/focotocantinense.com.br\/index.php?rest_route=\/wp\/v2\/types\/post"}],"author":[{"embeddable":true,"href":"https:\/\/focotocantinense.com.br\/index.php?rest_route=\/wp\/v2\/users\/5"}],"replies":[{"embeddable":true,"href":"https:\/\/focotocantinense.com.br\/index.php?rest_route=%2Fwp%2Fv2%2Fcomments&post=11169"}],"version-history":[{"count":2,"href":"https:\/\/focotocantinense.com.br\/index.php?rest_route=\/wp\/v2\/posts\/11169\/revisions"}],"predecessor-version":[{"id":11173,"href":"https:\/\/focotocantinense.com.br\/index.php?rest_route=\/wp\/v2\/posts\/11169\/revisions\/11173"}],"wp:featuredmedia":[{"embeddable":true,"href":"https:\/\/focotocantinense.com.br\/index.php?rest_route=\/wp\/v2\/media\/11170"}],"wp:attachment":[{"href":"https:\/\/focotocantinense.com.br\/index.php?rest_route=%2Fwp%2Fv2%2Fmedia&parent=11169"}],"wp:term":[{"taxonomy":"category","embeddable":true,"href":"https:\/\/focotocantinense.com.br\/index.php?rest_route=%2Fwp%2Fv2%2Fcategories&post=11169"},{"taxonomy":"post_tag","embeddable":true,"href":"https:\/\/focotocantinense.com.br\/index.php?rest_route=%2Fwp%2Fv2%2Ftags&post=11169"}],"curies":[{"name":"wp","href":"https:\/\/api.w.org\/{rel}","templated":true}]}}