{"id":11163,"date":"2025-10-08T12:18:00","date_gmt":"2025-10-08T15:18:00","guid":{"rendered":"https:\/\/focotocantinense.com.br\/?p=11163"},"modified":"2025-10-08T12:18:35","modified_gmt":"2025-10-08T15:18:35","slug":"candido-bastos-filho-e-a-literatura-que-desperta-emocoes","status":"publish","type":"post","link":"https:\/\/focotocantinense.com.br\/?p=11163","title":{"rendered":"C\u00e2ndido Bastos Filho e a literatura que desperta emo\u00e7\u00f5es"},"content":{"rendered":"\n<p><strong>Por Zacarias Martins<\/strong><\/p>\n\n\n\n<p>De Porto Franco, cidade simp\u00e1tica localizada&nbsp;&nbsp; nas barrancas do rio Tocantins, no sul do Maranh\u00e3o, o escritor C\u00e2ndido Bastos Filho, decano da ALAPOFRAN \u2013 Academia de Letras e Artes de Porto Franco, &nbsp;traz a lume a obra \u201c<strong><em>Contos&nbsp; diversos \u2013 Hist\u00f3rias, mem\u00f3rias e poesias<\/em><\/strong>\u201d, sob a \u00e9gide da Marco Zero Editora.<\/p>\n\n\n\n<figure class=\"wp-block-image size-large is-resized\"><img loading=\"lazy\" decoding=\"async\" width=\"1024\" height=\"576\" src=\"https:\/\/focotocantinense.com.br\/wp-content\/uploads\/2025\/10\/CANDITO-BASTOS-FOTO-DE-ZACARIAS-MARTINS-1024x576.jpg\" alt=\"\" class=\"wp-image-11165\" style=\"width:355px;height:auto\" srcset=\"https:\/\/focotocantinense.com.br\/wp-content\/uploads\/2025\/10\/CANDITO-BASTOS-FOTO-DE-ZACARIAS-MARTINS-1024x576.jpg 1024w, https:\/\/focotocantinense.com.br\/wp-content\/uploads\/2025\/10\/CANDITO-BASTOS-FOTO-DE-ZACARIAS-MARTINS-300x169.jpg 300w, https:\/\/focotocantinense.com.br\/wp-content\/uploads\/2025\/10\/CANDITO-BASTOS-FOTO-DE-ZACARIAS-MARTINS-768x432.jpg 768w, https:\/\/focotocantinense.com.br\/wp-content\/uploads\/2025\/10\/CANDITO-BASTOS-FOTO-DE-ZACARIAS-MARTINS.jpg 1280w\" sizes=\"auto, (max-width: 1024px) 100vw, 1024px\" \/><\/figure>\n\n\n\n<p><\/p>\n\n\n\n<p><strong>Reflex\u00f5es<\/strong><\/p>\n\n\n\n<p>Nesta obra, o autor&nbsp; &nbsp;busca compartilhar um pouco da sua trajet\u00f3ria e as reflex\u00f5es que o levaram a explorar os temas ali contidos de forma l\u00fadica e irisada, convido-nos a&nbsp; &nbsp;mergulhar em uma narrativa envolvente e, ao mesmo tempo, nos propiciando a reavivar a esperan\u00e7a e a cren\u00e7a no bem, transformando nosso olhar sobre a vida e o pr\u00f3ximo.<\/p>\n\n\n\n<p><strong>Emo\u00e7\u00f5es<\/strong><\/p>\n\n\n\n<p>Para o Professor Doutor Nataniel da Vera-Cruz Gon\u00e7alves Ara\u00fajo, Vice-Reitor da Universidade Federal do Norte do Tocantins (UFRNT), \u00e9 imposs\u00edvel n\u00e3o se emocionar ao encontrar na obra de Bastos, a leveza do humor, a firmeza dos valores, a beleza das lembran\u00e7as e a esperan\u00e7a que se renova, mesmo em meio \u00e0s perdas e dores. &nbsp;\u201cSeu olhar sobre a vida \u00e9 profundamente humano e por isso, profundamente divino\u201d, destaca.<\/p>\n\n\n\n<p><strong>Perfil do autor<\/strong><\/p>\n\n\n\n<p>C\u00e2ndido Bastos Filho cursou Contabilidade e Magist\u00e9rio e atuou em cargos p\u00fablicos como tesoureiro e secret\u00e1rio na Prefeitura e C\u00e2mara Municipal de Porto Franco, bem como, no Cart\u00f3rio local, tornando-se&nbsp; escriv\u00e3o titular de 1991 a 2010. O livro \u201c<strong><em>Hist\u00f3rias de quem conta contos<\/em><\/strong>\u201d (2015), marcou a sua estreia no universo da literatura.<\/p>\n\n\n\n<figure class=\"wp-block-image size-full is-resized\"><img loading=\"lazy\" decoding=\"async\" width=\"727\" height=\"184\" src=\"https:\/\/focotocantinense.com.br\/wp-content\/uploads\/2025\/09\/SHOW-DE-HUMOR-DE-VINICIUS-MARTINS-8.jpeg\" alt=\"\" class=\"wp-image-11129\" style=\"width:840px;height:auto\" srcset=\"https:\/\/focotocantinense.com.br\/wp-content\/uploads\/2025\/09\/SHOW-DE-HUMOR-DE-VINICIUS-MARTINS-8.jpeg 727w, https:\/\/focotocantinense.com.br\/wp-content\/uploads\/2025\/09\/SHOW-DE-HUMOR-DE-VINICIUS-MARTINS-8-300x76.jpeg 300w\" sizes=\"auto, (max-width: 727px) 100vw, 727px\" \/><\/figure>\n","protected":false},"excerpt":{"rendered":"<p>Por Zacarias Martins De Porto Franco, cidade simp\u00e1tica localizada&nbsp;&nbsp; nas barrancas do rio Tocantins, no sul do Maranh\u00e3o, o escritor C\u00e2ndido Bastos Filho, decano da ALAPOFRAN \u2013 Academia de Letras e Artes de Porto Franco, &nbsp;traz a lume a obra \u201cContos&nbsp; diversos \u2013 Hist\u00f3rias, mem\u00f3rias e poesias\u201d, sob a \u00e9gide da Marco Zero Editora. Reflex\u00f5es &hellip;<\/p>\n","protected":false},"author":5,"featured_media":11164,"comment_status":"open","ping_status":"open","sticky":false,"template":"","format":"standard","meta":{"footnotes":""},"categories":[45],"tags":[],"class_list":["post-11163","post","type-post","status-publish","format-standard","has-post-thumbnail","","category-araguaina"],"_links":{"self":[{"href":"https:\/\/focotocantinense.com.br\/index.php?rest_route=\/wp\/v2\/posts\/11163","targetHints":{"allow":["GET"]}}],"collection":[{"href":"https:\/\/focotocantinense.com.br\/index.php?rest_route=\/wp\/v2\/posts"}],"about":[{"href":"https:\/\/focotocantinense.com.br\/index.php?rest_route=\/wp\/v2\/types\/post"}],"author":[{"embeddable":true,"href":"https:\/\/focotocantinense.com.br\/index.php?rest_route=\/wp\/v2\/users\/5"}],"replies":[{"embeddable":true,"href":"https:\/\/focotocantinense.com.br\/index.php?rest_route=%2Fwp%2Fv2%2Fcomments&post=11163"}],"version-history":[{"count":2,"href":"https:\/\/focotocantinense.com.br\/index.php?rest_route=\/wp\/v2\/posts\/11163\/revisions"}],"predecessor-version":[{"id":11167,"href":"https:\/\/focotocantinense.com.br\/index.php?rest_route=\/wp\/v2\/posts\/11163\/revisions\/11167"}],"wp:featuredmedia":[{"embeddable":true,"href":"https:\/\/focotocantinense.com.br\/index.php?rest_route=\/wp\/v2\/media\/11164"}],"wp:attachment":[{"href":"https:\/\/focotocantinense.com.br\/index.php?rest_route=%2Fwp%2Fv2%2Fmedia&parent=11163"}],"wp:term":[{"taxonomy":"category","embeddable":true,"href":"https:\/\/focotocantinense.com.br\/index.php?rest_route=%2Fwp%2Fv2%2Fcategories&post=11163"},{"taxonomy":"post_tag","embeddable":true,"href":"https:\/\/focotocantinense.com.br\/index.php?rest_route=%2Fwp%2Fv2%2Ftags&post=11163"}],"curies":[{"name":"wp","href":"https:\/\/api.w.org\/{rel}","templated":true}]}}