{"id":11146,"date":"2025-10-04T21:02:05","date_gmt":"2025-10-05T00:02:05","guid":{"rendered":"https:\/\/focotocantinense.com.br\/?p=11146"},"modified":"2025-10-05T14:01:59","modified_gmt":"2025-10-05T17:01:59","slug":"1a-mostra-cultural-artes-sem-limites-movimenta-a-cidade-de-peixe","status":"publish","type":"post","link":"https:\/\/focotocantinense.com.br\/?p=11146","title":{"rendered":"1\u00aa Mostra Cultural Artes Sem Limites movimenta a cidade de Peixe"},"content":{"rendered":"\n<p><em><strong>Por Zacarias Martins \u2013 Fotos: Lett\u00edcia Japiassu<\/strong><\/em><\/p>\n\n\n\n<figure class=\"wp-block-image is-resized\"><a href=\"https:\/\/blogger.googleusercontent.com\/img\/b\/R29vZ2xl\/AVvXsEjgTSNjqv6xyAo9_qnl1IVL4aiybTgOqkMJ77KOG7gbrnZq0xoLXp1Z9Nvj-ZVEvDzlhorSu7x4YjoH5WauQsYN6Na11kusR9xYObfXIT0veRyH64B2mvO6tVwETqOvZw7VEJ74UAVDTqRoUEPr3AwW5nfN1J-_zCLpBCQi6RyUpZygSYeMPLv1xPpECsrI\/s1280\/5%201%C2%AA%20Mostra%20Cultural%20Artes%20Sem%20Limites%20movimenta%20a%20cidade%20de%20Peixe%20-%20Foto%20Lett%C3%ADcia%20Japiassu.jpeg\"><img decoding=\"async\" src=\"https:\/\/blogger.googleusercontent.com\/img\/b\/R29vZ2xl\/AVvXsEjgTSNjqv6xyAo9_qnl1IVL4aiybTgOqkMJ77KOG7gbrnZq0xoLXp1Z9Nvj-ZVEvDzlhorSu7x4YjoH5WauQsYN6Na11kusR9xYObfXIT0veRyH64B2mvO6tVwETqOvZw7VEJ74UAVDTqRoUEPr3AwW5nfN1J-_zCLpBCQi6RyUpZygSYeMPLv1xPpECsrI\/w423-h564\/5%201%C2%AA%20Mostra%20Cultural%20Artes%20Sem%20Limites%20movimenta%20a%20cidade%20de%20Peixe%20-%20Foto%20Lett%C3%ADcia%20Japiassu.jpeg\" alt=\"\" style=\"width:402px;height:auto\"\/><\/a><\/figure>\n\n\n\n<p><\/p>\n\n\n\n<p>Numa iniciativa da AGA \u2013 Associa\u00e7\u00e3o Gurupiense de Artes\u00e3os, a Feira Coberta da cidade de Peixe\u00a0 foi o palco para a realiza\u00e7\u00e3o da 1\u00aa Mostra Cultural Artes Sem Limites, que aconteceu na noite desta sexta-feira, dia 03, tendo\u00a0 o envolvimento ativo\u00a0 de fazedores da cultura local, al\u00e9m de alunos de escolas p\u00fablicas e seus familiares que prestigiaram o acontecimento.<\/p>\n\n\n\n<p>A coordenadora do Comit\u00ea de Cultura no Tocantins \u2013 regional sul\/sudeste, e presidente da Associa\u00e7\u00e3o Gurupiense de Artes\u00e3os, entidade organizadora dessa Mostra, Maria do Socorro Souza Barros, explica que al\u00e9m da cidade de Peixe, essa mostra tamb\u00e9m aconteceu em Formoso do Araguaia no m\u00eas passado e ter\u00e1 culmin\u00e2ncia com programa\u00e7\u00e3o especial no pr\u00f3ximo dia 11 de outubro, na Feirinha da Amizade, da Pra\u00e7a do Centro Cultural Mauro Cunha, em Gurupi.<\/p>\n\n\n\n<figure class=\"wp-block-image is-resized\"><a href=\"https:\/\/blogger.googleusercontent.com\/img\/b\/R29vZ2xl\/AVvXsEh9tZm9Dt8dXJzung3VnWii0qhqTfjwnBLRodqdcmVQvsd4TDoLOs9khBCYczznFOsZUKWASRGILPRsYkLbsnmeRYhfLXyCKgsD4is3XM6Cg3ZUeLeg_LoH2unbePrWBkAR6RCppYSEQOoYtJ351XkeoG-IZdfAHe3_UajORWuc01pskfk_TA0NPBolTp46\/s1280\/3%201%C2%AA%20Mostra%20Cultural%20Artes%20Sem%20Limites%20movimenta%20a%20cidade%20de%20Peixe%20-%20Foto%20Lett%C3%ADcia%20Japiassu.jpeg\"><img decoding=\"async\" src=\"https:\/\/blogger.googleusercontent.com\/img\/b\/R29vZ2xl\/AVvXsEh9tZm9Dt8dXJzung3VnWii0qhqTfjwnBLRodqdcmVQvsd4TDoLOs9khBCYczznFOsZUKWASRGILPRsYkLbsnmeRYhfLXyCKgsD4is3XM6Cg3ZUeLeg_LoH2unbePrWBkAR6RCppYSEQOoYtJ351XkeoG-IZdfAHe3_UajORWuc01pskfk_TA0NPBolTp46\/w446-h298\/3%201%C2%AA%20Mostra%20Cultural%20Artes%20Sem%20Limites%20movimenta%20a%20cidade%20de%20Peixe%20-%20Foto%20Lett%C3%ADcia%20Japiassu.jpeg\" alt=\"\" style=\"width:840px;height:auto\"\/><\/a><\/figure>\n\n\n\n<p><\/p>\n\n\n\n<p><strong>Promo\u00e7\u00e3o da diversidade<\/strong><\/p>\n\n\n\n<p>Ainda de acordo com Maria do Socorro, esse evento tem como foco a promo\u00e7\u00e3o da diversidade e a integra\u00e7\u00e3o social, bem como, a valoriza\u00e7\u00e3o de artistas PCDs (pessoas com defici\u00eancia), por meio de apresenta\u00e7\u00f5es art\u00edsticas em geral.<\/p>\n\n\n\n<figure class=\"wp-block-image is-resized\"><a href=\"https:\/\/blogger.googleusercontent.com\/img\/b\/R29vZ2xl\/AVvXsEj0FPAiEaywO3lCOh09JS274N4ebIlyc0pFvPw4_Ryj2ts7NRZ5kzDGC3tTu6SQ6BWXdWkArNsN_MmFGVsGeZwdzOOwQZ82zH3K26cpUATgWAq532g7Lr-x6kkT2yPx1MJA7I8XyKIsBW23OkRgZ7FkKRbgBhAIvK31wSQmMk8brzfwnc797fLbXMRrpW1P\/s1280\/4%201%C2%AA%20Mostra%20Cultural%20Artes%20Sem%20Limites%20movimenta%20a%20cidade%20de%20Peixe%20-%20Foto%20Lett%C3%ADcia%20Japiassu.jpeg\"><img decoding=\"async\" src=\"https:\/\/blogger.googleusercontent.com\/img\/b\/R29vZ2xl\/AVvXsEj0FPAiEaywO3lCOh09JS274N4ebIlyc0pFvPw4_Ryj2ts7NRZ5kzDGC3tTu6SQ6BWXdWkArNsN_MmFGVsGeZwdzOOwQZ82zH3K26cpUATgWAq532g7Lr-x6kkT2yPx1MJA7I8XyKIsBW23OkRgZ7FkKRbgBhAIvK31wSQmMk8brzfwnc797fLbXMRrpW1P\/w449-h300\/4%201%C2%AA%20Mostra%20Cultural%20Artes%20Sem%20Limites%20movimenta%20a%20cidade%20de%20Peixe%20-%20Foto%20Lett%C3%ADcia%20Japiassu.jpeg\" alt=\"\" style=\"width:840px;height:auto\"\/><\/a><\/figure>\n\n\n\n<p><\/p>\n\n\n\n<p>\u201cEstamos propiciando um espa\u00e7o de visibilidade e reconhecimento&nbsp; a esse p\u00fablico espec\u00edfico de PCDs\u201d, informa Maria do Socorro, salientando que&nbsp; al\u00e9m das apresenta\u00e7\u00f5es art\u00edsticas, a Mostra&nbsp; contou com uma diversificada exposi\u00e7\u00e3o de artesanato tradicional produzido na regi\u00e3o, promovendo, assim, a economia criativa do munic\u00edpio.<\/p>\n\n\n\n<figure class=\"wp-block-image is-resized\"><a href=\"https:\/\/blogger.googleusercontent.com\/img\/b\/R29vZ2xl\/AVvXsEiDMOpDfKKkghLJuAFDg0fa_UScnPmX6s81psCl6TFXCzG17SwsSIVbLTM-YJWWM2nJO1P0vWYQpnbShtkj4MRd8vx09Xf_IiNd9Zp4B7oALQRPi17azqY-CIMWWloOVJBd_vZin4O_oRFmlHgW1gj7JJ6D2ZLH-XNFWdFl9QLZa0xEYfcPIVbv5PPodfdw\/s4160\/2%201%C2%AA%20Mostra%20Cultural%20Artes%20Sem%20Limites%20movimenta%20a%20cidade%20de%20Peixe%20-%20Foto%20Lett%C3%ADcia%20Japiassu.jpeg\"><img decoding=\"async\" src=\"https:\/\/blogger.googleusercontent.com\/img\/b\/R29vZ2xl\/AVvXsEiDMOpDfKKkghLJuAFDg0fa_UScnPmX6s81psCl6TFXCzG17SwsSIVbLTM-YJWWM2nJO1P0vWYQpnbShtkj4MRd8vx09Xf_IiNd9Zp4B7oALQRPi17azqY-CIMWWloOVJBd_vZin4O_oRFmlHgW1gj7JJ6D2ZLH-XNFWdFl9QLZa0xEYfcPIVbv5PPodfdw\/w448-h336\/2%201%C2%AA%20Mostra%20Cultural%20Artes%20Sem%20Limites%20movimenta%20a%20cidade%20de%20Peixe%20-%20Foto%20Lett%C3%ADcia%20Japiassu.jpeg\" alt=\"\" style=\"width:840px;height:auto\"\/><\/a><\/figure>\n\n\n\n<p><\/p>\n\n\n\n<p><strong>Fomento cultural<\/strong><\/p>\n\n\n\n<p>A secret\u00e1ria de Cultura de Peixe,&nbsp; Ant\u00f4nia Gomes,&nbsp; mais conhecida&nbsp; por&nbsp; Toinha,&nbsp; destacou a import\u00e2ncia dessa parceria&nbsp; com a&nbsp; AGA para o fomento da cultura local&nbsp; e comemorou o grande sucesso da realiza\u00e7\u00e3o da&nbsp; 1\u00aa Mostra Cultural Artes Sem Limites, que contou com a presen\u00e7a&nbsp; de&nbsp; um bom p\u00fablico.<\/p>\n\n\n\n<figure class=\"wp-block-image is-resized\"><a href=\"https:\/\/blogger.googleusercontent.com\/img\/b\/R29vZ2xl\/AVvXsEgQZy6JNSSHOV0pjDxIxWRRxHm72g4rbhxT13qKAGIIKJhLDXFy3NPlo5AgkPRiCcm0rKFixQMCRpFbvrUOUNefEzNR1D4PpltjrA4gP5PUo4qcIgFunSrK3bocYkOkWU3l2P3eUpJ7VzOvUZqoWeH4jqIQce0vQvU9vle0cvPpuQDZa9TtiqQaWrFXZZb3\/s1280\/6%20-%201%C2%AA%20Mostra%20Cultural%20Artes%20Sem%20Limites%20movimenta%20a%20cidade%20de%20Peixe%20-%20Foto%20Lett%C3%ADcia%20Japiassu.jpeg\"><img decoding=\"async\" src=\"https:\/\/blogger.googleusercontent.com\/img\/b\/R29vZ2xl\/AVvXsEgQZy6JNSSHOV0pjDxIxWRRxHm72g4rbhxT13qKAGIIKJhLDXFy3NPlo5AgkPRiCcm0rKFixQMCRpFbvrUOUNefEzNR1D4PpltjrA4gP5PUo4qcIgFunSrK3bocYkOkWU3l2P3eUpJ7VzOvUZqoWeH4jqIQce0vQvU9vle0cvPpuQDZa9TtiqQaWrFXZZb3\/w417-h555\/6%20-%201%C2%AA%20Mostra%20Cultural%20Artes%20Sem%20Limites%20movimenta%20a%20cidade%20de%20Peixe%20-%20Foto%20Lett%C3%ADcia%20Japiassu.jpeg\" alt=\"\" style=\"width:840px;height:auto\"\/><\/a><\/figure>\n\n\n\n<p><\/p>\n\n\n\n<p><strong>Sobre o projeto<\/strong><\/p>\n\n\n\n<p>A 1\u00aa Mostra Cultural Artes Sem Limites \u00e9&nbsp; um Projeto realizado com recursos da Pol\u00edtica Nacional Aldir Blanc \u2013 PAAR 2024, do Minist\u00e9rio da Cultura, operacionalizados pela Secretaria da Cultura do Tocantins. Trata-se de uma iniciativa da AGA e tem como parceiros, o Comit\u00ea de Cultura no Tocantins,&nbsp; as prefeituras de Gurupi, Formoso do Araguaia&nbsp; e Peixe, por meio de seus \u00f3rg\u00e3os de Cultura,&nbsp; al\u00e9m da APAE.<\/p>\n\n\n\n<figure class=\"wp-block-image is-resized\"><a href=\"https:\/\/blogger.googleusercontent.com\/img\/b\/R29vZ2xl\/AVvXsEh0pjoXpP-UXuiJNf1c23p4DSF_Od_X7aQq9d98CO1X_-RCOOez_kgbyxkQGXwFs7fb7RzV8dK3K8Ma59DvOiuIG8GMQvfg9Y-jORx7gahwmzw0uQMTGh-eUqpDtJFdppXiuWJO9yEwcaF2tX73GWVebOxzcwjplBMDctvmC7JRZSp6vUPJxE2ZwlP_3iAw\/s1280\/7%201%C2%AA%20Mostra%20Cultural%20Artes%20Sem%20Limites%20movimenta%20a%20cidade%20de%20Peixe%20-%20Foto%20Lett%C3%ADcia%20Japiassu.jpeg\"><img decoding=\"async\" src=\"https:\/\/blogger.googleusercontent.com\/img\/b\/R29vZ2xl\/AVvXsEh0pjoXpP-UXuiJNf1c23p4DSF_Od_X7aQq9d98CO1X_-RCOOez_kgbyxkQGXwFs7fb7RzV8dK3K8Ma59DvOiuIG8GMQvfg9Y-jORx7gahwmzw0uQMTGh-eUqpDtJFdppXiuWJO9yEwcaF2tX73GWVebOxzcwjplBMDctvmC7JRZSp6vUPJxE2ZwlP_3iAw\/w445-h334\/7%201%C2%AA%20Mostra%20Cultural%20Artes%20Sem%20Limites%20movimenta%20a%20cidade%20de%20Peixe%20-%20Foto%20Lett%C3%ADcia%20Japiassu.jpeg\" alt=\"\" style=\"width:840px;height:auto\"\/><\/a><\/figure>\n\n\n\n<p><\/p>\n\n\n\n<figure class=\"wp-block-image is-resized\"><a href=\"https:\/\/blogger.googleusercontent.com\/img\/b\/R29vZ2xl\/AVvXsEifRe_zWAxtFv5DSofBwrH4IUwmguq8B3YYczTq8uie6WNVRk_WHpPJEP2o7_5SlviM7kDitXU84d3WDOK8ln7VIXDQUIX17aQbz1v38czDCluDh4461gK4vItErpin-upd6OtpkT_xhTGy6bUEaODuPP5il1ejWbzQtL6SuqQsvAOQF8rYqU2gXQtXPSUG\/s1280\/8%201%C2%AA%20Mostra%20Cultural%20Artes%20Sem%20Limites%20movimenta%20a%20cidade%20de%20Peixe%20-%20Foto%20Lett%C3%ADcia%20Japiassu.jpeg\"><img decoding=\"async\" src=\"https:\/\/blogger.googleusercontent.com\/img\/b\/R29vZ2xl\/AVvXsEifRe_zWAxtFv5DSofBwrH4IUwmguq8B3YYczTq8uie6WNVRk_WHpPJEP2o7_5SlviM7kDitXU84d3WDOK8ln7VIXDQUIX17aQbz1v38czDCluDh4461gK4vItErpin-upd6OtpkT_xhTGy6bUEaODuPP5il1ejWbzQtL6SuqQsvAOQF8rYqU2gXQtXPSUG\/w478-h359\/8%201%C2%AA%20Mostra%20Cultural%20Artes%20Sem%20Limites%20movimenta%20a%20cidade%20de%20Peixe%20-%20Foto%20Lett%C3%ADcia%20Japiassu.jpeg\" alt=\"\" style=\"width:840px;height:auto\"\/><\/a><\/figure>\n\n\n\n<p><\/p>\n\n\n\n<figure class=\"wp-block-image is-resized\"><a href=\"https:\/\/blogger.googleusercontent.com\/img\/b\/R29vZ2xl\/AVvXsEhlklvkxhhz7rsd8UqyK8CkX0Zy2GAn7cslz2q1r5tttIRP4-vxRKVBQVEPXAqeke6P6IPIIV2I2RR2zdTqkeDwcbzIAwMEWKjmieehKNJ53AQchCrAI6idnHlZ05AwcZKgbQmvficxb3P0oZj8M5JhCHGaL1bjzns7ZJ2HFd4rfPyYs_rPdGtSkzx5kSiI\/s1280\/9%201%C2%AA%20Mostra%20Cultural%20Artes%20Sem%20Limites%20movimenta%20a%20cidade%20de%20Peixe%20-%20Foto%20Lett%C3%ADcia%20Japiassu.jpeg\"><img decoding=\"async\" src=\"https:\/\/blogger.googleusercontent.com\/img\/b\/R29vZ2xl\/AVvXsEhlklvkxhhz7rsd8UqyK8CkX0Zy2GAn7cslz2q1r5tttIRP4-vxRKVBQVEPXAqeke6P6IPIIV2I2RR2zdTqkeDwcbzIAwMEWKjmieehKNJ53AQchCrAI6idnHlZ05AwcZKgbQmvficxb3P0oZj8M5JhCHGaL1bjzns7ZJ2HFd4rfPyYs_rPdGtSkzx5kSiI\/w491-h329\/9%201%C2%AA%20Mostra%20Cultural%20Artes%20Sem%20Limites%20movimenta%20a%20cidade%20de%20Peixe%20-%20Foto%20Lett%C3%ADcia%20Japiassu.jpeg\" alt=\"\" style=\"width:840px;height:auto\"\/><\/a><\/figure>\n\n\n\n<p><\/p>\n\n\n\n<figure class=\"wp-block-image is-resized\"><a href=\"https:\/\/blogger.googleusercontent.com\/img\/b\/R29vZ2xl\/AVvXsEjxtwhMXT3Ih7wxy-pGQMasPuBsJDzuR_KAoJAkWzhDo3fhyoWdRYJVz2UtgIJkCvVTBG423oo6NlP5PYMCWxwwpnRjSBG88SYrNLsRvxSg6eKTel7Cx_8TdHbaCzf7opT0C5Iz6dmcjq5ShXpzOqJibdjHU8kPhoCaapf_YYK49CZYHc35DawKuvYTja3-\/s1280\/10%201%C2%AA%20Mostra%20Cultural%20Artes%20Sem%20Limites%20movimenta%20a%20cidade%20de%20Peixe%20-%20Foto%20Lett%C3%ADcia%20Japiassu.jpeg\"><img decoding=\"async\" src=\"https:\/\/blogger.googleusercontent.com\/img\/b\/R29vZ2xl\/AVvXsEjxtwhMXT3Ih7wxy-pGQMasPuBsJDzuR_KAoJAkWzhDo3fhyoWdRYJVz2UtgIJkCvVTBG423oo6NlP5PYMCWxwwpnRjSBG88SYrNLsRvxSg6eKTel7Cx_8TdHbaCzf7opT0C5Iz6dmcjq5ShXpzOqJibdjHU8kPhoCaapf_YYK49CZYHc35DawKuvYTja3-\/w469-h624\/10%201%C2%AA%20Mostra%20Cultural%20Artes%20Sem%20Limites%20movimenta%20a%20cidade%20de%20Peixe%20-%20Foto%20Lett%C3%ADcia%20Japiassu.jpeg\" alt=\"\" style=\"width:840px;height:auto\"\/><\/a><\/figure>\n\n\n\n<p><\/p>\n\n\n\n<p><\/p>\n\n\n\n<figure class=\"wp-block-image is-resized\"><a href=\"https:\/\/blogger.googleusercontent.com\/img\/b\/R29vZ2xl\/AVvXsEiMtzvVDQVWXQ_uYRHfJx3MWL1PwP52j7sWpVgYoZPifUWVMibVAgM74MQktTCHJ17kcG9pzSub3lIsSYNnyMBsqysiULKib7clCV3GOW7y0EVP2jAHwxz96livRA2VpnobqBI6r5CFLb-__rdBR6tdHwnPoJWe_-zS8hMxV0MCr7EPkK0c3ntjTItLet5J\/s1280\/11%201%C2%AA%20Mostra%20Cultural%20Artes%20Sem%20Limites%20movimenta%20a%20cidade%20de%20Peixe%20-%20Foto%20Lett%C3%ADcia%20Japiassu.jpg\"><img decoding=\"async\" src=\"https:\/\/blogger.googleusercontent.com\/img\/b\/R29vZ2xl\/AVvXsEiMtzvVDQVWXQ_uYRHfJx3MWL1PwP52j7sWpVgYoZPifUWVMibVAgM74MQktTCHJ17kcG9pzSub3lIsSYNnyMBsqysiULKib7clCV3GOW7y0EVP2jAHwxz96livRA2VpnobqBI6r5CFLb-__rdBR6tdHwnPoJWe_-zS8hMxV0MCr7EPkK0c3ntjTItLet5J\/w479-h359\/11%201%C2%AA%20Mostra%20Cultural%20Artes%20Sem%20Limites%20movimenta%20a%20cidade%20de%20Peixe%20-%20Foto%20Lett%C3%ADcia%20Japiassu.jpg\" alt=\"\" style=\"width:840px;height:auto\"\/><\/a><\/figure>\n\n\n\n<p><\/p>\n\n\n\n<p><\/p>\n\n\n\n<figure class=\"wp-block-image is-resized\"><a href=\"https:\/\/blogger.googleusercontent.com\/img\/b\/R29vZ2xl\/AVvXsEiNOl4W570eHgRamIXYaHMe_d2ItAzxP33RmfNZwE7vLBBCngkPAqtaQwAvmQUHamA4LeWAsCfE7Dw6SPkwPh1St92ajPnGgD0aVVNlpatuh6HCvgZr8rZtS0PQg9njETKq97I_Kw3DSsGQTZVyMo-1_dqYkfiZzJp-YNDhpwB2cOTRtz2qrgty4NV4UdL2\/s727\/SHOW%20DE%20HUMOR%20DE%20VINICIUS%20MARTINS.jpeg\"><img decoding=\"async\" src=\"https:\/\/blogger.googleusercontent.com\/img\/b\/R29vZ2xl\/AVvXsEiNOl4W570eHgRamIXYaHMe_d2ItAzxP33RmfNZwE7vLBBCngkPAqtaQwAvmQUHamA4LeWAsCfE7Dw6SPkwPh1St92ajPnGgD0aVVNlpatuh6HCvgZr8rZtS0PQg9njETKq97I_Kw3DSsGQTZVyMo-1_dqYkfiZzJp-YNDhpwB2cOTRtz2qrgty4NV4UdL2\/w478-h121\/SHOW%20DE%20HUMOR%20DE%20VINICIUS%20MARTINS.jpeg\" alt=\"\" style=\"width:840px;height:auto\"\/><\/a><\/figure>\n","protected":false},"excerpt":{"rendered":"<p>Por Zacarias Martins \u2013 Fotos: Lett\u00edcia Japiassu Numa iniciativa da AGA \u2013 Associa\u00e7\u00e3o Gurupiense de Artes\u00e3os, a Feira Coberta da cidade de Peixe\u00a0 foi o palco para a realiza\u00e7\u00e3o da 1\u00aa Mostra Cultural Artes Sem Limites, que aconteceu na noite desta sexta-feira, dia 03, tendo\u00a0 o envolvimento ativo\u00a0 de fazedores da cultura local, al\u00e9m de &hellip;<\/p>\n","protected":false},"author":5,"featured_media":11147,"comment_status":"open","ping_status":"open","sticky":false,"template":"","format":"standard","meta":{"footnotes":""},"categories":[1],"tags":[],"class_list":["post-11146","post","type-post","status-publish","format-standard","has-post-thumbnail","","category-sem-categoria"],"_links":{"self":[{"href":"https:\/\/focotocantinense.com.br\/index.php?rest_route=\/wp\/v2\/posts\/11146","targetHints":{"allow":["GET"]}}],"collection":[{"href":"https:\/\/focotocantinense.com.br\/index.php?rest_route=\/wp\/v2\/posts"}],"about":[{"href":"https:\/\/focotocantinense.com.br\/index.php?rest_route=\/wp\/v2\/types\/post"}],"author":[{"embeddable":true,"href":"https:\/\/focotocantinense.com.br\/index.php?rest_route=\/wp\/v2\/users\/5"}],"replies":[{"embeddable":true,"href":"https:\/\/focotocantinense.com.br\/index.php?rest_route=%2Fwp%2Fv2%2Fcomments&post=11146"}],"version-history":[{"count":3,"href":"https:\/\/focotocantinense.com.br\/index.php?rest_route=\/wp\/v2\/posts\/11146\/revisions"}],"predecessor-version":[{"id":11154,"href":"https:\/\/focotocantinense.com.br\/index.php?rest_route=\/wp\/v2\/posts\/11146\/revisions\/11154"}],"wp:featuredmedia":[{"embeddable":true,"href":"https:\/\/focotocantinense.com.br\/index.php?rest_route=\/wp\/v2\/media\/11147"}],"wp:attachment":[{"href":"https:\/\/focotocantinense.com.br\/index.php?rest_route=%2Fwp%2Fv2%2Fmedia&parent=11146"}],"wp:term":[{"taxonomy":"category","embeddable":true,"href":"https:\/\/focotocantinense.com.br\/index.php?rest_route=%2Fwp%2Fv2%2Fcategories&post=11146"},{"taxonomy":"post_tag","embeddable":true,"href":"https:\/\/focotocantinense.com.br\/index.php?rest_route=%2Fwp%2Fv2%2Ftags&post=11146"}],"curies":[{"name":"wp","href":"https:\/\/api.w.org\/{rel}","templated":true}]}}