{"id":11142,"date":"2025-10-02T19:35:44","date_gmt":"2025-10-02T22:35:44","guid":{"rendered":"https:\/\/focotocantinense.com.br\/?p=11142"},"modified":"2025-10-02T19:36:17","modified_gmt":"2025-10-02T22:36:17","slug":"vereadora-isabel-ferreira-propoe-programa-habitacional-para-servidores-de-formoso-do-araguaia","status":"publish","type":"post","link":"https:\/\/focotocantinense.com.br\/?p=11142","title":{"rendered":"Vereadora Isabel Ferreira prop\u00f5e Programa Habitacional para Servidores de Formoso do Araguaia"},"content":{"rendered":"\n<h4 class=\"wp-block-heading\"><em><strong>O Requerimento n\u00ba 095\/2025 foi aprovado por unanimidade e batida para o Executivo; proposta busca garantir moradia digna e valorizar os servidores p\u00fablicos municipais.<\/strong><\/em><\/h4>\n\n\n\n<figure class=\"wp-block-image size-full is-resized\"><img loading=\"lazy\" decoding=\"async\" width=\"768\" height=\"481\" src=\"https:\/\/focotocantinense.com.br\/wp-content\/uploads\/2025\/10\/Isabel-Ferreira-768x481-1.jpeg\" alt=\"\" class=\"wp-image-11143\" style=\"width:365px;height:auto\" srcset=\"https:\/\/focotocantinense.com.br\/wp-content\/uploads\/2025\/10\/Isabel-Ferreira-768x481-1.jpeg 768w, https:\/\/focotocantinense.com.br\/wp-content\/uploads\/2025\/10\/Isabel-Ferreira-768x481-1-300x188.jpeg 300w\" sizes=\"auto, (max-width: 768px) 100vw, 768px\" \/><\/figure>\n\n\n\n<p><\/p>\n\n\n\n<p><strong>Por Jonas Amaral<\/strong><\/p>\n\n\n\n<p>Em junho, a vereadora Isabel Ferreira Rocha Lima, conhecida como Professora Isabel, apresentou \u00e0 C\u00e2mara Municipal de Formoso do Araguaia o Requerimento n\u00ba 095\/2025, que prev\u00ea a cria\u00e7\u00e3o de um Programa Habitacional espec\u00edfico exclusivamente aos servidores p\u00fablicos municipais. A proposta foi aprovada por unanimidade pelos vereadores e j\u00e1 foi encaminhada ao Poder Executivo para an\u00e1lise e implementa\u00e7\u00e3o.<\/p>\n\n\n\n<p><strong><em>Moradia digna como prioridade<\/em><\/strong><\/p>\n\n\n\n<p>O projeto apresentado pela vereadora busca oferece condi\u00e7\u00f5es concretas para que os servidores conquistem a pr\u00f3pria casa, al\u00e9m de apoiar a reforma e amplia\u00e7\u00e3o de im\u00f3veis j\u00e1 existentes. Atendem a uma demanda hist\u00f3rica da categoria, que desempenha papel essencial no funcionamento da cidade, mas limita\u00e7\u00f5es de renda e dificuldades no acesso a programas habitacionais espec\u00edficos.<\/p>\n\n\n\n<p><strong><em>Linhas de atua\u00e7\u00e3o previstas<\/em><\/strong><\/p>\n\n\n\n<p>O requisito n\u00ba 095\/2025 contempla dois eixos principais:&nbsp;<strong><em>Aquisi\u00e7\u00e3o da casa pr\u00f3pria<\/em><\/strong><em>&nbsp;\u2013 com subs\u00eddios, doa\u00e7\u00e3o de lotes, acesso facilitado a financiamentos e parcerias com institui\u00e7\u00f5es financeiras, al\u00e9m da ades\u00e3o a programas como o Minha Casa, Minha Vida \u2013 Servidores;&nbsp;<strong>Reforma e amplia\u00e7\u00e3o de im\u00f3veis existentes<\/strong>&nbsp;\u2013 priorizando servidores que n\u00e3o possuem casa pr\u00f3pria ou que vivem em situa\u00e7\u00e3o de vulnerabilidade habitacional.<\/em><\/p>\n\n\n\n<p><strong><em>Impacto econ\u00f4mico e social<\/em><\/strong><\/p>\n\n\n\n<p>A medida vai al\u00e9m do benef\u00edcio direto aos servidores: ela tem potencial para&nbsp;<strong>movimentar a economia local<\/strong>&nbsp;, gerar empregos na constru\u00e7\u00e3o civil e aquecer o com\u00e9rcio, ao mesmo tempo em que fortalece os la\u00e7os entre a gest\u00e3o p\u00fablica e o funcionalismo.&nbsp;<em>\u201c\u00c9 uma proposta que garante dignidade, qualidade de vida e estabilidade para nossos servidores\u201d,&nbsp;<\/em>destacou Isabel durante a defesa do projeto.<\/p>\n\n\n\n<p><strong><em>Reconhecimento \u00e0 cidade e sua gente<\/em><\/strong><\/p>\n\n\n\n<p>Ontem, Formoso do Araguaia celebrou mais um anivers\u00e1rio de funda\u00e7\u00e3o, e a vereadora fez quest\u00e3o de parabenizar o munic\u00edpio e sua popula\u00e7\u00e3o. Em sua fala, Isabel destacou.<\/p>\n\n\n\n<p><em>\u201cFormoso do Araguaia \u00e9 terra de gente guerreira, trabalhadeira e hospitaleira. Um povo que n\u00e3o mede esfor\u00e7os para construir uma cidade cada vez mais forte e pr\u00f3spera. Nesse anivers\u00e1rio, parabenizo n\u00e3o apenas o munic\u00edpio, mas, sobretudo, sua gente, que \u00e9 o maior patrim\u00f4nio desta terra\u201d,<\/em>&nbsp;comentou um parlamentar.<\/p>\n\n\n\n<figure class=\"wp-block-image is-resized\"><img decoding=\"async\" src=\"http:\/\/n1to.com.br\/img\/uploads\/SHOW_DE_HUMOR_DE_VINICIUS_MARTINS_95.jpeg\" alt=\"\" style=\"width:840px;height:auto\"\/><\/figure>\n","protected":false},"excerpt":{"rendered":"<p>O Requerimento n\u00ba 095\/2025 foi aprovado por unanimidade e batida para o Executivo; proposta busca garantir moradia digna e valorizar os servidores p\u00fablicos municipais. Por Jonas Amaral Em junho, a vereadora Isabel Ferreira Rocha Lima, conhecida como Professora Isabel, apresentou \u00e0 C\u00e2mara Municipal de Formoso do Araguaia o Requerimento n\u00ba 095\/2025, que prev\u00ea a cria\u00e7\u00e3o &hellip;<\/p>\n","protected":false},"author":5,"featured_media":11143,"comment_status":"open","ping_status":"open","sticky":false,"template":"","format":"standard","meta":{"footnotes":""},"categories":[1],"tags":[],"class_list":["post-11142","post","type-post","status-publish","format-standard","has-post-thumbnail","","category-sem-categoria"],"_links":{"self":[{"href":"https:\/\/focotocantinense.com.br\/index.php?rest_route=\/wp\/v2\/posts\/11142","targetHints":{"allow":["GET"]}}],"collection":[{"href":"https:\/\/focotocantinense.com.br\/index.php?rest_route=\/wp\/v2\/posts"}],"about":[{"href":"https:\/\/focotocantinense.com.br\/index.php?rest_route=\/wp\/v2\/types\/post"}],"author":[{"embeddable":true,"href":"https:\/\/focotocantinense.com.br\/index.php?rest_route=\/wp\/v2\/users\/5"}],"replies":[{"embeddable":true,"href":"https:\/\/focotocantinense.com.br\/index.php?rest_route=%2Fwp%2Fv2%2Fcomments&post=11142"}],"version-history":[{"count":2,"href":"https:\/\/focotocantinense.com.br\/index.php?rest_route=\/wp\/v2\/posts\/11142\/revisions"}],"predecessor-version":[{"id":11145,"href":"https:\/\/focotocantinense.com.br\/index.php?rest_route=\/wp\/v2\/posts\/11142\/revisions\/11145"}],"wp:featuredmedia":[{"embeddable":true,"href":"https:\/\/focotocantinense.com.br\/index.php?rest_route=\/wp\/v2\/media\/11143"}],"wp:attachment":[{"href":"https:\/\/focotocantinense.com.br\/index.php?rest_route=%2Fwp%2Fv2%2Fmedia&parent=11142"}],"wp:term":[{"taxonomy":"category","embeddable":true,"href":"https:\/\/focotocantinense.com.br\/index.php?rest_route=%2Fwp%2Fv2%2Fcategories&post=11142"},{"taxonomy":"post_tag","embeddable":true,"href":"https:\/\/focotocantinense.com.br\/index.php?rest_route=%2Fwp%2Fv2%2Ftags&post=11142"}],"curies":[{"name":"wp","href":"https:\/\/api.w.org\/{rel}","templated":true}]}}