{"id":11139,"date":"2025-10-02T12:27:49","date_gmt":"2025-10-02T15:27:49","guid":{"rendered":"https:\/\/focotocantinense.com.br\/?p=11139"},"modified":"2025-10-02T12:27:49","modified_gmt":"2025-10-02T15:27:49","slug":"deputado-toinho-andrade-celebra-aprovacao-da-isencao-do-imposto-de-renda-para-quem-ganha-ate-r-5-mil","status":"publish","type":"post","link":"https:\/\/focotocantinense.com.br\/?p=11139","title":{"rendered":"Deputado Toinho Andrade celebra aprova\u00e7\u00e3o da isen\u00e7\u00e3o do Imposto de Renda para quem ganha at\u00e9 R$ 5 mil"},"content":{"rendered":"\n<p>A C\u00e2mara dos Deputados viveu um momento hist\u00f3rico nesta quarta-feira (1\u00ba) ao aprovar, por unanimidade, o Projeto de Lei que isenta do pagamento do Imposto de Renda (IR) todos os trabalhadores com renda mensal de at\u00e9 R$ 5.000,00. A proposta representa um avan\u00e7o significativo na justi\u00e7a tribut\u00e1ria brasileira e proporcionar\u00e1 al\u00edvio imediato ao or\u00e7amento de milh\u00f5es de fam\u00edlias em todo o pa\u00eds.<\/p>\n\n\n\n<figure class=\"wp-block-image size-large is-resized\"><img loading=\"lazy\" decoding=\"async\" width=\"953\" height=\"1024\" src=\"https:\/\/focotocantinense.com.br\/wp-content\/uploads\/2025\/10\/toinho-foto-s-953x1024.jpeg\" alt=\"\" class=\"wp-image-11140\" style=\"width:366px;height:auto\" srcset=\"https:\/\/focotocantinense.com.br\/wp-content\/uploads\/2025\/10\/toinho-foto-s-953x1024.jpeg 953w, https:\/\/focotocantinense.com.br\/wp-content\/uploads\/2025\/10\/toinho-foto-s-279x300.jpeg 279w, https:\/\/focotocantinense.com.br\/wp-content\/uploads\/2025\/10\/toinho-foto-s-768x825.jpeg 768w, https:\/\/focotocantinense.com.br\/wp-content\/uploads\/2025\/10\/toinho-foto-s.jpeg 1179w\" sizes=\"auto, (max-width: 953px) 100vw, 953px\" \/><\/figure>\n\n\n\n<p>O texto aprovado tamb\u00e9m prev\u00ea redu\u00e7\u00e3o nas al\u00edquotas do imposto para contribuintes que recebem entre R$ 5 mil e R$ 7.350 mensais, ampliando o alcance dos benef\u00edcios e fortalecendo o poder de compra da classe m\u00e9dia.<\/p>\n\n\n\n<p>O deputado federal Toinho Andrade (Republicanos-TO) comemorou a aprova\u00e7\u00e3o da mat\u00e9ria e destacou o impacto positivo que a mudan\u00e7a trar\u00e1 para a economia nacional.<\/p>\n\n\n\n<p>\u201cEssa mudan\u00e7a representa mais do que um ajuste fiscal: \u00e9 uma conquista social. Com mais dinheiro no bolso, as fam\u00edlias poder\u00e3o consumir mais, movimentar a economia e melhorar sua qualidade de vida. \u00c9 uma vit\u00f3ria para os trabalhadores brasileiros\u201d, afirmou o parlamentar.<\/p>\n\n\n\n<p>A proposta segue agora para aprecia\u00e7\u00e3o no Senado Federal. Caso seja aprovada sem altera\u00e7\u00f5es, a nova tabela do Imposto de Renda poder\u00e1 entrar em vigor j\u00e1 no pr\u00f3ximo ano.<\/p>\n","protected":false},"excerpt":{"rendered":"<p>A C\u00e2mara dos Deputados viveu um momento hist\u00f3rico nesta quarta-feira (1\u00ba) ao aprovar, por unanimidade, o Projeto de Lei que isenta do pagamento do Imposto de Renda (IR) todos os trabalhadores com renda mensal de at\u00e9 R$ 5.000,00. A proposta representa um avan\u00e7o significativo na justi\u00e7a tribut\u00e1ria brasileira e proporcionar\u00e1 al\u00edvio imediato ao or\u00e7amento de &hellip;<\/p>\n","protected":false},"author":5,"featured_media":10898,"comment_status":"open","ping_status":"open","sticky":false,"template":"","format":"standard","meta":{"footnotes":""},"categories":[1],"tags":[],"class_list":["post-11139","post","type-post","status-publish","format-standard","has-post-thumbnail","","category-sem-categoria"],"_links":{"self":[{"href":"https:\/\/focotocantinense.com.br\/index.php?rest_route=\/wp\/v2\/posts\/11139","targetHints":{"allow":["GET"]}}],"collection":[{"href":"https:\/\/focotocantinense.com.br\/index.php?rest_route=\/wp\/v2\/posts"}],"about":[{"href":"https:\/\/focotocantinense.com.br\/index.php?rest_route=\/wp\/v2\/types\/post"}],"author":[{"embeddable":true,"href":"https:\/\/focotocantinense.com.br\/index.php?rest_route=\/wp\/v2\/users\/5"}],"replies":[{"embeddable":true,"href":"https:\/\/focotocantinense.com.br\/index.php?rest_route=%2Fwp%2Fv2%2Fcomments&post=11139"}],"version-history":[{"count":1,"href":"https:\/\/focotocantinense.com.br\/index.php?rest_route=\/wp\/v2\/posts\/11139\/revisions"}],"predecessor-version":[{"id":11141,"href":"https:\/\/focotocantinense.com.br\/index.php?rest_route=\/wp\/v2\/posts\/11139\/revisions\/11141"}],"wp:featuredmedia":[{"embeddable":true,"href":"https:\/\/focotocantinense.com.br\/index.php?rest_route=\/wp\/v2\/media\/10898"}],"wp:attachment":[{"href":"https:\/\/focotocantinense.com.br\/index.php?rest_route=%2Fwp%2Fv2%2Fmedia&parent=11139"}],"wp:term":[{"taxonomy":"category","embeddable":true,"href":"https:\/\/focotocantinense.com.br\/index.php?rest_route=%2Fwp%2Fv2%2Fcategories&post=11139"},{"taxonomy":"post_tag","embeddable":true,"href":"https:\/\/focotocantinense.com.br\/index.php?rest_route=%2Fwp%2Fv2%2Ftags&post=11139"}],"curies":[{"name":"wp","href":"https:\/\/api.w.org\/{rel}","templated":true}]}}