{"id":11132,"date":"2025-10-01T16:56:16","date_gmt":"2025-10-01T19:56:16","guid":{"rendered":"https:\/\/focotocantinense.com.br\/?p=11132"},"modified":"2025-10-01T16:59:35","modified_gmt":"2025-10-01T19:59:35","slug":"escritor-jose-benilson-participa-da-feira-literaria-estudantil-ribeirinha-de-bela-vista","status":"publish","type":"post","link":"https:\/\/focotocantinense.com.br\/?p=11132","title":{"rendered":"Escritor \u00a0Jos\u00e9 Benilson participa da\u00a0 Feira Liter\u00e1ria Estudantil Ribeirinha de Bela Vista"},"content":{"rendered":"\n<figure class=\"wp-block-image size-large is-resized\"><img loading=\"lazy\" decoding=\"async\" width=\"576\" height=\"1024\" src=\"https:\/\/focotocantinense.com.br\/wp-content\/uploads\/2025\/10\/IMG-20251001-WA0286-576x1024.jpg\" alt=\"\" class=\"wp-image-11134\" style=\"width:390px;height:auto\" srcset=\"https:\/\/focotocantinense.com.br\/wp-content\/uploads\/2025\/10\/IMG-20251001-WA0286-576x1024.jpg 576w, https:\/\/focotocantinense.com.br\/wp-content\/uploads\/2025\/10\/IMG-20251001-WA0286-169x300.jpg 169w, https:\/\/focotocantinense.com.br\/wp-content\/uploads\/2025\/10\/IMG-20251001-WA0286.jpg 720w\" sizes=\"auto, (max-width: 576px) 100vw, 576px\" \/><\/figure>\n\n\n\n<p><\/p>\n\n\n\n<p>Representando a Academia Gurupiense de Letras (AGL),&nbsp; o professor, &nbsp;escritor e membro correspondente&nbsp; dessa entidade, Jos\u00e9 Benilson, da cidade de Filad\u00e9lfia, est\u00e1 participando da&nbsp; Feira Liter\u00e1ria Estudantil Ribeirinha de Bela Vista, &nbsp;munic\u00edpio de &nbsp;S\u00e3o Miguel do Tocantins, que come\u00e7ou dia 30 de setembro e vai at\u00e9 &nbsp;03 de outubro, com uma movimentada programa\u00e7\u00e3o cultural.<\/p>\n\n\n\n<p>O autor est\u00e1 aproveitando essa oportunidade para divulgar a segunda edi\u00e7\u00e3o de seu livro&nbsp;<strong>O Barraria<\/strong> (hist\u00f3ria infantil), &nbsp;publicado &nbsp;pela Editora Veloso.<\/p>\n\n\n\n<p><strong>Explica\u00e7\u00e3o<\/strong><\/p>\n\n\n\n<p>Sobre o t\u00edtulo de seu livro,&nbsp; Jos\u00e9 Benilson explica que Barraria \u00e9 uma regi\u00e3o in\u00f3spita, localizada no planalto central brasileiro, ressaltando que a&nbsp; literatura infantil desempenha um papel importante, conduzida por meio de seu livro que \u00e9, na verdade, &nbsp;uma exposi\u00e7\u00e3o dos costumes de um povo que vive e conserva sua tradi\u00e7\u00e3o, superando os contrastes da natureza e se adequando \u00e0 modernidade sem perder sua originalidade.<\/p>\n\n\n\n<p><strong>Contrastes<\/strong><\/p>\n\n\n\n<p>\u201cNa Barraria, existem v\u00e1rios contrastes, um dos que mais chama a aten\u00e7\u00e3o s\u00e3o os per\u00edodos de seca e de chuva. Na seca, as \u00e1rvores &nbsp;secam e caem as folhas. Os riachos, grotas e cacimbas igualmente &nbsp;secam e a \u00e1gua para beber torna-se dif\u00edcil porque se busca em lugares distantes, atrav\u00e9s de tra\u00e7\u00e3o animal ou levada na cabe\u00e7a para casa. Enquanto nos tempos chuvosos, o barro amolece virando um grande lama\u00e7al, as \u00e1rvores ficam frondosas, os sapos fazem festas nas \u00e1guas que transbordam nos riachos, grotas, casinhas e tamb\u00e9m nas po\u00e7as d\u2019\u00e1gua ao redor da casa\u201d, explica o autor.<\/p>\n\n\n\n<figure class=\"wp-block-image size-large\"><img loading=\"lazy\" decoding=\"async\" width=\"576\" height=\"1024\" src=\"https:\/\/focotocantinense.com.br\/wp-content\/uploads\/2025\/10\/cccccccccccccccccccc-576x1024.jpeg\" alt=\"\" class=\"wp-image-11136\" srcset=\"https:\/\/focotocantinense.com.br\/wp-content\/uploads\/2025\/10\/cccccccccccccccccccc-576x1024.jpeg 576w, https:\/\/focotocantinense.com.br\/wp-content\/uploads\/2025\/10\/cccccccccccccccccccc-169x300.jpeg 169w, https:\/\/focotocantinense.com.br\/wp-content\/uploads\/2025\/10\/cccccccccccccccccccc-768x1366.jpeg 768w, https:\/\/focotocantinense.com.br\/wp-content\/uploads\/2025\/10\/cccccccccccccccccccc-864x1536.jpeg 864w, https:\/\/focotocantinense.com.br\/wp-content\/uploads\/2025\/10\/cccccccccccccccccccc.jpeg 899w\" sizes=\"auto, (max-width: 576px) 100vw, 576px\" \/><\/figure>\n\n\n\n<p><\/p>\n\n\n\n<p><strong>Sobre o autor<\/strong><br>Jos\u00e9 Benilson \u00e9 graduado em pedagogia pela Universidade do Estado do Tocantins \u2013 UNITINS. Em 1991, foi respons\u00e1vel pela forma\u00e7\u00e3o do grupo de teatro amador \u201cOs Cobras\u201d, de Filad\u00e9lfia, com 26 participantes, que em 1995 foi inclu\u00eddo no primeiro Censo Cultural do Estado do Tocantins. Atualmente, tamb\u00e9m atua na Biblioteca Municipal da sua cidade, onde desenvolve um bel\u00edssimo trabalho de forma\u00e7\u00e3o de leitores juto \u00e0 comunidade local.<\/p>\n\n\n\n<p><strong>Livros publicados<\/strong><br>Al\u00e9m de \u201c<strong>O Barraria\u201d<\/strong>, &nbsp;o autor t\u00eam publicados os seguintes livros: \u201c<strong>O Mon\u00f3logo do Mauro da Latinha<\/strong>\u201d, \u201c<strong>Noite de primavera em Filad\u00e9lfia<\/strong>\u201d (conto) 2009; \u201c<strong>Dan\u00e7as dos canibais<\/strong>\u201d (poesia) 2010; 2016, e \u201c<strong>Flor de L\u00f3tus<\/strong>\u201d (Cr\u00f4nicas \u2013 2023). &nbsp;Participou, ainda, da \u201c<strong>Antologia Liter\u00e1ria Ruas Vazias \u2013 O coronav\u00edrus em prosa e verso<\/strong> (2020), organizada por Eliosmar Veloso, bem como, de sete edi\u00e7\u00f5es da tradicional \u201c<strong>Antologia Veloso<\/strong>\u201d , publicada no per\u00edodo de 2014 a 2020.<\/p>\n\n\n\n<figure class=\"wp-block-image size-full is-resized\"><img loading=\"lazy\" decoding=\"async\" width=\"727\" height=\"184\" src=\"https:\/\/focotocantinense.com.br\/wp-content\/uploads\/2025\/09\/SHOW-DE-HUMOR-DE-VINICIUS-MARTINS-8.jpeg\" alt=\"\" class=\"wp-image-11129\" style=\"width:840px;height:auto\" srcset=\"https:\/\/focotocantinense.com.br\/wp-content\/uploads\/2025\/09\/SHOW-DE-HUMOR-DE-VINICIUS-MARTINS-8.jpeg 727w, https:\/\/focotocantinense.com.br\/wp-content\/uploads\/2025\/09\/SHOW-DE-HUMOR-DE-VINICIUS-MARTINS-8-300x76.jpeg 300w\" sizes=\"auto, (max-width: 727px) 100vw, 727px\" \/><\/figure>\n","protected":false},"excerpt":{"rendered":"<p>Representando a Academia Gurupiense de Letras (AGL),&nbsp; o professor, &nbsp;escritor e membro correspondente&nbsp; dessa entidade, Jos\u00e9 Benilson, da cidade de Filad\u00e9lfia, est\u00e1 participando da&nbsp; Feira Liter\u00e1ria Estudantil Ribeirinha de Bela Vista, &nbsp;munic\u00edpio de &nbsp;S\u00e3o Miguel do Tocantins, que come\u00e7ou dia 30 de setembro e vai at\u00e9 &nbsp;03 de outubro, com uma movimentada programa\u00e7\u00e3o cultural. O &hellip;<\/p>\n","protected":false},"author":5,"featured_media":11133,"comment_status":"open","ping_status":"open","sticky":false,"template":"","format":"standard","meta":{"footnotes":""},"categories":[1],"tags":[],"class_list":["post-11132","post","type-post","status-publish","format-standard","has-post-thumbnail","","category-sem-categoria"],"_links":{"self":[{"href":"https:\/\/focotocantinense.com.br\/index.php?rest_route=\/wp\/v2\/posts\/11132","targetHints":{"allow":["GET"]}}],"collection":[{"href":"https:\/\/focotocantinense.com.br\/index.php?rest_route=\/wp\/v2\/posts"}],"about":[{"href":"https:\/\/focotocantinense.com.br\/index.php?rest_route=\/wp\/v2\/types\/post"}],"author":[{"embeddable":true,"href":"https:\/\/focotocantinense.com.br\/index.php?rest_route=\/wp\/v2\/users\/5"}],"replies":[{"embeddable":true,"href":"https:\/\/focotocantinense.com.br\/index.php?rest_route=%2Fwp%2Fv2%2Fcomments&post=11132"}],"version-history":[{"count":3,"href":"https:\/\/focotocantinense.com.br\/index.php?rest_route=\/wp\/v2\/posts\/11132\/revisions"}],"predecessor-version":[{"id":11138,"href":"https:\/\/focotocantinense.com.br\/index.php?rest_route=\/wp\/v2\/posts\/11132\/revisions\/11138"}],"wp:featuredmedia":[{"embeddable":true,"href":"https:\/\/focotocantinense.com.br\/index.php?rest_route=\/wp\/v2\/media\/11133"}],"wp:attachment":[{"href":"https:\/\/focotocantinense.com.br\/index.php?rest_route=%2Fwp%2Fv2%2Fmedia&parent=11132"}],"wp:term":[{"taxonomy":"category","embeddable":true,"href":"https:\/\/focotocantinense.com.br\/index.php?rest_route=%2Fwp%2Fv2%2Fcategories&post=11132"},{"taxonomy":"post_tag","embeddable":true,"href":"https:\/\/focotocantinense.com.br\/index.php?rest_route=%2Fwp%2Fv2%2Ftags&post=11132"}],"curies":[{"name":"wp","href":"https:\/\/api.w.org\/{rel}","templated":true}]}}