{"id":1113,"date":"2021-04-17T15:37:18","date_gmt":"2021-04-17T18:37:18","guid":{"rendered":"http:\/\/focotocantinense.com.br\/?p=1113"},"modified":"2021-04-17T15:38:33","modified_gmt":"2021-04-17T18:38:33","slug":"relmivan-milhomem-assume-a-secretaria-de-saude-de-gurupi","status":"publish","type":"post","link":"https:\/\/focotocantinense.com.br\/?p=1113","title":{"rendered":"Relmivan Milhomem assume a Secretaria de Sa\u00fade de Gurupi"},"content":{"rendered":"\n<p>A Prefeita Josi Nunes nomeou o enfermeiro Relmivan Rodrigues Milhomem como o novo Secret\u00e1rio Municipal de Sa\u00fade de Gurupi. O decreto, de n\u00famero 680, foi publicado no Di\u00e1rio Oficial desta sexta-feira, 16.<\/p>\n\n\n\n<p>Relmivan \u00e9 natural de Aragua\u00edna, graduado em enfermagem pelo Instituto Tocantinense Presidente Ant\u00f4nio Carlos (ITPAC) de Aragua\u00edna -TO. (2004). \u00c9 especializado em auditoria em servi\u00e7os de sa\u00fade, pela Faculdade S\u00e3o Camilo do Rio de Janeiro (2010), em sistemas de regula\u00e7\u00e3o em sa\u00fade, pelo Hospital S\u00edrio Liban\u00eas e UFT. \u00c9 Enfermeiro Ozonioterap\u00eauta pela FACOP (2020).<\/p>\n\n\n\n<p>O novo secret\u00e1rio de sa\u00fade de Gurupi tamb\u00e9m \u00e9 auditor em sa\u00fade de cargo efetivo na SES-TO (2010); foi coordenador do Servi\u00e7o de Auditoria do SUS na SES-TO, 2014 a 2017; membro do Conselho Estadual de Sa\u00fade do Tocantins, e do Conselho Municipal de Sa\u00fade de Palmas-TO, 2018 a 2021. Relmivan j\u00e1 atou como superintendente do Minist\u00e9rio da Sa\u00fade no Tocantins, 2018 a 2021, sendo respons\u00e1vel pelas demandas, recebimento e distribui\u00e7\u00e3o das vacinas contra a pandemia para a secretaria de Sa\u00fade do Tocantins.<\/p>\n\n\n\n<p>Relmivan tamb\u00e9m \u00e9 cantor, compositor e instrumentista, lan\u00e7ou o DVD Aldeia Global (2017) e foi Secret\u00e1rio Municipal de Cultura de Aragua\u00edna, entre 2001 e 2008.<\/p>\n\n\n\n<figure class=\"wp-block-image\"><img decoding=\"async\" src=\"https:\/\/www.n1to.com.br\/img\/cache\/800x400\/80\/crop\/Imagem-a5a084eaec1bc3cb420a673a1c2da18c.jpg\" alt=\"\"\/><\/figure>\n","protected":false},"excerpt":{"rendered":"<p>A Prefeita Josi Nunes nomeou o enfermeiro Relmivan Rodrigues Milhomem como o novo Secret\u00e1rio Municipal de Sa\u00fade de Gurupi. O decreto, de n\u00famero 680, foi publicado no Di\u00e1rio Oficial desta sexta-feira, 16. Relmivan \u00e9 natural de Aragua\u00edna, graduado em enfermagem pelo Instituto Tocantinense Presidente Ant\u00f4nio Carlos (ITPAC) de Aragua\u00edna -TO. (2004). \u00c9 especializado em auditoria &hellip;<\/p>\n","protected":false},"author":5,"featured_media":1115,"comment_status":"open","ping_status":"open","sticky":true,"template":"","format":"standard","meta":{"footnotes":""},"categories":[38,1],"tags":[],"class_list":["post-1113","post","type-post","status-publish","format-standard","has-post-thumbnail","","category-gurupi","category-sem-categoria"],"_links":{"self":[{"href":"https:\/\/focotocantinense.com.br\/index.php?rest_route=\/wp\/v2\/posts\/1113","targetHints":{"allow":["GET"]}}],"collection":[{"href":"https:\/\/focotocantinense.com.br\/index.php?rest_route=\/wp\/v2\/posts"}],"about":[{"href":"https:\/\/focotocantinense.com.br\/index.php?rest_route=\/wp\/v2\/types\/post"}],"author":[{"embeddable":true,"href":"https:\/\/focotocantinense.com.br\/index.php?rest_route=\/wp\/v2\/users\/5"}],"replies":[{"embeddable":true,"href":"https:\/\/focotocantinense.com.br\/index.php?rest_route=%2Fwp%2Fv2%2Fcomments&post=1113"}],"version-history":[{"count":1,"href":"https:\/\/focotocantinense.com.br\/index.php?rest_route=\/wp\/v2\/posts\/1113\/revisions"}],"predecessor-version":[{"id":1114,"href":"https:\/\/focotocantinense.com.br\/index.php?rest_route=\/wp\/v2\/posts\/1113\/revisions\/1114"}],"wp:featuredmedia":[{"embeddable":true,"href":"https:\/\/focotocantinense.com.br\/index.php?rest_route=\/wp\/v2\/media\/1115"}],"wp:attachment":[{"href":"https:\/\/focotocantinense.com.br\/index.php?rest_route=%2Fwp%2Fv2%2Fmedia&parent=1113"}],"wp:term":[{"taxonomy":"category","embeddable":true,"href":"https:\/\/focotocantinense.com.br\/index.php?rest_route=%2Fwp%2Fv2%2Fcategories&post=1113"},{"taxonomy":"post_tag","embeddable":true,"href":"https:\/\/focotocantinense.com.br\/index.php?rest_route=%2Fwp%2Fv2%2Ftags&post=1113"}],"curies":[{"name":"wp","href":"https:\/\/api.w.org\/{rel}","templated":true}]}}